{"id":99975,"date":"2025-03-21T05:16:00","date_gmt":"2025-03-21T05:16:00","guid":{"rendered":"http:\/\/hoycordobaweb.com\/index.php\/2025\/03\/21\/dos-medicos-que-asistieron-maradona-cuando-fallecio-declararon-en-el-juicio-que-no-habia-aparatologia-suficiente-para-atenderlo\/"},"modified":"2025-03-21T05:16:00","modified_gmt":"2025-03-21T05:16:00","slug":"dos-medicos-que-asistieron-maradona-cuando-fallecio-declararon-en-el-juicio-que-no-habia-aparatologia-suficiente-para-atenderlo","status":"publish","type":"post","link":"http:\/\/hoycordobaweb.com\/index.php\/2025\/03\/21\/dos-medicos-que-asistieron-maradona-cuando-fallecio-declararon-en-el-juicio-que-no-habia-aparatologia-suficiente-para-atenderlo\/","title":{"rendered":"Dos m\u00e9dicos que asistieron Maradona cuando falleci\u00f3 declararon en el juicio que \u00abno hab\u00eda aparatolog\u00eda suficiente\u00bb para atenderlo"},"content":{"rendered":"<div class=\"media_block\"><\/div>\n<div><img src=\"http:\/\/hoycordobaweb.com\/wp-content\/uploads\/2025\/03\/dos-medicos-que-asistieron-maradona-cuando-fallecio-declararon-en-el-juicio-que-no-habia-aparatologia-suficiente-para-atenderlo.jpg\" class=\"ff-og-image-inserted\"><\/div>\n<p>Dos m\u00e9dicos que asistieron a <a target=\"_blank\" href=\"https:\/\/noticias.perfil.com\/noticias\/opinion\/maradona-el-idolo-pre-ideologico.phtml\" rel=\"noopener noreferrer\"><strong>Diego Armando Maradona<\/strong><\/a> el d\u00eda de su fallecimiento declararon este jueves que \u201c<strong>no hab\u00eda suficiente aparatolog\u00eda\u201d para atenderlo, <\/strong>en el marco de la cuarta audiencia del juicio por la muerte de <a target=\"_blank\" href=\"https:\/\/noticias.perfil.com\/noticias\/informacion-general\/idolos-en-las-antipodas.phtml\" rel=\"noopener noreferrer\">\u00eddolo<\/a>. El pr\u00f3ximo <strong>martes a las 9 <\/strong>se llevar\u00e1 a cabo la quinta audiencia en la que declarar\u00e1n nuevos testigos.<\/p>\n<p>El juicio que busca establecer las responsabilidades en el deceso de Maradona se lleva a cabo en Tribunal Oral en lo Criminal N\u00b03 de San Isidro. <strong>Colin Campbell Irigoyen <\/strong>fue el primer profesional en prestar testimonio ante los jueces Maximiliano Savarino, Ver\u00f3nica Di Tomasso y Julieta Makintach.<\/p>\n<p>\u00abLlegu\u00e9, le estaban haciendo maniobras de reanimaci\u00f3n y <strong>me sum\u00e9 con un tensi\u00f3metro y un estetoscopio<\/strong>. Ya <strong>estaba muerto desde hac\u00eda un par de horas<\/strong>\u00ab, sostuvo Campbell Irigoyen, quien era vecino de Maradona en el country San Andr\u00e9s, de la localidad de Tigre. Adem\u00e1s, fue el primer facultativo que arrib\u00f3 a la residencia donde se encontraba el exjugador.<strong> \u00abLo vi fr\u00edo y no reaccionaba a nada\u00bb<\/strong>, agreg\u00f3 m\u00e9dico. <\/p>\n<div class=\"subscription\" readability=\"6.683257918552\">\n<p> Esto no les gusta a los autoritarios <\/p>\n<div class=\"subscription__container\" readability=\"6.1467391304348\">\n<div class=\"subscription__text-wrapper\" readability=\"31.20652173913\">\n<p> El ejercicio del periodismo profesional y cr\u00edtico es un pilar fundamental de la democracia. Por eso molesta a quienes creen ser los due\u00f1os de la verdad. <\/p>\n<\/p><\/div><\/div><\/div>\n<p class=\"destacadoNota\"><a target=\"_blank\" href=\"https:\/\/perfil.com\/noticias\/judiciales\/juicio-por-la-muerte-de-diego-maradona-el-primer-policia-que-vio-el-cuerpo-aseguro-que-el-diez-tenia-el-abdomen-a-punto-de-explotar.phtml\" rel=\"noopener noreferrer\">Juicio por la muerte de Maradona: el primer polic\u00eda que vio el cuerpo asegur\u00f3 que estaba \u00aba punto de explotar\u00bb<\/a><\/p>\n<p>Campbell Irigoyen habr\u00eda llegado al lugar a partir de una llamada del psic\u00f3logo <strong>Carlos D\u00edaz<\/strong>, quien es <strong>uno de los <a target=\"_blank\" href=\"https:\/\/www.perfil.com\/noticias\/policia\/juicio-por-la-muerte-de-diego-maradona-uno-por-uno-quienes-son-los-acusados-y-que-roles-habrian-tenido.phtml\" rel=\"noopener noreferrer\">siete imputados<\/a><\/strong> por el presunto <strong>homicidio simple con dolo eventual <\/strong>de Maradona. D\u00edaz se hab\u00eda contactado con la guardia para averiguar si hab\u00eda un m\u00e9dico en el barrio cerrado que se pueda acercar y revisar al &#8217;10&#8217;, se\u00f1al\u00f3 la fuente a la <em>Agencia Noticias Argentinas<\/em>.<\/p>\n<p>El otro de los testimonios aportados este jueves fue el de <strong>Juan Carlos Pinto<\/strong>, m\u00e9dico de la empresa especializada en emergencias m\u00e9dicas +Vida. Pinto resalt\u00f3 que en la casa Maradona <strong>\u00abno hab\u00eda la aparatolog\u00eda suficiente para atender al paciente\u00bb<\/strong>. <\/p>\n<p class=\"destacadoNota\"><a target=\"_blank\" href=\"https:\/\/exitoina.perfil.com\/noticias\/escandalo\/el-fuerte-descargo-de-gianinna-maradona-tras-el-juicio-por-la-muerte-de-diego-maradona-no-se-lo-deseo-a-nadie.phtml\" rel=\"noopener noreferrer\">El fuerte descargo de Gianinna Maradona tras el juicio por la muerte de Diego Maradona: \u00abNo se lo deseo a nadie\u00bb<\/a><\/p>\n<p>Pinto fue quien firm\u00f3 el certificado de defunci\u00f3n a las 13:15, al tiempo que le comunic\u00f3 a la familia la triste noticia: <strong>\u00abNo quer\u00edan aceptar que hab\u00eda muerto\u00bb, relat\u00f3<\/strong>. El m\u00e9dico se\u00f1al\u00f3 que utiliz\u00f3 un desfibrilador para reanimarlo, pero no tuvo \u00e9xito.<\/p>\n<p>\u00ab<strong>Hac\u00eda rato que estaba muerto. M\u00e1s de dos horas aproximadamente.<\/strong> Lo digo por varias razones: por los signos de rigidez que ten\u00eda, su postura cadav\u00e9rica, que se hace m\u00e1s manifiesta a partir de las dos horas, y porque ten\u00eda manchas cadav\u00e9ricas en la espalda\u00bb, expuso.<\/p>\n<p><em>LM\/ML<\/em> <\/p>\n","protected":false},"excerpt":{"rendered":"<p>Dos m\u00e9dicos que asistieron a Diego Armando Maradona el d\u00eda de su fallecimiento declararon este jueves que \u201cno hab\u00eda suficiente aparatolog\u00eda\u201d para atenderlo, en el marco de la cuarta audiencia del juicio por la muerte de \u00eddolo. El pr\u00f3ximo martes a las 9 se llevar\u00e1 a cabo la quinta audiencia en la que declarar\u00e1n nuevos [&hellip;]<\/p>\n","protected":false},"author":1,"featured_media":99976,"comment_status":"closed","ping_status":"closed","sticky":false,"template":"","format":"standard","meta":[],"categories":[19],"tags":[1090,1089,1087,1088],"_links":{"self":[{"href":"http:\/\/hoycordobaweb.com\/index.php\/wp-json\/wp\/v2\/posts\/99975"}],"collection":[{"href":"http:\/\/hoycordobaweb.com\/index.php\/wp-json\/wp\/v2\/posts"}],"about":[{"href":"http:\/\/hoycordobaweb.com\/index.php\/wp-json\/wp\/v2\/types\/post"}],"author":[{"embeddable":true,"href":"http:\/\/hoycordobaweb.com\/index.php\/wp-json\/wp\/v2\/users\/1"}],"replies":[{"embeddable":true,"href":"http:\/\/hoycordobaweb.com\/index.php\/wp-json\/wp\/v2\/comments?post=99975"}],"version-history":[{"count":0,"href":"http:\/\/hoycordobaweb.com\/index.php\/wp-json\/wp\/v2\/posts\/99975\/revisions"}],"wp:featuredmedia":[{"embeddable":true,"href":"http:\/\/hoycordobaweb.com\/index.php\/wp-json\/wp\/v2\/media\/99976"}],"wp:attachment":[{"href":"http:\/\/hoycordobaweb.com\/index.php\/wp-json\/wp\/v2\/media?parent=99975"}],"wp:term":[{"taxonomy":"category","embeddable":true,"href":"http:\/\/hoycordobaweb.com\/index.php\/wp-json\/wp\/v2\/categories?post=99975"},{"taxonomy":"post_tag","embeddable":true,"href":"http:\/\/hoycordobaweb.com\/index.php\/wp-json\/wp\/v2\/tags?post=99975"}],"curies":[{"name":"wp","href":"https:\/\/api.w.org\/{rel}","templated":true}]}}