{"id":99973,"date":"2025-03-20T22:30:24","date_gmt":"2025-03-20T22:30:24","guid":{"rendered":"https:\/\/www.trendencias.com\/psicologia\/he-tenido-dia-mierda-como-quejarse-puede-ser-llave-cambio-que-nos-lleve-a-ser-felices"},"modified":"2025-03-20T22:30:24","modified_gmt":"2025-03-20T22:30:24","slug":"he-tenido-un-dia-de-mierda-o-como-quejarse-puede-ser-la-llave-del-cambio-que-nos-lleve-a-ser-mas-felices","status":"publish","type":"post","link":"http:\/\/hoycordobaweb.com\/index.php\/2025\/03\/20\/he-tenido-un-dia-de-mierda-o-como-quejarse-puede-ser-la-llave-del-cambio-que-nos-lleve-a-ser-mas-felices\/","title":{"rendered":"\u201cHe tenido un d\u00eda de mierda\u201d o c\u00f3mo quejarse puede ser la llave del cambio que nos lleve a ser m\u00e1s felices"},"content":{"rendered":"<p>Si hay un sitio donde nos quejamos especialmente es en el trabajo. En parte porque all\u00ed pasamos muchas horas. Con suerte solo ocho, pero puede que m\u00e1s, que la casa no se paga sola. Nos quejamos de las horas, del sueldo, del jefe, del compa\u00f1ero vago, de la cantidad de trabajo, de la responsabilidad, del ambiente laboral, de que no nos expliquen los cambios, de los cambios en s\u00ed, de las herramientas con las que trabajamos, de la silla\u2026 Aunque tambi\u00e9n nos quejamos fuera del trabajo. En general <a rel=\"noopener, noreferrer\" href=\"https:\/\/www.nuevaeconomiaforum.org\/noticias\/espana-es-uno-de-los-paises-de-la-ue-que-mas-quejas-envia-al-defensor-del-pueblo-europeo\"><u>Espa\u00f1a es un pa\u00eds asentado en la queja<\/u><\/a>.<\/p>\n<p><!-- BREAK 1 --> <\/p>\n<h2>El efecto f\u00edsico y mental de la queja mantenida<\/h2>\n<p>La mala noticia es que <strong>quejarse tiene efectos en nuestro estado de \u00e1nimo, nuestros niveles de estr\u00e9s y tambi\u00e9n en nuestro cerebro<\/strong>. <a rel=\"noopener, noreferrer\" href=\"https:\/\/news.stanford.edu\/pr\/96\/960814shrnkgbrain.html\"><u>La Universidad de Stanford demostr\u00f3<\/u><\/a> que 30 minutos de quejas al d\u00eda puede da\u00f1ar nuestras neuronas del hipocampo, y que el encogimiento del hipocampo tiene una relaci\u00f3n directa entre las experiencias de vida estresantes, y su exposici\u00f3n a largo plazo, a las hormonas producidas durante el estr\u00e9s. Y cuidado porque no solo pasa si nos quejamos, tambi\u00e9n si escuchamos la queja a diario.<\/p>\n<p><!-- BREAK 2 --><\/p>\n<div class=\"article-asset article-asset-normal article-asset-center\">\n<div class=\"desvio-container\">\n<div class=\"desvio\">\n<div class=\"desvio-figure js-desvio-figure\"> <a href=\"https:\/\/www.trendencias.com\/sexo-y-relaciones\/gente-maleducada-usa-estas-frases-pensando-que-normales-demuestran-su-inmadurez-emocional\" class=\"pivot-outboundlink\" data-vars-post-title=\"La gente maleducada usa estas frases pensando que son \u201cnormales\u201d. Demuestran su inmadurez emocional\"> <img loading=\"lazy\" alt=\"La gente maleducada usa estas frases pensando que son \u201cnormales\u201d. Demuestran su inmadurez emocional\" width=\"375\" height=\"142\" src=\"http:\/\/hoycordobaweb.com\/wp-content\/uploads\/2025\/03\/he-tenido-un-dia-de-mierda-o-como-quejarse-puede-ser-la-llave-del-cambio-que-nos-lleve-a-ser-mas-felices.jpg\"> <\/a> <\/div><\/div><\/div>\n<\/div>\n<p>Hablamos de <a rel=\"noopener, noreferrer\" href=\"https:\/\/theconversation.com\/psicologia-de-la-queja-el-desgaste-mental-y-emocional-de-lamentarse-por-todo-en-todas-partes-239234\"><u>un lamento cr\u00f3nico que tiene efectos nocivos <\/u><\/a>sobre nuestra salud mental y f\u00edsica. Hablamos de quejarnos por norma y de absolutamente todo, de quejarnos a diario y como una costumbre diaria y algo que <a rel=\"noopener, noreferrer\" href=\"https:\/\/jst.org.in\/index.php\/pub\/article\/view\/883\"><u>empeora con el uso y abuso de las redes sociales<\/u><\/a>. Seg\u00fan Will Bowen, autor de varios libros sobre el tema de las quejas como \u2018<a rel=\"nofollow, sponsored, noopener, noreferrer noopener\" target=\"_blank\" class=\"js-ecommerce\" id=\"link-ecommerce-1\" href=\"https:\/\/www.trendencias.com\/redirect?url=https%3A%2F%2Fwww.amazon.es%2Fmundo-sin-quejas-Will-Bowen-ebook%2Fdp%2FB0C62CJ9QX&amp;category=psicologia&amp;ecomPostExpiration=everlasting&amp;postId=641387\" data-vars-affiliate-url=\"https:\/\/www.amazon.es\/mundo-sin-quejas-Will-Bowen-ebook\/dp\/B0C62CJ9QX\"><u>Un mundo sin quejas<\/u><\/a>\u2019 , las personas se quejan un promedio de 15 a 30 veces al d\u00eda. Pero quejarse de vez en cuando, \u00bfes tan malo?<\/p>\n<p><!-- BREAK 3 --> <\/p>\n<h2>En defensa de la queja puntual<\/h2>\n<p>Quejarse es un fen\u00f3meno cotidiano, normalizado y universal. Es una parte normal y corriente de cualquier persona, una funci\u00f3n adaptativa del ser humano. <a rel=\"noopener, noreferrer\" href=\"https:\/\/citeseerx.ist.psu.edu\/document?repid=rep1&amp;type=pdf&amp;doi=a49510edf32c7bd1064157d49b9861aa9538bfb4\"><u>Se ha observado<\/u><\/a> que <strong>con la queja estamos buscando que nuestra opini\u00f3n sea aprobada, que nos escuchen, que nos validen<\/strong> incluso. <a rel=\"noopener, noreferrer\" href=\"https:\/\/theconversation.com\/psicologia-de-la-queja-el-desgaste-mental-y-emocional-de-lamentarse-por-todo-en-todas-partes-239234\"><u>Algunos expertos consideran<\/u><\/a> que la queja act\u00faa como un mecanismo de afrontamiento ante problemas o conflictos, y que al llevarlas a cabo, liberamos tensiones.<\/p>\n<p><!-- BREAK 4 --><\/p>\n<p>Como humanos, los pensamientos negativos tienden a llamar nuestra <a rel=\"noopener, noreferrer\" href=\"https:\/\/www.psychologytoday.com\/us\/basics\/attention\"><u>atenci\u00f3n<\/u><\/a> m\u00e1s que los positivos por el <a rel=\"noopener, noreferrer\" href=\"https:\/\/www.psychologytoday.com\/us\/basics\/bias\"><u>sesgo<\/u><\/a> de negatividad, por lo que no es de extra\u00f1ar que tengamos esa tentaci\u00f3n de quedarnos en la queja. El problema, como ve\u00edamos antes, es que la queja lo invada todo. Pero <strong>que termine un d\u00eda en el que nos ha pasado de todo y afirmar que hemos tenido un d\u00eda de mierda no es quejarse de forma gratuita<\/strong>, es dar espacio a la protesta en uno de tus d\u00edas.<\/p>\n<p><!-- BREAK 5 --><\/p>\n<div class=\"article-asset-image article-asset-normal article-asset-center\">\n<div class=\"asset-content\"> <img class=\"centro_sinmarco\" height=\"688\" width=\"1280\" loading=\"lazy\" decoding=\"async\" sizes=\"100vw\" fetchpriority=\"high\" srcset=\"http:\/\/hoycordobaweb.com\/wp-content\/uploads\/2025\/03\/he-tenido-un-dia-de-mierda-o-como-quejarse-puede-ser-la-llave-del-cambio-que-nos-lleve-a-ser-mas-felices-1.jpg 450w, http:\/\/hoycordobaweb.com\/wp-content\/uploads\/2025\/03\/he-tenido-un-dia-de-mierda-o-como-quejarse-puede-ser-la-llave-del-cambio-que-nos-lleve-a-ser-mas-felices-4.jpg 681w, http:\/\/hoycordobaweb.com\/wp-content\/uploads\/2025\/03\/he-tenido-un-dia-de-mierda-o-como-quejarse-puede-ser-la-llave-del-cambio-que-nos-lleve-a-ser-mas-felices-5.jpg 1024w, http:\/\/hoycordobaweb.com\/wp-content\/uploads\/2025\/03\/he-tenido-un-dia-de-mierda-o-como-quejarse-puede-ser-la-llave-del-cambio-que-nos-lleve-a-ser-mas-felices-6.jpg 1366w\" src=\"http:\/\/hoycordobaweb.com\/wp-content\/uploads\/2025\/03\/he-tenido-un-dia-de-mierda-o-como-quejarse-puede-ser-la-llave-del-cambio-que-nos-lleve-a-ser-mas-felices-1.jpg\" alt=\"Quejarse En El Trabajo Para Cambiar 1\"> <noscript><img alt=\"Quejarse En El Trabajo Para Cambiar 1\" class=\"centro_sinmarco\" src=\"http:\/\/hoycordobaweb.com\/wp-content\/uploads\/2025\/03\/he-tenido-un-dia-de-mierda-o-como-quejarse-puede-ser-la-llave-del-cambio-que-nos-lleve-a-ser-mas-felices-1.jpg\"><\/noscript> <\/div>\n<\/div>\n<p>Te pongo un ejemplo. Te levantas despu\u00e9s de que el despertador no te haya sonado. Vas &nbsp;tarde desde antes incluso de salir de la cama. Te duchas, pero hay una aver\u00eda que te ha dejado sin agua caliente. Sales de la ducha, te vistes y cuando est\u00e1s terminando de tomarte el caf\u00e9 m\u00e1s r\u00e1pido del d\u00eda, te das cuenta de que has manchado la camisa. Te cambias, sales escopetada de casa y al llegar al trabajo lo primero que recibes no es un buenos d\u00edas sino una bronca por un error en el proyecto que entregaste ayer y que para terminar a tiempo, tuviste que quedarte hasta las 9 de la noche trabajando. Suspiras resignada y vas a tu mesa. El d\u00eda comienza a costarte cada vez m\u00e1s, pero sigues. Comes sentada delante del ordenador. Te vas, de nuevo, una hora m\u00e1s tarde de lo que deber\u00edas. El metro est\u00e1 hasta arriba y un se\u00f1oro te intenta arrimar cebolleta. Te mueves hasta alejarte. Cuando llegas a casa de vuelta en la nevera solo te queda un lim\u00f3n, dos lonchas de queso y una pera, as\u00ed que te haces un s\u00e1ndwich con la \u00fanica idea en la cabeza de meterte en la cama y que este d\u00eda de mierda termine.<\/p>\n<p><!-- BREAK 6 --> <\/p>\n<p>Ese d\u00eda bien merece una queja. Y no estoy diciendo que tengamos que quejarnos a diario, sino que no pasa nada por quejarnos de que hemos tenido un d\u00eda de mierda cuando lo hemos tenido. Es como estar triste. \u00bfAcaso no tengo derecho a estarlo? Si hubiera tenido un d\u00eda como el descrito, me quejar\u00eda de pura rabia, frustraci\u00f3n y desesperaci\u00f3n. <strong>A veces solo nos quejamos porque es una forma de lidiar con emociones complicadas<\/strong> como la tristeza. Y si esa queja no se convierte en un h\u00e1bito diario no te preocupes que quejarse no va a matar a nadie.<\/p>\n<p><!-- BREAK 7 --><\/p>\n<div class=\"article-asset article-asset-normal article-asset-center\">\n<div class=\"desvio-container\">\n<div class=\"desvio\">\n<div class=\"desvio-figure js-desvio-figure\"> <a href=\"https:\/\/www.trendencias.com\/familia-maternidad-y-ninos\/ninos-mejores-habilidades-sociales-tienen-padres-que-hacen-estas-siete-cosas\" class=\"pivot-outboundlink\" data-vars-post-title=\"Los ni\u00f1os con mejores habilidades sociales tienen padres que hacen estas siete cosas\"> <img loading=\"lazy\" alt=\"Los ni\u00f1os con mejores habilidades sociales tienen padres que hacen estas siete cosas\" width=\"375\" height=\"142\" src=\"http:\/\/hoycordobaweb.com\/wp-content\/uploads\/2025\/03\/he-tenido-un-dia-de-mierda-o-como-quejarse-puede-ser-la-llave-del-cambio-que-nos-lleve-a-ser-mas-felices-2.jpg\"> <\/a> <\/div><\/div><\/div>\n<\/div>\n<h2>La queja como motor de cambio<\/h2>\n<p>Una reflexi\u00f3n m\u00e1s. El Doctor <a rel=\"noopener, noreferrer\" href=\"https:\/\/www.guywinch.com\/\"><u>Guy Winch<\/u><\/a>, psic\u00f3logo y autor de \u2018<a rel=\"nofollow, sponsored, noopener, noreferrer noopener\" target=\"_blank\" class=\"js-ecommerce\" id=\"link-ecommerce-2\" href=\"https:\/\/www.trendencias.com\/redirect?url=https%3A%2F%2Fwww.amazon.es%2FSqueaky-Wheel-Complaining-Relationships-Self-Esteem%2Fdp%2F1976342139&amp;category=psicologia&amp;ecomPostExpiration=everlasting&amp;postId=641387\" data-vars-affiliate-url=\"https:\/\/www.amazon.es\/Squeaky-Wheel-Complaining-Relationships-Self-Esteem\/dp\/1976342139\"><u>The Squeaky Wheel<\/u><\/a>\u2019 asegura que como sociedad nos quejamos demasiado, pero que el verdadero problema no reside ah\u00ed, sino en que nos quejamos mal. \u201cHemos perdido el sentido de la queja; en cambio, la usamos como un ejercicio para desahogarnos, y eso tiene consecuencias\u201d, explica en su libro. Desahogarse busca validaci\u00f3n y compasi\u00f3n y <strong>quejarse tiene otro objetivo que es que alguien haga algo diferente<\/strong>, en muchos casos.<\/p>\n<p><!-- BREAK 8 --><\/p>\n<p>Puede que estemos usando la queja para pedir un cambio. Un cambio en las condiciones laborales, un cambio en las relaciones, un cambio en la sociedad. Puede que esa queja sea el primer paso antes de hacer algo para que se produzca. Como <a rel=\"noopener, noreferrer\" href=\"https:\/\/www.rac1.cat\/societat\/20220601\/4112128177904\/beneficis-queixa-dret-queixar-nos-psicologia-negatiu-positiu-malestar.html\"><u>dec\u00eda el psic\u00f3logo y mediador Javier Wilhelm<\/u><\/a>, la clave es que la queja est\u00e9 ligada a la acci\u00f3n y la corresponsabilizaci\u00f3n. As\u00ed que <strong>no te acostumbres a quejarte todos los d\u00edas sin cambiar t\u00fa en el proceso<\/strong>. Que la queja sea esa voz de alerta de que es necesario hacer las cosas de manera diferente para dejar de estar inc\u00f3modos en una situaci\u00f3n.<\/p>\n<p><!-- BREAK 9 --><\/p>\n<p><em>Nota: algunos de los enlaces de este art\u00edculo son afiliados y pueden reportar un beneficio a Trendencias.<\/em><\/p>\n<p>Fotos | Bad Teacher (2011)<\/p>\n<p>En Trendencias | <a class=\"text-outboundlink\" href=\"https:\/\/www.trendencias.com\/propuestas-y-consejos\/107-adivinanzas-originales-respuesta-incluida\" data-vars-post-title=\"112 adivinanzas originales con respuesta incluida\" data-vars-post-url=\"https:\/\/www.trendencias.com\/propuestas-y-consejos\/107-adivinanzas-originales-respuesta-incluida\"><u>112 adivinanzas originales con respuesta incluida<\/u><\/a><\/p>\n<p>En Trendencias | <a class=\"text-outboundlink\" href=\"https:\/\/www.trendencias.com\/sexo-y-relaciones\/17-senales-que-indican-que-hay-atraccion-companeros-trabajo\" data-vars-post-title=\"Las 18 se\u00f1ales que indican que hay atracci\u00f3n entre compa\u00f1eros de trabajo\" data-vars-post-url=\"https:\/\/www.trendencias.com\/sexo-y-relaciones\/17-senales-que-indican-que-hay-atraccion-companeros-trabajo\"><u>Las 18 se\u00f1ales que indican que hay atracci\u00f3n entre compa\u00f1eros de trabajo<\/u><\/a><\/p>\n","protected":false},"excerpt":{"rendered":"<p>Si hay un sitio donde nos quejamos especialmente es en el trabajo. En parte porque all\u00ed pasamos muchas horas. Con suerte solo ocho, pero puede que m\u00e1s, que la casa no se paga sola. Nos quejamos de las horas, del sueldo, del jefe, del compa\u00f1ero vago, de la cantidad de trabajo, de la responsabilidad, del [&hellip;]<\/p>\n","protected":false},"author":1,"featured_media":99974,"comment_status":"closed","ping_status":"closed","sticky":false,"template":"","format":"standard","meta":[],"categories":[],"tags":[],"_links":{"self":[{"href":"http:\/\/hoycordobaweb.com\/index.php\/wp-json\/wp\/v2\/posts\/99973"}],"collection":[{"href":"http:\/\/hoycordobaweb.com\/index.php\/wp-json\/wp\/v2\/posts"}],"about":[{"href":"http:\/\/hoycordobaweb.com\/index.php\/wp-json\/wp\/v2\/types\/post"}],"author":[{"embeddable":true,"href":"http:\/\/hoycordobaweb.com\/index.php\/wp-json\/wp\/v2\/users\/1"}],"replies":[{"embeddable":true,"href":"http:\/\/hoycordobaweb.com\/index.php\/wp-json\/wp\/v2\/comments?post=99973"}],"version-history":[{"count":0,"href":"http:\/\/hoycordobaweb.com\/index.php\/wp-json\/wp\/v2\/posts\/99973\/revisions"}],"wp:featuredmedia":[{"embeddable":true,"href":"http:\/\/hoycordobaweb.com\/index.php\/wp-json\/wp\/v2\/media\/99974"}],"wp:attachment":[{"href":"http:\/\/hoycordobaweb.com\/index.php\/wp-json\/wp\/v2\/media?parent=99973"}],"wp:term":[{"taxonomy":"category","embeddable":true,"href":"http:\/\/hoycordobaweb.com\/index.php\/wp-json\/wp\/v2\/categories?post=99973"},{"taxonomy":"post_tag","embeddable":true,"href":"http:\/\/hoycordobaweb.com\/index.php\/wp-json\/wp\/v2\/tags?post=99973"}],"curies":[{"name":"wp","href":"https:\/\/api.w.org\/{rel}","templated":true}]}}