{"id":99896,"date":"2025-03-19T14:49:49","date_gmt":"2025-03-19T14:49:49","guid":{"rendered":"https:\/\/cordobaturismo.gov.ar\/?p=896554"},"modified":"2025-03-19T14:49:49","modified_gmt":"2025-03-19T14:49:49","slug":"entrevinos-el-dia-del-vino-en-traslasierra","status":"publish","type":"post","link":"http:\/\/hoycordobaweb.com\/index.php\/2025\/03\/19\/entrevinos-el-dia-del-vino-en-traslasierra\/","title":{"rendered":"EntreVinos: El D\u00eda del Vino en Traslasierra"},"content":{"rendered":"<p>El pr\u00f3ximo 29 de marzo,el Valle de Traslasierra se viste de fiesta con la llegada de EntreVinos, un evento que celebra la cultura vitivin\u00edcola regional en un entorno \u00fanico como Finca La Juliana, en San Javier.<\/p>\n<p>EntreVinos es m\u00e1s que un evento; es un homenaje a los vi\u00f1edos de altura y la diversidad de suelos que definen los vinos frescos y vibrantes de Traslasierra. Este encuentro re\u00fane a bodegas, vi\u00f1ateros, en\u00f3logos, sommeliers, chefs y productores locales en una jornada dedicada a compartir la pasi\u00f3n por el vino y la producci\u00f3n artesanal.<\/p>\n<p>Los asistentes podr\u00e1n disfrutar de una variedad de actividades que incluyen la presentaci\u00f3n de bodegas destacadas, degustaciones dirigidas por expertos en enolog\u00eda, catas a ciegas para explorar nuevas experiencias sensoriales, y un mercado de productores locales. Adem\u00e1s, la jornada estar\u00e1 amenizada con m\u00fasica en vivo y otras sorpresas.<\/p>\n<p><strong>Detalles del Evento:<\/strong><\/p>\n<ul class=\"wp-block-list\">\n<li><strong>Fecha:<\/strong> 29 de marzo de 18:00 horas en adelante<\/li>\n<li><strong>Lugar:<\/strong> Finca La Juliana, San Javier, Traslasierra<\/li>\n<li><strong>Actividades:<\/strong> Presentaci\u00f3n de bodegas, degustaciones dirigidas, catas a ciegas, mercado de productores locales, m\u00fasica en vivo, y m\u00e1s.<\/li>\n<\/ul>\n<p><strong>Entradas:<\/strong> Las entradas est\u00e1n disponibles en l\u00ednea a trav\u00e9s de Passline.<\/p>\n<p>No te pierdas la oportunidad de vivir el mejor atardecer de Traslasierra entre vi\u00f1edos y vinos de car\u00e1cter \u00fanico. Para m\u00e1s informaci\u00f3n y contacto, puedes comunicarte al +3544 661287.<\/p>\n<figure class=\"wp-block-image aligncenter size-large\"><img loading=\"lazy\" fetchpriority=\"high\" decoding=\"async\" width=\"819\" height=\"1024\" src=\"http:\/\/hoycordobaweb.com\/wp-content\/uploads\/2025\/03\/entrevinos-el-dia-del-vino-en-traslasierra.jpg\" alt class=\"wp-image-896555\" srcset=\"http:\/\/hoycordobaweb.com\/wp-content\/uploads\/2025\/03\/entrevinos-el-dia-del-vino-en-traslasierra.jpg 819w, http:\/\/hoycordobaweb.com\/wp-content\/uploads\/2025\/03\/entrevinos-el-dia-del-vino-en-traslasierra-1.jpg 240w, http:\/\/hoycordobaweb.com\/wp-content\/uploads\/2025\/03\/entrevinos-el-dia-del-vino-en-traslasierra-2.jpg 768w, http:\/\/hoycordobaweb.com\/wp-content\/uploads\/2025\/03\/entrevinos-el-dia-del-vino-en-traslasierra-3.jpg 1080w\" sizes=\"(max-width: 819px) 100vw, 819px\"><\/figure>\n","protected":false},"excerpt":{"rendered":"<p>El pr\u00f3ximo 29 de marzo,el Valle de Traslasierra se viste de fiesta con la llegada de EntreVinos, un evento que celebra la cultura vitivin\u00edcola regional en un entorno \u00fanico como Finca La Juliana, en San Javier. EntreVinos es m\u00e1s que un evento; es un homenaje a los vi\u00f1edos de altura y la diversidad de suelos [&hellip;]<\/p>\n","protected":false},"author":1,"featured_media":99897,"comment_status":"closed","ping_status":"closed","sticky":false,"template":"","format":"standard","meta":[],"categories":[19],"tags":[],"_links":{"self":[{"href":"http:\/\/hoycordobaweb.com\/index.php\/wp-json\/wp\/v2\/posts\/99896"}],"collection":[{"href":"http:\/\/hoycordobaweb.com\/index.php\/wp-json\/wp\/v2\/posts"}],"about":[{"href":"http:\/\/hoycordobaweb.com\/index.php\/wp-json\/wp\/v2\/types\/post"}],"author":[{"embeddable":true,"href":"http:\/\/hoycordobaweb.com\/index.php\/wp-json\/wp\/v2\/users\/1"}],"replies":[{"embeddable":true,"href":"http:\/\/hoycordobaweb.com\/index.php\/wp-json\/wp\/v2\/comments?post=99896"}],"version-history":[{"count":0,"href":"http:\/\/hoycordobaweb.com\/index.php\/wp-json\/wp\/v2\/posts\/99896\/revisions"}],"wp:featuredmedia":[{"embeddable":true,"href":"http:\/\/hoycordobaweb.com\/index.php\/wp-json\/wp\/v2\/media\/99897"}],"wp:attachment":[{"href":"http:\/\/hoycordobaweb.com\/index.php\/wp-json\/wp\/v2\/media?parent=99896"}],"wp:term":[{"taxonomy":"category","embeddable":true,"href":"http:\/\/hoycordobaweb.com\/index.php\/wp-json\/wp\/v2\/categories?post=99896"},{"taxonomy":"post_tag","embeddable":true,"href":"http:\/\/hoycordobaweb.com\/index.php\/wp-json\/wp\/v2\/tags?post=99896"}],"curies":[{"name":"wp","href":"https:\/\/api.w.org\/{rel}","templated":true}]}}