{"id":99870,"date":"2025-03-19T14:31:34","date_gmt":"2025-03-19T14:31:34","guid":{"rendered":"https:\/\/www.ole.com.ar\/boca-juniors\/boca-palermo-sorteo-libertadores-redes-francisco-sa_0_g2J2tUoAWs.html"},"modified":"2025-03-19T14:31:34","modified_gmt":"2025-03-19T14:31:34","slug":"el-encuentro-copero-de-palermo-con-pancho-sa-cuatro-de-las-seis-libertadores-de-boca-en-una-foto","status":"publish","type":"post","link":"http:\/\/hoycordobaweb.com\/index.php\/2025\/03\/19\/el-encuentro-copero-de-palermo-con-pancho-sa-cuatro-de-las-seis-libertadores-de-boca-en-una-foto\/","title":{"rendered":"El encuentro copero de Palermo con Pancho S\u00e1: cuatro de las seis Libertadores de Boca en una foto"},"content":{"rendered":"<p><img src=\"http:\/\/hoycordobaweb.com\/wp-content\/uploads\/2025\/03\/el-encuentro-copero-de-palermo-con-pancho-sa-cuatro-de-las-seis-libertadores-de-boca-en-una-foto.jpg\"><\/p>\n<p><time class=\"createDate\" datetime=\"2025-03-19T11:31:34-03:00\">19\/03\/2025 11:31hs.<\/time><\/p>\n<div id=\"storyBody\">\n<div class=\"custom-text \" readability=\"29.798927613941\">\n<p>Pas\u00f3 el sorteo de la <a href=\"https:\/\/www.ole.com.ar\/tema\/copa-libertadores.html\" title=\"Copa Libertadores\" alt=\"Copa Libertadores\" class=\"slug\">Copa Libertadores<\/a>. Y si bien <a href=\"https:\/\/www.ole.com.ar\/tema\/boca-juniors.html\" title=\"Boca Juniors\" alt=\"Boca Juniors\" class=\"slug\">Boca<\/a> no estuvo en los bolilleros, su presencia se hizo notar de otra manera, con los jugadores que marcaron la historia del club y de la competencia. <a href=\"https:\/\/www.ole.com.ar\/boca-juniors\/sebastian-battaglia-boca-homenaje-copa-libertadores-conmebol-palos_0_tniv0dKmyz.html\" target=\"_self\" title=\"Sebasti\u00e1n Battaglia fue homenajeado por la Conmebol\" alt=\"Sebasti\u00e1n Battaglia fue homenajeado por la Conmebol\" rel=\"noopener noreferrer\">Sebasti\u00e1n Battaglia fue homenajeado por la Conmebol<\/a>, mientras que<a href=\"https:\/\/www.ole.com.ar\/tema\/martin-palermo.html\" title=\"Mart\u00edn Palermo\" alt=\"Mart\u00edn Palermo\" class=\"slug\"> Mart\u00edn Palermo<\/a> asisti\u00f3 en su rol de DT de Olimpia, equipo con el que se consagr\u00f3 campe\u00f3n en Paraguay.<\/p>\n<\/div>\n<div class=\"custom-text \" readability=\"37.5\">\n<p>Pero lo mejor vino despu\u00e9s. Porque en plena gala, el Tit\u00e1n tuvo un encuentro especial. De esos que respiran historia, que tienen el peso de la gloria. <strong>Se cruz\u00f3 con <a href=\"https:\/\/www.ole.com.ar\/tema\/francisco-sa.html\" title=\"Francisco S\u00e1\" alt=\"Francisco S\u00e1\" class=\"slug\">Francisco S\u00e1<\/a>, una de las leyendas m\u00e1s grandes de la Copa Libertadores, y dej\u00f3 una imagen para el recuerdo: cuatro Libertadores de las seis del Xeneize en una sola foto.<\/strong><\/p>\n<\/div>\n<div class=\"custom-text \" readability=\"39\">\n<p>Palermo inmortaliz\u00f3 el momento en su Instagram. Y no hizo falta demasiada explicaci\u00f3n. <strong>La imagen hablaba por s\u00ed sola: \u00e9l y S\u00e1, uno al lado del otro, con las Libertadores que cada uno levant\u00f3. Dos para Mart\u00edn (2000 y 2007) y seis en total para Pancho (dos, 77 y 78, de azul y oro)<\/strong>. Un n\u00famero que impacta y que mantiene a S\u00e1 en la cima del torneo m\u00e1s importante del continente.<\/p>\n<\/div>\n<div class=\"sc-e7b891c4-0 ifHnQL image-embed\"><img alt=\"La foto copera que subi\u00f3 Palermo a sus redes. \" loading=\"lazy\" width=\"720\" height=\"100\" decoding=\"async\" data-nimg=\"1\" src=\"http:\/\/hoycordobaweb.com\/wp-content\/uploads\/2025\/03\/el-encuentro-copero-de-palermo-con-pancho-sa-cuatro-de-las-seis-libertadores-de-boca-en-una-foto-2.jpg\"><span class=\"epigraphe\">La foto copera que subi\u00f3 Palermo a sus redes. <\/span><\/div>\n<p><h2><strong>Un r\u00e9cord que sigue intacto<\/strong><\/h2>\n<\/p>\n<div class=\"custom-text \" readability=\"40\">\n<p>Lo del ex defensor es hist\u00f3rico. Cuatro Libertadores al hilo con Independiente, en 1972, 73, 74 y 75. <strong>Dos m\u00e1s con Boca, en 1977 y 78<\/strong>. Seis t\u00edtulos en siete finales disputadas. Y la \u00fanica que no gan\u00f3, la jug\u00f3 hasta la \u00faltima instancia. Desde hace 47 a\u00f1os ocupa el lugar del jugador m\u00e1s ganador de la historia de la Libertadores. <strong>Y nadie ha logrado destronarlo..<\/strong><\/p>\n<\/div>\n<div class=\"sc-e7b891c4-0 ifHnQL image-embed\"><img alt=\"Francisco Pancho S\u00e1 en la Bombonera. \" loading=\"lazy\" width=\"720\" height=\"100\" decoding=\"async\" data-nimg=\"1\" src=\"http:\/\/hoycordobaweb.com\/wp-content\/uploads\/2025\/03\/el-encuentro-copero-de-palermo-con-pancho-sa-cuatro-de-las-seis-libertadores-de-boca-en-una-foto-3.jpg\"><span class=\"epigraphe\">Francisco Pancho S\u00e1 en la Bombonera. <\/span><\/div>\n<div class=\"custom-text \" readability=\"42\">\n<p>Palermo, por su parte, dej\u00f3 su marca con las conquistas de 2000 y 2007, siendo protagonista de noches \u00e9picas con la camiseta azul y oro. Porque si algo tuvo el Tit\u00e1n en su carrera, adem\u00e1s de goles inolvidables, fue esa relaci\u00f3n especial con la Copa.<strong> Y esta vez, aunque en otro rol, volvi\u00f3 a decir presente.<\/strong><\/p>\n<\/div>\n<div class=\"custom-text \" readability=\"36\">\n<p>Ocho libertadores en una foto. Ocho t\u00edtulos de Am\u00e9rica en una imagen que, como dice el dicho, <strong>vale m\u00e1s que mil palabras<\/strong>. Pero si algo la hace a\u00fan m\u00e1s impactante, es un detalle extra.<\/p>\n<\/div>\n<div class=\"custom-text \" readability=\"38\">\n<p>Porque, m\u00e1s all\u00e1 de los trofeos ganados en Sudam\u00e9rica, tanto S\u00e1 como Palermo sumaron dos intercontinentales con Boca. En total, diez t\u00edtulos internacionales entre ambos. <strong>Un posteo simple, pero con un peso hist\u00f3rico enorme.<\/strong><\/p>\n<\/div>\n<div class=\"sc-a7166897-0 eoLsBE\" readability=\"6.5\">\n<section readability=\"3\"><picture><img alt=\"Qui\u00e9n es qui\u00e9n en la comida de los arqueros de Boca con Chiquito Romero en la cabecera de la mesa\" loading=\"lazy\" width=\"290\" height=\"290\" decoding=\"async\" data-nimg=\"1\" src=\"http:\/\/hoycordobaweb.com\/wp-content\/uploads\/2025\/03\/el-encuentro-copero-de-palermo-con-pancho-sa-cuatro-de-las-seis-libertadores-de-boca-en-una-foto-4.jpg\"><\/picture>\n<p><span>Mir\u00e1 tambi\u00e9n<\/span><\/p>\n<hr>\n<h3>Qui\u00e9n es qui\u00e9n en la comida de los arqueros de Boca con Chiquito Romero en la cabecera de la mesa<\/h3>\n<\/p>\n<\/section>\n<\/div>\n<div class=\"sc-a7166897-0 eoLsBE\" readability=\"7\">\n<section readability=\"4\"><picture><img alt=\"Se fue de Boca con pol\u00e9mica y ahora es muy criticado en su equipo: Pol Fern\u00e1ndez, apuntado en Fortaleza\" loading=\"lazy\" width=\"290\" height=\"290\" decoding=\"async\" data-nimg=\"1\" src=\"http:\/\/hoycordobaweb.com\/wp-content\/uploads\/2025\/03\/el-encuentro-copero-de-palermo-con-pancho-sa-cuatro-de-las-seis-libertadores-de-boca-en-una-foto-5.jpg\"><\/picture>\n<p><span>Mir\u00e1 tambi\u00e9n<\/span><\/p>\n<hr>\n<h3>Se fue de Boca con pol\u00e9mica y ahora es muy criticado en su equipo: Pol Fern\u00e1ndez, apuntado en Fortaleza<\/h3>\n<\/p>\n<\/section>\n<\/div>\n<div class=\"sc-a7166897-0 eoLsBE\" readability=\"7.5\">\n<section readability=\"5\"><picture><img alt=\"Boca, EN VIVO: la cumbre de arqueros, la recuperaci\u00f3n de los lesionados y m\u00e1s noticias de este mi\u00e9rcoles 19 de marzo\" loading=\"lazy\" width=\"290\" height=\"290\" decoding=\"async\" data-nimg=\"1\" src=\"http:\/\/hoycordobaweb.com\/wp-content\/uploads\/2025\/03\/el-encuentro-copero-de-palermo-con-pancho-sa-cuatro-de-las-seis-libertadores-de-boca-en-una-foto-6.jpg\"><\/picture>\n<p><span>Mir\u00e1 tambi\u00e9n<\/span><\/p>\n<hr>\n<h3>Boca, EN VIVO: la cumbre de arqueros, la recuperaci\u00f3n de los lesionados y m\u00e1s noticias de este mi\u00e9rcoles 19 de marzo<\/h3>\n<\/p>\n<\/section>\n<\/div>\n<div class=\"sc-a7166897-0 eoLsBE\" readability=\"6\">\n<section readability=\"2\"><picture><img alt=\"El Melli arranc\u00f3 en V\u00e9lez con un recuerdo para Carlos Bianchi\" loading=\"lazy\" width=\"290\" height=\"290\" decoding=\"async\" data-nimg=\"1\" src=\"http:\/\/hoycordobaweb.com\/wp-content\/uploads\/2025\/03\/el-encuentro-copero-de-palermo-con-pancho-sa-cuatro-de-las-seis-libertadores-de-boca-en-una-foto-7.jpg\"><\/picture>\n<p><span>Mir\u00e1 tambi\u00e9n<\/span><\/p>\n<hr>\n<h3>El Melli arranc\u00f3 en V\u00e9lez con un recuerdo para Carlos Bianchi<\/h3>\n<\/p>\n<\/section>\n<\/div>\n<div class=\"sc-a7166897-0 eoLsBE\" readability=\"6.5\">\n<section readability=\"3\"><picture><img alt=\"El video que Suiza le dedic\u00f3 a Blondel para presentarlo: &quot;Juega en el legendario club de...&quot;\" loading=\"lazy\" width=\"290\" height=\"290\" decoding=\"async\" data-nimg=\"1\" src=\"http:\/\/hoycordobaweb.com\/wp-content\/uploads\/2025\/03\/el-encuentro-copero-de-palermo-con-pancho-sa-cuatro-de-las-seis-libertadores-de-boca-en-una-foto-8.jpg\"><\/picture>\n<p><span>Mir\u00e1 tambi\u00e9n<\/span><\/p>\n<hr>\n<h3>El video que Suiza le dedic\u00f3 a Blondel para presentarlo: \u00abJuega en el legendario club de&#8230;\u00bb<\/h3>\n<\/p>\n<\/section>\n<\/div>\n<div class=\"sc-a7166897-0 eoLsBE\" readability=\"6\">\n<section readability=\"2\"><picture><img alt=\"Las seis Libertadores de Boca juntas en la Conmebol gracias a dos protagonistas\" loading=\"lazy\" width=\"290\" height=\"290\" decoding=\"async\" data-nimg=\"1\" src=\"http:\/\/hoycordobaweb.com\/wp-content\/uploads\/2025\/03\/el-encuentro-copero-de-palermo-con-pancho-sa-cuatro-de-las-seis-libertadores-de-boca-en-una-foto-9.jpg\"><\/picture>\n<p><span>Mir\u00e1 tambi\u00e9n<\/span><\/p>\n<hr>\n<h3>Las seis Libertadores de Boca juntas en la Conmebol gracias a dos protagonistas<\/h3>\n<\/p>\n<\/section>\n<\/div>\n<div class=\"sc-a7166897-0 eoLsBE\" readability=\"6.5\">\n<section readability=\"3\"><picture><img alt=\"Boca, entre la levantada del equipo y el dolor de ver el sorteo copero desde afuera\" loading=\"lazy\" width=\"290\" height=\"290\" decoding=\"async\" data-nimg=\"1\" src=\"http:\/\/hoycordobaweb.com\/wp-content\/uploads\/2025\/03\/el-encuentro-copero-de-palermo-con-pancho-sa-cuatro-de-las-seis-libertadores-de-boca-en-una-foto-10.jpg\"><\/picture>\n<p><span>Mir\u00e1 tambi\u00e9n<\/span><\/p>\n<hr>\n<h3>Boca, entre la levantada del equipo y el dolor de ver el sorteo copero desde afuera<\/h3>\n<\/p>\n<\/section>\n<\/div>\n<div class=\"sc-a7166897-0 eoLsBE\" readability=\"6\">\n<section readability=\"2\"><picture><img alt=\"Cavani ya eligi\u00f3 qu\u00e9 rival ser\u00e1 &quot;especial&quot; para Boca en el Mundial de Clubes\" loading=\"lazy\" width=\"290\" height=\"290\" decoding=\"async\" data-nimg=\"1\" src=\"http:\/\/hoycordobaweb.com\/wp-content\/uploads\/2025\/03\/el-encuentro-copero-de-palermo-con-pancho-sa-cuatro-de-las-seis-libertadores-de-boca-en-una-foto-11.jpg\"><\/picture>\n<p><span>Mir\u00e1 tambi\u00e9n<\/span><\/p>\n<hr>\n<h3>Cavani ya eligi\u00f3 qu\u00e9 rival ser\u00e1 \u00abespecial\u00bb para Boca en el Mundial de Clubes<\/h3>\n<\/p>\n<\/section>\n<\/div>\n<\/div>\n","protected":false},"excerpt":{"rendered":"<p>19\/03\/2025 11:31hs. Pas\u00f3 el sorteo de la Copa Libertadores. Y si bien Boca no estuvo en los bolilleros, su presencia se hizo notar de otra manera, con los jugadores que marcaron la historia del club y de la competencia. Sebasti\u00e1n Battaglia fue homenajeado por la Conmebol, mientras que Mart\u00edn Palermo asisti\u00f3 en su rol de [&hellip;]<\/p>\n","protected":false},"author":1,"featured_media":99871,"comment_status":"open","ping_status":"closed","sticky":false,"template":"","format":"standard","meta":[],"categories":[16],"tags":[],"_links":{"self":[{"href":"http:\/\/hoycordobaweb.com\/index.php\/wp-json\/wp\/v2\/posts\/99870"}],"collection":[{"href":"http:\/\/hoycordobaweb.com\/index.php\/wp-json\/wp\/v2\/posts"}],"about":[{"href":"http:\/\/hoycordobaweb.com\/index.php\/wp-json\/wp\/v2\/types\/post"}],"author":[{"embeddable":true,"href":"http:\/\/hoycordobaweb.com\/index.php\/wp-json\/wp\/v2\/users\/1"}],"replies":[{"embeddable":true,"href":"http:\/\/hoycordobaweb.com\/index.php\/wp-json\/wp\/v2\/comments?post=99870"}],"version-history":[{"count":0,"href":"http:\/\/hoycordobaweb.com\/index.php\/wp-json\/wp\/v2\/posts\/99870\/revisions"}],"wp:featuredmedia":[{"embeddable":true,"href":"http:\/\/hoycordobaweb.com\/index.php\/wp-json\/wp\/v2\/media\/99871"}],"wp:attachment":[{"href":"http:\/\/hoycordobaweb.com\/index.php\/wp-json\/wp\/v2\/media?parent=99870"}],"wp:term":[{"taxonomy":"category","embeddable":true,"href":"http:\/\/hoycordobaweb.com\/index.php\/wp-json\/wp\/v2\/categories?post=99870"},{"taxonomy":"post_tag","embeddable":true,"href":"http:\/\/hoycordobaweb.com\/index.php\/wp-json\/wp\/v2\/tags?post=99870"}],"curies":[{"name":"wp","href":"https:\/\/api.w.org\/{rel}","templated":true}]}}