{"id":99810,"date":"2025-03-18T22:30:24","date_gmt":"2025-03-18T22:30:24","guid":{"rendered":"https:\/\/www.trendencias.com\/shopping\/novedad-merkal-bailarinas-rafia-que-combinan-todo-elegantes-como-unos-tacones"},"modified":"2025-03-18T22:30:24","modified_gmt":"2025-03-18T22:30:24","slug":"novedad-en-merkal-las-bailarinas-de-rafia-que-combinan-con-todo-y-son-tan-elegantes-como-unos-tacones","status":"publish","type":"post","link":"http:\/\/hoycordobaweb.com\/index.php\/2025\/03\/18\/novedad-en-merkal-las-bailarinas-de-rafia-que-combinan-con-todo-y-son-tan-elegantes-como-unos-tacones\/","title":{"rendered":"Novedad en Merkal: las bailarinas de rafia que combinan con todo y son tan elegantes como unos tacones"},"content":{"rendered":"<p>Siempre fui de sandalias en verano, pero estas bailarinas me han hechizado. La elegancia en un calzado que <strong>sumar\u00e1 sofisticaci\u00f3n en cualquier conjunto de primavera-verano<\/strong>. Adem\u00e1s, su estilo atemporal es perfecto para que combine con todo el armario c\u00e1psula f\u00e1cilmente y sin olvidar que son tendencia.<\/p>\n<p><!-- BREAK 1 --> <!-- PIVOT START --><\/p>\n<div class=\"pivot-ecommerce-container m-pivot-ecommerce-redesign article-asset-normal article-asset-center\" readability=\"25.032258064516\">\n<div class=\"pivot-ecommerce\" readability=\"3.3\">\n<div class=\"pivot-ecommerce-figure\"> <a rel=\"nofollow, sponsored, noopener, noreferrer noopener\" target=\"_blank\" href=\"https:\/\/www.trendencias.com\/redirect?url=https%3A%2F%2Fwww.merkal.com%2Fmerceditas-rafia-negro-piccola-piu%3Fcode%3DP_5639392430_1000&amp;category=shopping&amp;pivot=1&amp;ecomPostExpiration=perish&amp;postId=641291\"> <img loading=\"lazy\" alt=\"Bailarinas de rafia Piccola Pi\u00f9\" width=\"772\" height=\"772\" src=\"http:\/\/hoycordobaweb.com\/wp-content\/uploads\/2025\/03\/novedad-en-merkal-las-bailarinas-de-rafia-que-combinan-con-todo-y-son-tan-elegantes-como-unos-tacones.png\"> <\/a> <\/div>\n<div class=\"pivot-ecommerce-summary\" readability=\"3.85\">\n<p class=\"pivot-ecommerce-desc\">Bailarinas de rafia Piccola Pi\u00f9<\/p>\n<\/p><\/div><\/div>\n<p>* Alg\u00fan precio puede haber cambiado desde la \u00faltima revisi\u00f3n<\/p>\n<\/p><\/div>\n<p><!-- PIVOT END --><\/p>\n<p>Estas bailarinas son de rafia y de color negro. Un zapato plano s\u00faper c\u00f3modo que estiliza tanto como unos tacones. Adem\u00e1s, <strong>para darle un toque de brillo podemos combinarla con alg\u00fan <\/strong><em><strong>charm<\/strong><\/em> o accesorio brillante <em>low cost<\/em> que le a\u00f1ada un toque personal y muy aut\u00e9ntico.<\/p>\n<p><!-- BREAK 2 --><\/p>\n<p>Otra de las ventajas de este zapato es su c\u00f3modo cierre de hebilla que podemos adaptar seg\u00fan nuestras necesidades. <strong>Est\u00e1n firmadas por Piccola Pi\u00f9 y la puntera es redonda<\/strong>. Esta novedad de Merkal promete agotarse muy pronto y ser\u00e1 un error no tenerla en el <a class=\"text-outboundlink\" href=\"https:\/\/www.trendencias.com\/shopping\/mejores-zapateros-para-poner-orden-a-nuestro-calzado-cual-comprar-consejos-recomendaciones\" data-vars-post-title=\"Los mejores zapateros para poner orden a nuestro calzado | \u00bfCu\u00e1l comprar? Consejos y recomendaciones\" data-vars-post-url=\"https:\/\/www.trendencias.com\/shopping\/mejores-zapateros-para-poner-orden-a-nuestro-calzado-cual-comprar-consejos-recomendaciones\">zapatero<\/a> antes de que llegue la primavera.<\/p>\n<p><!-- BREAK 3 --> <\/p>\n<div class=\"article-asset-image article-asset-normal article-asset-center\">\n<div class=\"asset-content\"> <a rel=\"nofollow, sponsored, noopener, noreferrer noopener\" target=\"_blank\" class=\"js-ecommerce\" id=\"link-ecommerce-1\" href=\"https:\/\/www.trendencias.com\/redirect?url=https%3A%2F%2Fwww.merkal.com%2Fmerceditas-rafia-negro-piccola-piu%3Fcode%3DP_5639392430_1000&amp;category=shopping&amp;ecomPostExpiration=perish&amp;postId=641291\" data-vars-affiliate-url=\"https:\/\/www.merkal.com\/merceditas-rafia-negro-piccola-piu?code=P_5639392430_1000\"> <img class=\"centro_sinmarco\" height=\"772\" width=\"774\" loading=\"lazy\" decoding=\"async\" sizes=\"100vw\" fetchpriority=\"high\" srcset=\"http:\/\/hoycordobaweb.com\/wp-content\/uploads\/2025\/03\/novedad-en-merkal-las-bailarinas-de-rafia-que-combinan-con-todo-y-son-tan-elegantes-como-unos-tacones-1.png 450w, http:\/\/hoycordobaweb.com\/wp-content\/uploads\/2025\/03\/novedad-en-merkal-las-bailarinas-de-rafia-que-combinan-con-todo-y-son-tan-elegantes-como-unos-tacones-2.png 681w, http:\/\/hoycordobaweb.com\/wp-content\/uploads\/2025\/03\/novedad-en-merkal-las-bailarinas-de-rafia-que-combinan-con-todo-y-son-tan-elegantes-como-unos-tacones-3.png 1024w, http:\/\/hoycordobaweb.com\/wp-content\/uploads\/2025\/03\/novedad-en-merkal-las-bailarinas-de-rafia-que-combinan-con-todo-y-son-tan-elegantes-como-unos-tacones-4.png 1366w\" src=\"http:\/\/hoycordobaweb.com\/wp-content\/uploads\/2025\/03\/novedad-en-merkal-las-bailarinas-de-rafia-que-combinan-con-todo-y-son-tan-elegantes-como-unos-tacones-1.png\" alt=\"Captura De Pantalla 2025 03 18 A Las 15 24 56\"> <noscript><img alt=\"Captura De Pantalla 2025 03 18 A Las 15 24 56\" class=\"centro_sinmarco\" src=\"http:\/\/hoycordobaweb.com\/wp-content\/uploads\/2025\/03\/novedad-en-merkal-las-bailarinas-de-rafia-que-combinan-con-todo-y-son-tan-elegantes-como-unos-tacones-1.png\"><\/noscript> <\/a> <\/div>\n<\/div>\n<p>Las bailarinas que desde ya podemos llevar <strong>con calcetines y con medias de colores <\/strong>si quedaste atrapada en el estilo de las <a class=\"text-outboundlink\" href=\"https:\/\/www.trendencias.com\/tendencias\/francesas-nordicas-estilo-que-se-lleva-chicas-portuguesas-asi-puedes-conseguirlo\" data-vars-post-title=\"Ni francesas, ni n\u00f3rdicas: el estilo que se lleva es el de las chicas portuguesas y as\u00ed puedes conseguirlo\" data-vars-post-url=\"https:\/\/www.trendencias.com\/tendencias\/francesas-nordicas-estilo-que-se-lleva-chicas-portuguesas-asi-puedes-conseguirlo\">chicas portuguesas<\/a> y su universo multicolor. Son perfectas para llevar de turismo o a la oficina con vestidos estampados fresquitos o trajes monocolor. El precio en su tienda oficial es <a rel=\"nofollow, sponsored, noopener, noreferrer noopener\" target=\"_blank\" class=\"js-ecommerce\" id=\"link-ecommerce-2\" href=\"https:\/\/www.trendencias.com\/redirect?url=https%3A%2F%2Fwww.merkal.com%2Fmerceditas-rafia-negro-piccola-piu%3Fcode%3DP_5639392430_1000&amp;category=shopping&amp;ecomPostExpiration=perish&amp;postId=641291\" data-vars-affiliate-url=\"https:\/\/www.merkal.com\/merceditas-rafia-negro-piccola-piu?code=P_5639392430_1000\">29,99 euros<\/a>.<\/p>\n<p><!-- BREAK 4 --><\/p>\n<div class=\"article-asset article-asset-normal article-asset-center\">\n<div class=\"desvio-container\">\n<div class=\"desvio\">\n<div class=\"desvio-figure js-desvio-figure\"> <a href=\"https:\/\/www.trendencias.com\/shopping\/acaba-llegar-a-leroy-merlin-invento-para-acabar-humedad-casa-unas-barras-sencillas-como-baratas\" class=\"pivot-outboundlink\" data-vars-post-title=\"Acaba de llegar a Leroy Merlin el invento para terminar con la humedad en casa: unas barras tan sencillas como baratas\"> <img loading=\"lazy\" alt=\"Acaba de llegar a Leroy Merlin el invento para terminar con la humedad en casa: unas barras tan sencillas como baratas\" width=\"375\" height=\"142\" src=\"http:\/\/hoycordobaweb.com\/wp-content\/uploads\/2025\/03\/novedad-en-merkal-las-bailarinas-de-rafia-que-combinan-con-todo-y-son-tan-elegantes-como-unos-tacones.jpg\"> <\/a> <\/div><\/div><\/div>\n<\/div>\n<p><em>Nota: algunos de los enlaces de este art\u00edculo son afiliados y pueden reportar un beneficio a Trendencias. En caso de no disponibilidad, las ofertas pueden variar.<\/em><\/p>\n<p><!-- BREAK 5 --><\/p>\n<p>Fotos | Merkal, <a rel=\"noopener, noreferrer\" href=\"https:\/\/www.instagram.com\/p\/DA9I8vpNx-b\/?utm_source=ig_web_copy_link&amp;igsh=MzRlODBiNWFlZA==\">@agostinasaracco<\/a><\/p>\n<p>En Trendencias | <a class=\"text-outboundlink\" href=\"https:\/\/www.trendencias.com\/propuestas-y-consejos\/chaquetas-que-tendencia-este-otono-invierno-2022-2023-larga-vida-a-bomber-a-cazadora-vaquera\" data-vars-post-title=\"Chaquetas que son tendencia: de la americana marr\u00f3n chocolate a la cl\u00e1sica bomber\" data-vars-post-url=\"https:\/\/www.trendencias.com\/propuestas-y-consejos\/chaquetas-que-tendencia-este-otono-invierno-2022-2023-larga-vida-a-bomber-a-cazadora-vaquera\" data-id=\"noopener noreferrer\">Chaquetas que son tendencia: larga vida a la bomber y a la cazadora vaquera<\/a><\/p>\n<p>En Trendencias | <a class=\"text-outboundlink\" href=\"https:\/\/www.trendencias.com\/propuestas-y-consejos\/nuestro-flechazo-vaqueros-wide-leg-tiro-alto-como-llevarlos-cuatro-modelos-favorecedores\" data-vars-post-title=\"Nuestro flechazo son los vaqueros wide leg de tiro alto: c\u00f3mo llevarlos y 10 formas de combinarlos con estilo\" data-vars-post-url=\"https:\/\/www.trendencias.com\/propuestas-y-consejos\/nuestro-flechazo-vaqueros-wide-leg-tiro-alto-como-llevarlos-cuatro-modelos-favorecedores\" data-id=\"noopener noreferrer\">Nuestro flechazo son los vaqueros <em>wide leg<\/em> de tiro alto: c\u00f3mo llevarlos y los diez modelos m\u00e1s favorecedores<\/a><\/p>\n<p>En Trendencias | <a class=\"text-outboundlink\" href=\"https:\/\/www.trendencias.com\/eventos\/arenal-sound-todos-conciertos-entradas-horarios-confirmados-festival\" data-vars-post-title=\"Arenal Sound 2025: todos los conciertos, entradas y horarios confirmados del festival\" data-vars-post-url=\"https:\/\/www.trendencias.com\/eventos\/arenal-sound-todos-conciertos-entradas-horarios-confirmados-festival\" data-id=\"noopener noreferrer\"><u>Arenal Sound 2025: todos los conciertos, entradas y horarios confirmados del festival<\/u><\/a><\/p>\n","protected":false},"excerpt":{"rendered":"<p>Siempre fui de sandalias en verano, pero estas bailarinas me han hechizado. La elegancia en un calzado que sumar\u00e1 sofisticaci\u00f3n en cualquier conjunto de primavera-verano. Adem\u00e1s, su estilo atemporal es perfecto para que combine con todo el armario c\u00e1psula f\u00e1cilmente y sin olvidar que son tendencia. Bailarinas de rafia Piccola Pi\u00f9 * Alg\u00fan precio puede [&hellip;]<\/p>\n","protected":false},"author":1,"featured_media":99811,"comment_status":"closed","ping_status":"closed","sticky":false,"template":"","format":"standard","meta":[],"categories":[],"tags":[],"_links":{"self":[{"href":"http:\/\/hoycordobaweb.com\/index.php\/wp-json\/wp\/v2\/posts\/99810"}],"collection":[{"href":"http:\/\/hoycordobaweb.com\/index.php\/wp-json\/wp\/v2\/posts"}],"about":[{"href":"http:\/\/hoycordobaweb.com\/index.php\/wp-json\/wp\/v2\/types\/post"}],"author":[{"embeddable":true,"href":"http:\/\/hoycordobaweb.com\/index.php\/wp-json\/wp\/v2\/users\/1"}],"replies":[{"embeddable":true,"href":"http:\/\/hoycordobaweb.com\/index.php\/wp-json\/wp\/v2\/comments?post=99810"}],"version-history":[{"count":0,"href":"http:\/\/hoycordobaweb.com\/index.php\/wp-json\/wp\/v2\/posts\/99810\/revisions"}],"wp:featuredmedia":[{"embeddable":true,"href":"http:\/\/hoycordobaweb.com\/index.php\/wp-json\/wp\/v2\/media\/99811"}],"wp:attachment":[{"href":"http:\/\/hoycordobaweb.com\/index.php\/wp-json\/wp\/v2\/media?parent=99810"}],"wp:term":[{"taxonomy":"category","embeddable":true,"href":"http:\/\/hoycordobaweb.com\/index.php\/wp-json\/wp\/v2\/categories?post=99810"},{"taxonomy":"post_tag","embeddable":true,"href":"http:\/\/hoycordobaweb.com\/index.php\/wp-json\/wp\/v2\/tags?post=99810"}],"curies":[{"name":"wp","href":"https:\/\/api.w.org\/{rel}","templated":true}]}}