{"id":99798,"date":"2025-03-18T13:27:48","date_gmt":"2025-03-18T13:27:48","guid":{"rendered":"https:\/\/www.ole.com.ar\/futbol-internacional\/copa-libertadores-alianza-lima-libertad-grupos-cardozo-barcos_0_O6WcJdwCpX.html"},"modified":"2025-03-18T13:27:48","modified_gmt":"2025-03-18T13:27:48","slug":"quienes-son-los-futbolistas-veteranos-que-se-enfrentaran-en-la-fase-de-grupos-copa-libertadores","status":"publish","type":"post","link":"http:\/\/hoycordobaweb.com\/index.php\/2025\/03\/18\/quienes-son-los-futbolistas-veteranos-que-se-enfrentaran-en-la-fase-de-grupos-copa-libertadores\/","title":{"rendered":"Qui\u00e9nes son los futbolistas veteranos que se enfrentar\u00e1n en la fase de grupos Copa Libertadores"},"content":{"rendered":"<p><img src=\"http:\/\/hoycordobaweb.com\/wp-content\/uploads\/2025\/03\/quienes-son-los-futbolistas-veteranos-que-se-enfrentaran-en-la-fase-de-grupos-copa-libertadores.jpg\"><\/p>\n<p><span class=\"createDate\">18\/03\/2025 10:27hs.<\/span><time class=\"modificatedDate\" datetime=\"2025-03-18T10:28:57-03:00\"> Actualizado al 18\/03\/2025 10:28hs.<\/time><\/p>\n<div id=\"storyBody\">\n<div class=\"custom-text \" readability=\"33.359735973597\">\n<p>El sorteo de la Copa Libertadores determin\u00f3 que <strong><a href=\"https:\/\/www.ole.com.ar\/tema\/alianza-lima.html\" title=\"Alianza Lima\" alt=\"Alianza Lima\">Alianza Lima<\/a><\/strong> integrar\u00e1 el Grupo D junto a<strong> <a href=\"https:\/\/www.ole.com.ar\/tema\/sao-paulo.html\" title=\"Sao Paulo\" alt=\"Sao Paulo\" class=\"slug\">San Pablo<\/a><\/strong>, <strong><a href=\"https:\/\/www.ole.com.ar\/tema\/talleres-de-cordoba.html\" title=\"Talleres de C\u00f3rdoba\" alt=\"Talleres de C\u00f3rdoba\" class=\"slug\">Talleres<\/a> <\/strong>y<strong> <a href=\"https:\/\/www.ole.com.ar\/tema\/libertad-de-paraguay.html\" target=\"_blank\" title=\"Libertad de Paraguay\" alt=\"Libertad de Paraguay\" class=\"slug\" rel=\"noopener noreferrer\">Libertad<\/a><\/strong>. Sin embargo, a diferencia del resto de las zonas, esta tendr\u00e1 un duelo especial porque <strong>habr\u00e1 cuatro experimentados futbolistas que se enfrentar\u00e1n entre s\u00ed<\/strong> en la primera ronda.<\/p>\n<\/div>\n<div class=\"custom-text \" readability=\"37.429149797571\">\n<p>El equipo que dirige <a href=\"https:\/\/www.ole.com.ar\/tema\/nestor-gorosito.html\" title=\"N\u00e9stor Gorosito\" alt=\"N\u00e9stor Gorosito\" class=\"slug\">N\u00e9stor Gorosito<\/a> tiene en sus filas a <strong><a href=\"https:\/\/www.ole.com.ar\/tema\/hernan-barcos.html\" title=\"Hern\u00e1n Barcos\" alt=\"Hern\u00e1n Barcos\" class=\"slug\">Hern\u00e1n Barcos<\/a><\/strong> (40) con pasado en <a href=\"https:\/\/www.ole.com.ar\/tema\/racing.html\" title=\"Racing\" alt=\"Racing\" class=\"slug\">Racing<\/a>, <a href=\"https:\/\/www.ole.com.ar\/tema\/huracan.html\" title=\"Hurac\u00e1n\" alt=\"Hurac\u00e1n\" class=\"slug\">Hurac\u00e1n<\/a> y <a href=\"https:\/\/www.ole.com.ar\/tema\/velez.html\" title=\"V\u00e9lez\" alt=\"V\u00e9lez\" class=\"slug\">V\u00e9lez<\/a> pero, tambi\u00e9n, a <a href=\"https:\/\/www.ole.com.ar\/tema\/paolo-guerrero.html\" title=\"Paolo Guerrero\" alt=\"Paolo Guerrero\" class=\"slug\">Paolo Guerrero<\/a> (41) que supo vestir los colores de la Academia y diversos clubes europeos. Por otro lado, el conjunto de Paraguay cuenta con <strong>Oscar Tacuara Cardozo<\/strong> (41) que posee una gran trayectoria en <strong>Newell&#8217;s <\/strong>y<strong> Benfica<\/strong>. A su vez, tambi\u00e9n tienen a <strong>Roque Santa Cruz <\/strong>(43), quien luci\u00f3 los colores del <strong>Bayern M\u00fanich<\/strong>, <strong>Manchester City<\/strong> y <strong>Olimpia<\/strong>, entre otros.<\/p>\n<\/div>\n<div class=\"sc-e7b891c4-0 ifHnQL image-embed\"><img alt=\"Barcos, una figura en Alianza. EFE\/ Alex D\u00edaz\" loading=\"lazy\" width=\"720\" height=\"100\" decoding=\"async\" data-nimg=\"1\" src=\"http:\/\/hoycordobaweb.com\/wp-content\/uploads\/2025\/03\/quienes-son-los-futbolistas-veteranos-que-se-enfrentaran-en-la-fase-de-grupos-copa-libertadores-2.jpg\"><span class=\"epigraphe\">Barcos, una figura en Alianza. EFE\/ Alex D\u00edaz<\/span><\/div>\n<div class=\"sc-e7b891c4-0 ifHnQL image-embed\"><img alt=\"Tacuara con los colores de Libertad. (AP Photo\/Jorge Saenz)\" loading=\"lazy\" width=\"720\" height=\"100\" decoding=\"async\" data-nimg=\"1\" src=\"http:\/\/hoycordobaweb.com\/wp-content\/uploads\/2025\/03\/quienes-son-los-futbolistas-veteranos-que-se-enfrentaran-en-la-fase-de-grupos-copa-libertadores-3.jpg\"><span class=\"epigraphe\">Tacuara con los colores de Libertad. (AP Photo\/Jorge Saenz)<\/span><\/div>\n<p><h2><strong>C\u00f3mo lleg\u00f3 Alianza Lima a la Copa Libertadores 2025<\/strong><\/h2>\n<\/p>\n<div class=\"custom-text \" readability=\"38.594805194805\">\n<p>Alianza Lima fue, por lejos, el club extranjero m\u00e1s mencionado en las \u00faltimas semanas de Argentina: <strong>se clasific\u00f3 a la fase de grupos luego de eliminar a <a href=\"https:\/\/www.ole.com.ar\/tema\/boca-juniors.html\" title=\"Boca Juniors\" alt=\"Boca Juniors\" class=\"slug\">Boca<\/a> y a Deportes Iquique<\/strong> en las fases previas. De la mano de Pipo Gorosito, buscar\u00e1n replicar en la Copa Libertadores el buen rendimiento con el que empezaron a jugar el torneo peruano, donde se ubican segundos con 12 unidades.<\/p>\n<\/div>\n<div class=\"custom-text \" readability=\"37\">\n<p>Adem\u00e1s, cabe destacar que, tras quedar cuarto en el Apertura y segundo en el Clausura, culminaron en el escal\u00f3n n\u00famero cuatro de la tabla acumulada de la Liga 1 2024. Esto les otorg\u00f3 un boleto a la Fase 1 de la Copa Libertadores 2025.<\/p>\n<\/div>\n<p><h2>El repechaje de Alianza Lima en la Copa Libertadores 2025<\/h2>\n<\/p>\n<div class=\"custom-text \" readability=\"40\">\n<p>Primero, bati\u00f3 por un global de 4-2 a<strong> Nacional <\/strong>de Paraguay, finalista de este certamen en 2014. Luego, rompi\u00f3 todos los pron\u00f3sticos al dejar afuera al Xeneize por penales. Finalmente, con un 3-2 en los 180 minutos, se quit\u00f3 de encima a <strong>Deportes Iquique<\/strong> de Chile y clasific\u00f3 a la m\u00e1xima competencia continental.<\/p>\n<\/div>\n<div class=\"sc-e7b891c4-0 ifHnQL image-embed\"><img alt=\"Alianza Lima, sue\u00f1a en grande. \" loading=\"lazy\" width=\"720\" height=\"100\" decoding=\"async\" data-nimg=\"1\" src=\"http:\/\/hoycordobaweb.com\/wp-content\/uploads\/2025\/03\/quienes-son-los-futbolistas-veteranos-que-se-enfrentaran-en-la-fase-de-grupos-copa-libertadores-4.jpg\"><span class=\"epigraphe\">Alianza Lima, sue\u00f1a en grande. <\/span><\/div>\n<p><h2><strong>As\u00ed lleg\u00f3 Libertad a la Copa Libertadores 2025<\/strong><\/h2>\n<\/p>\n<div class=\"custom-text \" readability=\"37\">\n<p>El Gumarelo, por su parte, <strong>no particip\u00f3 de ninguna fase previa<\/strong> para llegar a la zona de grupos<strong> ya que se coron\u00f3 campe\u00f3n del Torneo Apertura<\/strong> del f\u00fatbol paraguayo, lo que le otorg\u00f3 su pasaje directo al torneo m\u00e1s importante de clubes de Sudam\u00e9rica. <\/p>\n<\/div>\n<div class=\"sc-a7166897-0 eoLsBE\" readability=\"6.5\">\n<section readability=\"3\"><picture><img alt=\"Sorteo de la Copa Libertadores: c\u00f3mo quedaron los grupos y cu\u00e1les son los rivales de los equipos argentinos\" loading=\"lazy\" width=\"290\" height=\"290\" decoding=\"async\" data-nimg=\"1\" src=\"http:\/\/hoycordobaweb.com\/wp-content\/uploads\/2025\/03\/quienes-son-los-futbolistas-veteranos-que-se-enfrentaran-en-la-fase-de-grupos-copa-libertadores-5.jpg\"><\/picture>\n<p><span>Mir\u00e1 tambi\u00e9n<\/span><\/p>\n<hr>\n<h3>Sorteo de la Copa Libertadores: c\u00f3mo quedaron los grupos y cu\u00e1les son los rivales de los equipos argentinos<\/h3>\n<\/p>\n<\/section>\n<\/div>\n<div class=\"sc-a7166897-0 eoLsBE\" readability=\"6\">\n<section readability=\"2\"><picture><img alt=\"Qui\u00e9nes son los rivales de Talleres en la fase de grupos de la Copa Libertadores\" loading=\"lazy\" width=\"290\" height=\"290\" decoding=\"async\" data-nimg=\"1\" src=\"http:\/\/hoycordobaweb.com\/wp-content\/uploads\/2025\/03\/quienes-son-los-futbolistas-veteranos-que-se-enfrentaran-en-la-fase-de-grupos-copa-libertadores-6.jpg\"><\/picture>\n<p><span>Mir\u00e1 tambi\u00e9n<\/span><\/p>\n<hr>\n<h3>Qui\u00e9nes son los rivales de Talleres en la fase de grupos de la Copa Libertadores<\/h3>\n<\/p>\n<\/section>\n<\/div>\n<div class=\"sc-a7166897-0 eoLsBE\" readability=\"6\">\n<section readability=\"2\"><picture><img alt=\"Los memes por el sorteo de la Copa Libertadores\" loading=\"lazy\" width=\"290\" height=\"290\" decoding=\"async\" data-nimg=\"1\" src=\"http:\/\/hoycordobaweb.com\/wp-content\/uploads\/2025\/03\/quienes-son-los-futbolistas-veteranos-que-se-enfrentaran-en-la-fase-de-grupos-copa-libertadores-7.jpg\"><\/picture>\n<p><span>Mir\u00e1 tambi\u00e9n<\/span><\/p>\n<hr>\n<h3>Los memes por el sorteo de la Copa Libertadores<\/h3>\n<\/p>\n<\/section>\n<\/div>\n<\/div>\n","protected":false},"excerpt":{"rendered":"<p>18\/03\/2025 10:27hs. Actualizado al 18\/03\/2025 10:28hs. El sorteo de la Copa Libertadores determin\u00f3 que Alianza Lima integrar\u00e1 el Grupo D junto a San Pablo, Talleres y Libertad. Sin embargo, a diferencia del resto de las zonas, esta tendr\u00e1 un duelo especial porque habr\u00e1 cuatro experimentados futbolistas que se enfrentar\u00e1n entre s\u00ed en la primera ronda. [&hellip;]<\/p>\n","protected":false},"author":1,"featured_media":99799,"comment_status":"open","ping_status":"closed","sticky":false,"template":"","format":"standard","meta":[],"categories":[16],"tags":[],"_links":{"self":[{"href":"http:\/\/hoycordobaweb.com\/index.php\/wp-json\/wp\/v2\/posts\/99798"}],"collection":[{"href":"http:\/\/hoycordobaweb.com\/index.php\/wp-json\/wp\/v2\/posts"}],"about":[{"href":"http:\/\/hoycordobaweb.com\/index.php\/wp-json\/wp\/v2\/types\/post"}],"author":[{"embeddable":true,"href":"http:\/\/hoycordobaweb.com\/index.php\/wp-json\/wp\/v2\/users\/1"}],"replies":[{"embeddable":true,"href":"http:\/\/hoycordobaweb.com\/index.php\/wp-json\/wp\/v2\/comments?post=99798"}],"version-history":[{"count":0,"href":"http:\/\/hoycordobaweb.com\/index.php\/wp-json\/wp\/v2\/posts\/99798\/revisions"}],"wp:featuredmedia":[{"embeddable":true,"href":"http:\/\/hoycordobaweb.com\/index.php\/wp-json\/wp\/v2\/media\/99799"}],"wp:attachment":[{"href":"http:\/\/hoycordobaweb.com\/index.php\/wp-json\/wp\/v2\/media?parent=99798"}],"wp:term":[{"taxonomy":"category","embeddable":true,"href":"http:\/\/hoycordobaweb.com\/index.php\/wp-json\/wp\/v2\/categories?post=99798"},{"taxonomy":"post_tag","embeddable":true,"href":"http:\/\/hoycordobaweb.com\/index.php\/wp-json\/wp\/v2\/tags?post=99798"}],"curies":[{"name":"wp","href":"https:\/\/api.w.org\/{rel}","templated":true}]}}