{"id":99790,"date":"2025-03-18T14:08:55","date_gmt":"2025-03-18T14:08:55","guid":{"rendered":"https:\/\/www.ole.com.ar\/maradona\/maradona-messi-alemao-comparacion_0_9OIerExJo5.html"},"modified":"2025-03-18T14:08:55","modified_gmt":"2025-03-18T14:08:55","slug":"el-ex-companero-de-maradona-que-marco-una-comparacion-entre-diego-y-messi","status":"publish","type":"post","link":"http:\/\/hoycordobaweb.com\/index.php\/2025\/03\/18\/el-ex-companero-de-maradona-que-marco-una-comparacion-entre-diego-y-messi\/","title":{"rendered":"El ex compa\u00f1ero de Maradona que marc\u00f3 una comparaci\u00f3n entre Diego y Messi"},"content":{"rendered":"<p><img src=\"http:\/\/hoycordobaweb.com\/wp-content\/uploads\/2025\/03\/el-ex-companero-de-maradona-que-marco-una-comparacion-entre-diego-y-messi.jpg\"><\/p>\n<p><time class=\"createDate\" datetime=\"2025-03-18T11:08:55-03:00\">18\/03\/2025 11:08hs.<\/time><\/p>\n<div id=\"storyBody\">\n<div class=\"custom-text \" readability=\"36.376146788991\">\n<p>Ricardo Rogerio de Brito, conocido en el mundo del f\u00fatbol como <strong>Alemao<\/strong>, fue un futbolista brasile\u00f1o que se destac\u00f3 a fines de la d\u00e9cada del 80 y principios del 90. Surgido en Botafogo, en 1987 pas\u00f3 al Atl\u00e9tico de Madrid y un a\u00f1o m\u00e1s tarde fue transferido al Napoli de Italia, donde coincidi\u00f3 con <strong><a href=\"https:\/\/www.ole.com.ar\/boca-juniors\/boca-juniors-hinchada-maradona-bandera_0_qwwromc91z.html\" target=\"_self\" title=\"Diego Armando Maradona\" alt=\"Diego Armando Maradona\" rel=\"noopener noreferrer\">Diego Armando Maradona<\/a><\/strong>.<\/p>\n<\/div>\n<div class=\"custom-text \" readability=\"40.33692722372\">\n<p>En aquella \u00e9poca, el f\u00fatbol europeo permit\u00eda s\u00f3lo tres extranjeros por equipo en cada liga. Y ese <strong><a href=\"https:\/\/www.ole.com.ar\/maradona\/maradona-napoli-presentacion-oficial-aniversario_0_OcfQMsIU1o.html\" target=\"_self\" title=\"Napoli\" alt=\"Napoli\" rel=\"noopener noreferrer\">Napoli<\/a><\/strong> ten\u00eda en sus filas, adem\u00e1s de Diego y Alemao, a Careca, el goleador. Juntos, los tres, obtuvieron el segundo Scudetto de la historia del club (89\/90) y tambi\u00e9n ganaron la Copa de la UEFA (hoy Europa League) en la temporada 88\/89 y la Supercopa de Italia 1990.<\/p>\n<\/div>\n<div class=\"sc-e7b891c4-0 ifHnQL image-embed\"><img alt=\"Alemao, Maradona y Careca: cracks del Napoli campe\u00f3n de 1990.\" loading=\"lazy\" width=\"720\" height=\"100\" decoding=\"async\" data-nimg=\"1\" src=\"http:\/\/hoycordobaweb.com\/wp-content\/uploads\/2025\/03\/el-ex-companero-de-maradona-que-marco-una-comparacion-entre-diego-y-messi-2.jpg\"><span class=\"epigraphe\">Alemao, Maradona y Careca: cracks del Napoli campe\u00f3n de 1990.<\/span><\/div>\n<p><h2><strong>Maradona y Messi<\/strong><\/h2>\n<\/p>\n<div class=\"custom-text \" readability=\"35\">\n<p>Alemao, tambi\u00e9n ex integrante de la selecci\u00f3n de Brasil en los Mundiales de M\u00e9xico 86 e Italia 90, habl\u00f3 en <strong>Super Deportivo Radio<\/strong>.<\/p>\n<\/div>\n<div class=\"custom-text \" readability=\"38\">\n<p><strong>\u00abRecordar a Maradona es pensar en la imagen de haber compartido cuatro a\u00f1os con \u00e9l en el Napoli. Fue un genio del f\u00fatbol. Fue una persona diferente, de verdad, a todo lo que la gente piensa<\/strong>. Fue amable y con un coraz\u00f3n muy grande. Fue incomparable. No habr\u00e1 otro igual como Diego\u00bb, expres\u00f3 ante la menci\u00f3n de su ex compa\u00f1ero y amigo.<\/p>\n<\/div>\n<div class=\"custom-text \" readability=\"38.997912317328\">\n<p>Consultado sobre la comparaci\u00f3n entre Diego y <strong><a href=\"https:\/\/www.ole.com.ar\/messi\/lionel-messi-seleccion-argentina-eliminatorias-sudamericanas_0_VtxXjR7F6n.html\" target=\"_self\" title=\"Lionel Messi\" alt=\"Lionel Messi\" rel=\"noopener noreferrer\">Lionel Messi<\/a><\/strong>, el ex mediocampista brasile\u00f1o detall\u00f3: <strong>\u201cEs in\u00fatil comparar a Messi con Maradona. No hace falta. No tienen nada que ver. Messi es un fen\u00f3meno, pero Maradona ten\u00eda un genio interior que Messi no tiene. <\/strong>La genialidad que ten\u00eda Maradona no la ten\u00eda Messi. Maradona ten\u00eda una elegancia para jugar en todo el campo, Messi juega muy bien, despu\u00e9s del centro del campo, pero el genio es Maradona. Sin ninguna duda\u00bb.<\/p>\n<\/div>\n<div class=\"custom-text \" readability=\"38\">\n<p>Alemao tambi\u00e9n record\u00f3 c\u00f3mo fue la \u00faltima charla que tuvo con Diego antes de su muerte. \u00abDesde hace 30 a\u00f1os yo vengo haciendo un trabajo con j\u00f3venes drogadictos y una semana antes de que Diego falleciera, hemos hablado y me dijo que quer\u00eda visitar mi cl\u00ednica y conocer el trabajo que est\u00e1bamos haciendo. Yo me qued\u00e9 feliz con ese gesto de Diego, pero luego paso una semana y \u00e9l muri\u00f3. <strong>Me estaba preparando para esperar a Diego y me avisaron que falleci\u00f3\u00bb<\/strong>, record\u00f3.<\/p>\n<\/div>\n<div class=\"sc-e7b891c4-0 ifHnQL image-embed\"><img alt=\"Careca, Maradona y Alemao en el Napoli.\" loading=\"lazy\" width=\"720\" height=\"100\" decoding=\"async\" data-nimg=\"1\" src=\"http:\/\/hoycordobaweb.com\/wp-content\/uploads\/2025\/03\/el-ex-companero-de-maradona-que-marco-una-comparacion-entre-diego-y-messi-3.jpg\"><span class=\"epigraphe\">Careca, Maradona y Alemao en el Napoli.<\/span><\/div>\n<div class=\"custom-text \" readability=\"37\">\n<p>\u00abEl f\u00fatbol de hoy extra\u00f1a la alegr\u00eda del f\u00fatbol que ten\u00eda \u00e9l. En el f\u00fatbol de hoy no lo vemos m\u00e1s. N<strong>o hay m\u00e1s jugadores que te hac\u00edan divertir como lo hac\u00eda Diego. Siempre ser\u00e1 un mito imposible de olvidar\u00bb<\/strong>, agreg\u00f3. Y cerr\u00f3: \u00abMe hubiera gustado ayudarlo y estar m\u00e1s cerca de \u00e9l, para liberarlo de cosas que estaban complicado su salud\u00bb.<\/p>\n<\/div>\n<div class=\"sc-a7166897-0 eoLsBE\" readability=\"6\">\n<section readability=\"2\"><picture><img alt=\"La 12 se expres\u00f3 por el caso Maradona con banderas y canciones al minuto diez\" loading=\"lazy\" width=\"290\" height=\"290\" decoding=\"async\" data-nimg=\"1\" src=\"http:\/\/hoycordobaweb.com\/wp-content\/uploads\/2025\/03\/el-ex-companero-de-maradona-que-marco-una-comparacion-entre-diego-y-messi-4.jpg\"><\/picture>\n<p><span>Mir\u00e1 tambi\u00e9n<\/span><\/p>\n<hr>\n<h3>La 12 se expres\u00f3 por el caso Maradona con banderas y canciones al minuto diez<\/h3>\n<\/p>\n<\/section>\n<\/div>\n<div class=\"sc-a7166897-0 eoLsBE\" readability=\"7\">\n<section readability=\"4\"><picture><img alt=\"Profe Signorini con Ol\u00e9, el &quot;morbo&quot; en el juicio por Maradona y &quot;Diego marchar\u00eda con los jubilados&quot;\" loading=\"lazy\" width=\"290\" height=\"290\" decoding=\"async\" data-nimg=\"1\" src=\"http:\/\/hoycordobaweb.com\/wp-content\/uploads\/2025\/03\/el-ex-companero-de-maradona-que-marco-una-comparacion-entre-diego-y-messi-5.jpg\"><\/picture>\n<p><span>Mir\u00e1 tambi\u00e9n<\/span><\/p>\n<hr>\n<h3>Profe Signorini con Ol\u00e9, el \u00abmorbo\u00bb en el juicio por Maradona y \u00abDiego marchar\u00eda con los jubilados\u00bb<\/h3>\n<\/p>\n<\/section>\n<\/div>\n<div class=\"sc-a7166897-0 eoLsBE\" readability=\"6\">\n<section readability=\"2\"><picture><img alt=\"Juicio por la muerte de Diego Maradona: apartan a dos abogados en plena audiencia\" loading=\"lazy\" width=\"290\" height=\"290\" decoding=\"async\" data-nimg=\"1\" src=\"http:\/\/hoycordobaweb.com\/wp-content\/uploads\/2025\/03\/el-ex-companero-de-maradona-que-marco-una-comparacion-entre-diego-y-messi-6.jpg\"><\/picture>\n<p><span>Mir\u00e1 tambi\u00e9n<\/span><\/p>\n<hr>\n<h3>Juicio por la muerte de Diego Maradona: apartan a dos abogados en plena audiencia<\/h3>\n<\/p>\n<\/section>\n<\/div>\n<\/div>\n","protected":false},"excerpt":{"rendered":"<p>18\/03\/2025 11:08hs. Ricardo Rogerio de Brito, conocido en el mundo del f\u00fatbol como Alemao, fue un futbolista brasile\u00f1o que se destac\u00f3 a fines de la d\u00e9cada del 80 y principios del 90. Surgido en Botafogo, en 1987 pas\u00f3 al Atl\u00e9tico de Madrid y un a\u00f1o m\u00e1s tarde fue transferido al Napoli de Italia, donde coincidi\u00f3 [&hellip;]<\/p>\n","protected":false},"author":1,"featured_media":99791,"comment_status":"open","ping_status":"closed","sticky":false,"template":"","format":"standard","meta":[],"categories":[16],"tags":[],"_links":{"self":[{"href":"http:\/\/hoycordobaweb.com\/index.php\/wp-json\/wp\/v2\/posts\/99790"}],"collection":[{"href":"http:\/\/hoycordobaweb.com\/index.php\/wp-json\/wp\/v2\/posts"}],"about":[{"href":"http:\/\/hoycordobaweb.com\/index.php\/wp-json\/wp\/v2\/types\/post"}],"author":[{"embeddable":true,"href":"http:\/\/hoycordobaweb.com\/index.php\/wp-json\/wp\/v2\/users\/1"}],"replies":[{"embeddable":true,"href":"http:\/\/hoycordobaweb.com\/index.php\/wp-json\/wp\/v2\/comments?post=99790"}],"version-history":[{"count":0,"href":"http:\/\/hoycordobaweb.com\/index.php\/wp-json\/wp\/v2\/posts\/99790\/revisions"}],"wp:featuredmedia":[{"embeddable":true,"href":"http:\/\/hoycordobaweb.com\/index.php\/wp-json\/wp\/v2\/media\/99791"}],"wp:attachment":[{"href":"http:\/\/hoycordobaweb.com\/index.php\/wp-json\/wp\/v2\/media?parent=99790"}],"wp:term":[{"taxonomy":"category","embeddable":true,"href":"http:\/\/hoycordobaweb.com\/index.php\/wp-json\/wp\/v2\/categories?post=99790"},{"taxonomy":"post_tag","embeddable":true,"href":"http:\/\/hoycordobaweb.com\/index.php\/wp-json\/wp\/v2\/tags?post=99790"}],"curies":[{"name":"wp","href":"https:\/\/api.w.org\/{rel}","templated":true}]}}