{"id":99711,"date":"2025-03-17T13:23:06","date_gmt":"2025-03-17T13:23:06","guid":{"rendered":"https:\/\/www.ole.com.ar\/futbol-internacional\/libertadores\/copa-libertadores-lo-que-tenes-que-saber-de-liga-de-quito_0_eIMXM5DIbk.html"},"modified":"2025-03-17T13:23:06","modified_gmt":"2025-03-17T13:23:06","slug":"copa-libertadores-lo-que-tenes-que-saber-de-liga-de-quito","status":"publish","type":"post","link":"http:\/\/hoycordobaweb.com\/index.php\/2025\/03\/17\/copa-libertadores-lo-que-tenes-que-saber-de-liga-de-quito\/","title":{"rendered":"Copa Libertadores: lo que ten\u00e9s que saber de Liga de Quito"},"content":{"rendered":"<p><img src=\"http:\/\/hoycordobaweb.com\/wp-content\/uploads\/2025\/03\/copa-libertadores-lo-que-tenes-que-saber-de-liga-de-quito.jpg\"><\/p>\n<p><time class=\"createDate\" datetime=\"2025-03-17T10:23:06-03:00\">17\/03\/2025 10:23hs.<\/time><\/p>\n<div id=\"storyBody\">\n<div class=\"custom-text \" readability=\"30.745341614907\">\n<p>La <strong><a href=\"https:\/\/www.ole.com.ar\/tema\/liga-de-quito.html\" title=\"liga de quito\" alt=\"liga de quito\" class=\"slug\">Liga de Quito<\/a><\/strong> llega a esta edici\u00f3n de <strong><a href=\"https:\/\/www.ole.com.ar\/tema\/copa-libertadores.html\" title=\"Copa Libertadores\" alt=\"Copa Libertadores\" class=\"slug\">Copa Libertadores<\/a><\/strong> como <strong>\u00faltimo campe\u00f3n del f\u00fatbol ecuatoriano<\/strong> y estar\u00e1 en la m\u00e1xima cita del continente por segundo a\u00f1o consecutivo. Despu\u00e9s de quedarse con la <strong><a href=\"https:\/\/www.ole.com.ar\/tema\/copa-sudamericana.html\" title=\"Copa Sudamericana\" alt=\"Copa Sudamericana\" class=\"slug\">Copa Sudamericana<\/a><\/strong> de 2023, los Universitarios <strong>sue\u00f1an con repetir en la escena grande como ya lo hicieron en 2008.<\/strong><\/p>\n<\/div>\n<p><h2><strong>2008: el primer a\u00f1o dorado<\/strong><\/h2>\n<\/p>\n<div class=\"custom-text \" readability=\"33.295238095238\">\n<p>Con 23 participaciones totales en el m\u00e1ximo certamen sudamericano, la Liga <strong>es uno los 27 equipos que logr\u00f3 levantarla<\/strong>. De la mano de argentinos como el <strong><a href=\"https:\/\/www.ole.com.ar\/tema\/edgardo-bauza.html\" title=\"Edgardo Bauza\" alt=\"Edgardo Bauza\" class=\"slug\">Pat\u00f3n Edgardo Bauza<\/a><\/strong> y <strong><a href=\"https:\/\/www.ole.com.ar\/tema\/claudio-bieler.html\" title=\"Claudio Bieler\" alt=\"Claudio Bieler\" class=\"slug\">Claudio Taca Bieler<\/a><\/strong>, La U se consagr\u00f3 campeona de la Gloria Eterna en <strong>2008, <\/strong>convirti\u00e9ndose en el \u00fanico de su pa\u00eds en levantar la Copa.<\/p>\n<\/div>\n<div class=\"custom-text \" readability=\"31.749295774648\">\n<p>En el camino a su primer estrella internacional, <strong>Los Reyes tuvieron un duro camino<\/strong>: chocaron con <strong><a href=\"https:\/\/www.ole.com.ar\/tema\/libertad-fc.html\" title=\"Libertad FC\" alt=\"Libertad FC\" class=\"slug\">Libertad<\/a><\/strong>, <strong><a href=\"https:\/\/www.ole.com.ar\/tema\/arsenal-de-sarandi.html\" title=\"Arsenal de Sarand\u00ed\" alt=\"Arsenal de Sarand\u00ed\" class=\"slug\">Arsenal<\/a><\/strong> y <strong><a href=\"https:\/\/www.ole.com.ar\/tema\/fluminense.html\" title=\"Fluminense\" alt=\"Fluminense\" class=\"slug\">Fluminense<\/a><\/strong> en una fase de grupos que superaron en el 2\u00b0 puesto. M\u00e1s tarde baj\u00f3 del torneo a <strong><a href=\"https:\/\/www.ole.com.ar\/tema\/estudiantes-de-la-plata.html\" title=\"Estudiantes de La Plata\" alt=\"Estudiantes de La Plata\" class=\"slug\">Estudiantes<\/a><\/strong>, <strong><a href=\"https:\/\/www.ole.com.ar\/tema\/san-lorenzo.html\" title=\"San Lorenzo\" alt=\"San Lorenzo\" class=\"slug\">San Lorenzo<\/a><\/strong> y <strong><a href=\"https:\/\/www.ole.com.ar\/tema\/club-america.html\" title=\"Club Am\u00e9rica\" alt=\"Club Am\u00e9rica\" class=\"slug\">Am\u00e9rica de M\u00e9xico<\/a><\/strong>; la final volvi\u00f3 a cruzarlo con el <strong>Flu<\/strong>, al que termin\u00f3 gan\u00e1ndole por penales en el Maracan\u00e1.<\/p>\n<\/div>\n<div class=\"sc-e7b891c4-0 ifHnQL image-embed\"><img alt=\"El Taca, la figura de La Liga campeona de Am\u00e9rica.\" loading=\"lazy\" width=\"720\" height=\"100\" decoding=\"async\" data-nimg=\"1\" src=\"http:\/\/hoycordobaweb.com\/wp-content\/uploads\/2025\/03\/copa-libertadores-lo-que-tenes-que-saber-de-liga-de-quito-2.jpg\"><span class=\"epigraphe\">El Taca, la figura de La Liga campeona de Am\u00e9rica.<\/span><\/div>\n<p><h2><strong>Goles guaran\u00edes para \u00f3rdenes argentas<\/strong><\/h2>\n<\/p>\n<div class=\"custom-text \" readability=\"34.890025575448\">\n<p>La gran figura del equipo m\u00e1s grande de Ecuador sin lugar a dudas es el paraguayo <strong><a href=\"https:\/\/www.ole.com.ar\/tema\/alex-arce.html\" title=\"Alex Arce\" alt=\"Alex Arce\" class=\"slug\">Alex Arce<\/a><\/strong>: procedente de <a href=\"https:\/\/www.ole.com.ar\/tema\/independiente-rivadavia.html\" title=\"Independiente Rivadavia\" alt=\"Independiente Rivadavia\" class=\"slug\">Independiente Rivadavia<\/a>, el delantero de 29 a\u00f1os <strong>lleva 36 goles en 50 partidos y es el arma principal del equipo capitalino, siendo goleador del \u00faltimo torneo local<\/strong>. A pesar de rumores que sit\u00faan su futuro en Brasil, por ahora el guaran\u00ed <strong>se queda con sus goles en la Casa Blanca<\/strong>.<\/p>\n<\/div>\n<div class=\"custom-text \" readability=\"32.476489028213\">\n<p>Pero los goles del ex de la Lepra son dirigidos con una batuta Albiceleste: <strong>el entrenador del equipo ecuatoriano es el rosarino <a href=\"https:\/\/www.ole.com.ar\/tema\/pablo-vitamina-sanchez.html\" title=\"Pablo Vitamina S\u00e1nchez\" alt=\"Pablo Vitamina S\u00e1nchez\" class=\"slug\">Pablo Vitamina S\u00e1nchez<\/a><\/strong>. El ex Rosario Central lleg\u00f3 en junio de 2024 y <strong>ya obtuvo grandes resultados: <\/strong>sac\u00f3 a su equipo campe\u00f3n y manteni\u00e9ndolo siempre en los primeros puestos de la tabla.<\/p>\n<\/div>\n<div class=\"sc-e7b891c4-0 ifHnQL image-embed\"><img alt=\"Vitamina S\u00e1nchez, el cerebro del campe\u00f3n ecuatoriano.\" loading=\"lazy\" width=\"720\" height=\"100\" decoding=\"async\" data-nimg=\"1\" src=\"http:\/\/hoycordobaweb.com\/wp-content\/uploads\/2025\/03\/copa-libertadores-lo-que-tenes-que-saber-de-liga-de-quito-3.jpg\"><span class=\"epigraphe\">Vitamina S\u00e1nchez, el cerebro del campe\u00f3n ecuatoriano.<\/span><\/div>\n<p><h2><strong>\u00bfC\u00f3mo llega a la Libertadores?<\/strong><\/h2>\n<\/p>\n<div class=\"custom-text \" readability=\"35\">\n<p><strong>El equipo ecuatoriano llega en un gran momento al m\u00e1ximo certamen continental<\/strong>: marcha en el <strong>segundo puesto de la Serie A ecuatoriana<\/strong> y todav\u00eda mantiene su <strong>invicto<\/strong> dom\u00e9stico. Viene de obtener el <strong>campeonato anual y adem\u00e1s se llev\u00f3 la Supercopa<\/strong> por penales ante El Nacional a principios de febrero.<\/p>\n<\/div>\n<div class=\"custom-text \" readability=\"34.373456790123\">\n<p>La clasificaci\u00f3n a la Copa Libertadores la obtuvo tras coronarse <strong>campe\u00f3n del a\u00f1o en Ecuador<\/strong>: con la llegada de Vitamina, <strong>la Liga domin\u00f3 la segunda parte del torneo y se qued\u00f3 con la punta de la tabla<\/strong> del segundo semestre. As\u00ed clasific\u00f3 a la <strong>final ante <a href=\"https:\/\/www.ole.com.ar\/tema\/independiente-del-valle.html\" title=\"Independiente del Valle\" alt=\"Independiente del Valle\" class=\"slug\">Independiente del Valle<\/a><\/strong>, a quien derrot\u00f3 por un global de <strong>3 a 1<\/strong>.<\/p>\n<\/div>\n<div class=\"sc-e7b891c4-0 ifHnQL image-embed\"><img alt=\"El festejo de Liga de Quito campe\u00f3n.\" loading=\"lazy\" width=\"720\" height=\"100\" decoding=\"async\" data-nimg=\"1\" src=\"http:\/\/hoycordobaweb.com\/wp-content\/uploads\/2025\/03\/copa-libertadores-lo-que-tenes-que-saber-de-liga-de-quito-4.jpg\"><span class=\"epigraphe\">El festejo de Liga de Quito campe\u00f3n.<\/span><\/div>\n<div class=\"sc-a7166897-0 eoLsBE\" readability=\"6.5\">\n<section readability=\"3\"><picture><img alt=\"El extra\u00f1o parte m\u00e9dico de Boca sobre Camilo Rey Domenech y la aclaraci\u00f3n de su pap\u00e1\" loading=\"lazy\" width=\"290\" height=\"290\" decoding=\"async\" data-nimg=\"1\" src=\"http:\/\/hoycordobaweb.com\/wp-content\/uploads\/2025\/03\/copa-libertadores-lo-que-tenes-que-saber-de-liga-de-quito-5.jpg\"><\/picture>\n<p><span>Mir\u00e1 tambi\u00e9n<\/span><\/p>\n<hr>\n<h3>El extra\u00f1o parte m\u00e9dico de Boca sobre Camilo Rey Domenech y la aclaraci\u00f3n de su pap\u00e1<\/h3>\n<\/p>\n<\/section>\n<\/div>\n<div class=\"sc-a7166897-0 eoLsBE\" readability=\"6.5\">\n<section readability=\"3\"><picture><img alt=\"Bochini: del objetivo de Independiente en la Sudamericana hasta el Cl\u00e1sico de Avellaneda\" loading=\"lazy\" width=\"290\" height=\"290\" decoding=\"async\" data-nimg=\"1\" src=\"http:\/\/hoycordobaweb.com\/wp-content\/uploads\/2025\/03\/copa-libertadores-lo-que-tenes-que-saber-de-liga-de-quito-6.jpg\"><\/picture>\n<p><span>Mir\u00e1 tambi\u00e9n<\/span><\/p>\n<hr>\n<h3>Bochini: del objetivo de Independiente en la Sudamericana hasta el Cl\u00e1sico de Avellaneda<\/h3>\n<\/p>\n<\/section>\n<\/div>\n<div class=\"sc-a7166897-0 eoLsBE\" readability=\"6.5\">\n<section readability=\"3\"><picture><img alt=\"Atento River: la impactante racha positiva de Riestra como local ante los equipos grandes\" loading=\"lazy\" width=\"290\" height=\"290\" decoding=\"async\" data-nimg=\"1\" src=\"http:\/\/hoycordobaweb.com\/wp-content\/uploads\/2025\/03\/copa-libertadores-lo-que-tenes-que-saber-de-liga-de-quito-7.jpg\"><\/picture>\n<p><span>Mir\u00e1 tambi\u00e9n<\/span><\/p>\n<hr>\n<h3>Atento River: la impactante racha positiva de Riestra como local ante los equipos grandes<\/h3>\n<\/p>\n<\/section>\n<\/div>\n<\/div>\n","protected":false},"excerpt":{"rendered":"<p>17\/03\/2025 10:23hs. La Liga de Quito llega a esta edici\u00f3n de Copa Libertadores como \u00faltimo campe\u00f3n del f\u00fatbol ecuatoriano y estar\u00e1 en la m\u00e1xima cita del continente por segundo a\u00f1o consecutivo. Despu\u00e9s de quedarse con la Copa Sudamericana de 2023, los Universitarios sue\u00f1an con repetir en la escena grande como ya lo hicieron en 2008. [&hellip;]<\/p>\n","protected":false},"author":1,"featured_media":99712,"comment_status":"open","ping_status":"closed","sticky":false,"template":"","format":"standard","meta":[],"categories":[16],"tags":[],"_links":{"self":[{"href":"http:\/\/hoycordobaweb.com\/index.php\/wp-json\/wp\/v2\/posts\/99711"}],"collection":[{"href":"http:\/\/hoycordobaweb.com\/index.php\/wp-json\/wp\/v2\/posts"}],"about":[{"href":"http:\/\/hoycordobaweb.com\/index.php\/wp-json\/wp\/v2\/types\/post"}],"author":[{"embeddable":true,"href":"http:\/\/hoycordobaweb.com\/index.php\/wp-json\/wp\/v2\/users\/1"}],"replies":[{"embeddable":true,"href":"http:\/\/hoycordobaweb.com\/index.php\/wp-json\/wp\/v2\/comments?post=99711"}],"version-history":[{"count":0,"href":"http:\/\/hoycordobaweb.com\/index.php\/wp-json\/wp\/v2\/posts\/99711\/revisions"}],"wp:featuredmedia":[{"embeddable":true,"href":"http:\/\/hoycordobaweb.com\/index.php\/wp-json\/wp\/v2\/media\/99712"}],"wp:attachment":[{"href":"http:\/\/hoycordobaweb.com\/index.php\/wp-json\/wp\/v2\/media?parent=99711"}],"wp:term":[{"taxonomy":"category","embeddable":true,"href":"http:\/\/hoycordobaweb.com\/index.php\/wp-json\/wp\/v2\/categories?post=99711"},{"taxonomy":"post_tag","embeddable":true,"href":"http:\/\/hoycordobaweb.com\/index.php\/wp-json\/wp\/v2\/tags?post=99711"}],"curies":[{"name":"wp","href":"https:\/\/api.w.org\/{rel}","templated":true}]}}