{"id":99707,"date":"2025-03-17T13:49:17","date_gmt":"2025-03-17T13:49:17","guid":{"rendered":"https:\/\/www.ole.com.ar\/futbol-internacional\/libertadores\/san-pablo-tenes-saber-copalibertadores_0_Fp3B89hMSI.html"},"modified":"2025-03-17T13:49:17","modified_gmt":"2025-03-17T13:49:17","slug":"copa-libertadores-lo-que-tenes-que-saber-de-san-pablo","status":"publish","type":"post","link":"http:\/\/hoycordobaweb.com\/index.php\/2025\/03\/17\/copa-libertadores-lo-que-tenes-que-saber-de-san-pablo\/","title":{"rendered":"Copa Libertadores: lo que ten\u00e9s que saber de San Pablo"},"content":{"rendered":"<p><img src=\"http:\/\/hoycordobaweb.com\/wp-content\/uploads\/2025\/03\/copa-libertadores-lo-que-tenes-que-saber-de-san-pablo.jpg\"><\/p>\n<p><time class=\"createDate\" datetime=\"2025-03-17T10:49:17-03:00\">17\/03\/2025 10:49hs.<\/time><\/p>\n<div id=\"storyBody\">\n<div class=\"custom-text \" readability=\"33.388489208633\">\n<p>De la mano de<strong><a href=\"https:\/\/www.ole.com.ar\/tema\/luis-zubeldia.html\" title=\"Lu\u00eds Zubeld\u00eda\" alt=\"Lu\u00eds Zubeld\u00eda\" class=\"slug\">Luis Zubeld\u00eda<\/a><\/strong>,<strong> <a href=\"https:\/\/www.ole.com.ar\/tema\/sao-paulo.html\" title=\"Sao Paulo\" alt=\"Sao Paulo\" class=\"slug\">San Pablo<\/a><\/strong> volvi\u00f3 a meterse en la pelea grande del continente. La \u00faltima d\u00e9cada del conjunto paulista estuvo lejos de ser la que manda su historia, la cual ostenta tres <a href=\"https:\/\/www.ole.com.ar\/tema\/copa-libertadores.html\" title=\"Copa Libertadores\" alt=\"Copa Libertadores\" class=\"slug\">Copa Libertadores<\/a>, algo que comparte con Palmeiras, Santos, Gremio y Flamengo.<\/p>\n<\/div>\n<div class=\"custom-text \" readability=\"33.145539906103\">\n<p><strong>Con <a href=\"https:\/\/www.ole.com.ar\/tema\/jonathan-calleri.html\" title=\"Jonathan Calleri\" alt=\"Jonathan Calleri\" class=\"slug\">Jonathan Calleri<\/a> como su principal referente, el Tricolor logr\u00f3 el 6\u00ba puesto del Campeonato Brasile\u00f1o<\/strong> Serie A 2024 lo que le permiti\u00f3 sellar su pasaje a la Fase de Grupos.<strong> El San Pablo grit\u00f3 campe\u00f3n en el 1992, 1993 y 2005<\/strong> cuando venci\u00f3 a <a href=\"https:\/\/www.ole.com.ar\/tema\/newells-old-boys.html\" title=\"Newell's Old Boys\" alt=\"Newell's Old Boys\" class=\"slug\">Newell&#8217;s<\/a>, <a href=\"https:\/\/www.ole.com.ar\/tema\/universidad-catolica.html\" title=\"Universidad Cat\u00f3lica\" alt=\"Universidad Cat\u00f3lica\" class=\"slug\">Universidad Cat\u00f3lica<\/a> y <a href=\"https:\/\/www.ole.com.ar\/tema\/athletico-paranaense.html\" title=\"Athletico Paranaense\" alt=\"Athletico Paranaense\" class=\"slug\">Atl\u00e9tico Paranaense<\/a> respectivamente. Sin embargo, <strong>el a\u00f1o pasado lleg\u00f3 hasta cuartos de final<\/strong> donde cay\u00f3 ante el vigente campe\u00f3n, <a href=\"https:\/\/www.ole.com.ar\/tema\/botafogo.html\" title=\"botafogo\" alt=\"botafogo\" class=\"slug\">Botafogo<\/a><\/p>\n<\/div>\n<div class=\"custom-text \" readability=\"36\">\n<p>Cabe destacar que el Tricolor alcanz\u00f3 las semifinales del campeonato Paulista en el arranque del 2025, en donde cay\u00f3 frente a Palmeiras, que se enfrenta a Corinthians en la final (gan\u00f3 1-0 el Timao como visitante en el juego de ida).<\/p>\n<\/div>\n<div class=\"custom-text \" readability=\"36.474820143885\">\n<p>Adem\u00e1s, de contar con el delantero ex Boca,<strong> el elenco comandado por Zubeld\u00eda tiene en sus filas <\/strong>a los albicelestes <strong>Alan Franco<\/strong> (ex <a href=\"https:\/\/www.ole.com.ar\/tema\/club-atletico-independiente.html\" title=\"Club Atl\u00e9tico Independiente\" alt=\"Club Atl\u00e9tico Independiente\" class=\"slug\">Independiente<\/a>) y Enzo D\u00edaz (ex <a href=\"https:\/\/www.ole.com.ar\/tema\/river-plate.html\" title=\"River Plate\" alt=\"River Plate\" class=\"slug\">River<\/a>), sumado a las estrellas de Lucas Moura, Oscar y Luiz Gustavo, todos con pasado en la selecci\u00f3n de Brasil. <\/p>\n<\/div>\n<div class=\"sc-e7b891c4-0 ifHnQL image-embed\"><img alt=\"Calleri, una de las figuras del San Pablo.\n(Foto: Prensa San Pablo).\" loading=\"lazy\" width=\"720\" height=\"100\" decoding=\"async\" data-nimg=\"1\" src=\"http:\/\/hoycordobaweb.com\/wp-content\/uploads\/2025\/03\/copa-libertadores-lo-que-tenes-que-saber-de-san-pablo-2.jpg\"><span class=\"epigraphe\">Calleri, una de las figuras del San Pablo.<br \/>\n(Foto: Prensa San Pablo).<\/span><\/div>\n<p><h2><strong>\u00bfSu estadio?<\/strong><\/h2>\n<\/p>\n<div class=\"custom-text \" readability=\"34\">\n<p><strong>El conjunto paulista hace de local en el m\u00edtico estadio Morumb\u00ed <\/strong>que cuenta con una capacidad para m\u00e1s de 70.000 espectadores. \u00bfPodr\u00e1 hacer valer el apoyo de su gente y tener una buena participaci\u00f3n en la Copa? \u00bfC\u00f3mo le ir\u00e1 al Tricolor en esta edici\u00f3n?<\/p>\n<\/div>\n<div class=\"sc-e7b891c4-0 ifHnQL image-embed\"><img alt=\"El Morumbi, el estadio del San Pablo.\" loading=\"lazy\" width=\"720\" height=\"100\" decoding=\"async\" data-nimg=\"1\" src=\"http:\/\/hoycordobaweb.com\/wp-content\/uploads\/2025\/03\/copa-libertadores-lo-que-tenes-que-saber-de-san-pablo-3.jpg\"><span class=\"epigraphe\">El Morumbi, el estadio del San Pablo.<\/span><\/div>\n<p><h2><strong>Cu\u00e1ndo comienza su camino en Copa Libertadores<\/strong><\/h2>\n<\/p>\n<div class=\"custom-text \" readability=\"38\">\n<p>Fase de grupos (comienzo previsto para el 2 de abril): son, como de costumbre, 32 equipos que se dividir\u00e1n en ocho grupos de cuatro cada uno. Los dos primeros de cada zona pasar\u00e1n a octavos de final y los terceros ir\u00e1n a playoffs para octavos de la Sudamericana.<strong> San Pablo forma parte del bolillero n\u00famero 1 <\/strong>y evita tanto a Racing como a River. Con el resto de los elencos nacionales, podr\u00e1 cruzarse con cualquiera.<\/p>\n<\/div>\n<div class=\"sc-e7b891c4-0 ifHnQL image-embed\"><img alt=\"Los bombos para el sorteo de la Libertadores.\" loading=\"lazy\" width=\"720\" height=\"100\" decoding=\"async\" data-nimg=\"1\" src=\"http:\/\/hoycordobaweb.com\/wp-content\/uploads\/2025\/03\/copa-libertadores-lo-que-tenes-que-saber-de-san-pablo-4.jpg\"><span class=\"epigraphe\">Los bombos para el sorteo de la Libertadores.<\/span><\/div>\n<div class=\"sc-a7166897-0 eoLsBE\" readability=\"6\">\n<section readability=\"2\"><picture><img alt=\"Copa Libertadores: lo que ten\u00e9s que saber de Barcelona de Guayaquil\" loading=\"lazy\" width=\"290\" height=\"290\" decoding=\"async\" data-nimg=\"1\" src=\"http:\/\/hoycordobaweb.com\/wp-content\/uploads\/2025\/03\/copa-libertadores-lo-que-tenes-que-saber-de-san-pablo-5.jpg\"><\/picture>\n<p><span>Mir\u00e1 tambi\u00e9n<\/span><\/p>\n<hr>\n<h3>Copa Libertadores: lo que ten\u00e9s que saber de Barcelona de Guayaquil<\/h3>\n<\/p>\n<\/section>\n<\/div>\n<div class=\"sc-a7166897-0 eoLsBE\" readability=\"6\">\n<section readability=\"2\"><picture><img alt=\"Copa Libertadores: todo lo que ten\u00e9s que saber de Nacional\" loading=\"lazy\" width=\"290\" height=\"290\" decoding=\"async\" data-nimg=\"1\" src=\"http:\/\/hoycordobaweb.com\/wp-content\/uploads\/2025\/03\/copa-libertadores-lo-que-tenes-que-saber-de-san-pablo-6.jpg\"><\/picture>\n<p><span>Mir\u00e1 tambi\u00e9n<\/span><\/p>\n<hr>\n<h3>Copa Libertadores: todo lo que ten\u00e9s que saber de Nacional<\/h3>\n<\/p>\n<\/section>\n<\/div>\n<div class=\"sc-a7166897-0 eoLsBE\" readability=\"6\">\n<section readability=\"2\"><picture><img alt=\"Copa Libertadores: todo lo que ten\u00e9s que saber de Talleres \" loading=\"lazy\" width=\"290\" height=\"290\" decoding=\"async\" data-nimg=\"1\" src=\"http:\/\/hoycordobaweb.com\/wp-content\/uploads\/2025\/03\/copa-libertadores-lo-que-tenes-que-saber-de-san-pablo-7.jpg\"><\/picture>\n<p><span>Mir\u00e1 tambi\u00e9n<\/span><\/p>\n<hr>\n<h3>Copa Libertadores: todo lo que ten\u00e9s que saber de Talleres <\/h3>\n<\/p>\n<\/section>\n<\/div>\n<\/div>\n","protected":false},"excerpt":{"rendered":"<p>17\/03\/2025 10:49hs. De la mano deLuis Zubeld\u00eda, San Pablo volvi\u00f3 a meterse en la pelea grande del continente. La \u00faltima d\u00e9cada del conjunto paulista estuvo lejos de ser la que manda su historia, la cual ostenta tres Copa Libertadores, algo que comparte con Palmeiras, Santos, Gremio y Flamengo. Con Jonathan Calleri como su principal referente, [&hellip;]<\/p>\n","protected":false},"author":1,"featured_media":99708,"comment_status":"open","ping_status":"closed","sticky":false,"template":"","format":"standard","meta":[],"categories":[16],"tags":[],"_links":{"self":[{"href":"http:\/\/hoycordobaweb.com\/index.php\/wp-json\/wp\/v2\/posts\/99707"}],"collection":[{"href":"http:\/\/hoycordobaweb.com\/index.php\/wp-json\/wp\/v2\/posts"}],"about":[{"href":"http:\/\/hoycordobaweb.com\/index.php\/wp-json\/wp\/v2\/types\/post"}],"author":[{"embeddable":true,"href":"http:\/\/hoycordobaweb.com\/index.php\/wp-json\/wp\/v2\/users\/1"}],"replies":[{"embeddable":true,"href":"http:\/\/hoycordobaweb.com\/index.php\/wp-json\/wp\/v2\/comments?post=99707"}],"version-history":[{"count":0,"href":"http:\/\/hoycordobaweb.com\/index.php\/wp-json\/wp\/v2\/posts\/99707\/revisions"}],"wp:featuredmedia":[{"embeddable":true,"href":"http:\/\/hoycordobaweb.com\/index.php\/wp-json\/wp\/v2\/media\/99708"}],"wp:attachment":[{"href":"http:\/\/hoycordobaweb.com\/index.php\/wp-json\/wp\/v2\/media?parent=99707"}],"wp:term":[{"taxonomy":"category","embeddable":true,"href":"http:\/\/hoycordobaweb.com\/index.php\/wp-json\/wp\/v2\/categories?post=99707"},{"taxonomy":"post_tag","embeddable":true,"href":"http:\/\/hoycordobaweb.com\/index.php\/wp-json\/wp\/v2\/tags?post=99707"}],"curies":[{"name":"wp","href":"https:\/\/api.w.org\/{rel}","templated":true}]}}