{"id":99552,"date":"2025-03-15T01:21:01","date_gmt":"2025-03-15T01:21:01","guid":{"rendered":"https:\/\/www.ole.com.ar\/futbol-internacional\/libertadores\/flamengo-copa-libertadores-agustin-rossi_0_z1BXvyffKC.html"},"modified":"2025-03-15T01:21:01","modified_gmt":"2025-03-15T01:21:01","slug":"copa-libertadores-todo-lo-que-tenes-que-saber-de-flamengo","status":"publish","type":"post","link":"http:\/\/hoycordobaweb.com\/index.php\/2025\/03\/15\/copa-libertadores-todo-lo-que-tenes-que-saber-de-flamengo\/","title":{"rendered":"Copa Libertadores: todo lo que ten\u00e9s que saber de Flamengo"},"content":{"rendered":"<p><img src=\"http:\/\/hoycordobaweb.com\/wp-content\/uploads\/2025\/03\/copa-libertadores-todo-lo-que-tenes-que-saber-de-flamengo.jpg\"><\/p>\n<p><time class=\"createDate\" datetime=\"2025-03-14T22:21:01-03:00\">14\/03\/2025 22:21hs.<\/time><\/p>\n<div id=\"storyBody\">\n<div class=\"custom-text \" readability=\"38.035381750466\">\n<p>Luego de ser campe\u00f3n de la<strong><a href=\"https:\/\/www.ole.com.ar\/tema\/copa-libertadores.html\" title=\"Copa Libertadores\" alt=\"Copa Libertadores\" class=\"slug\"> Copa Libertadores<\/a><\/strong> 2022, Flamengo, que cuenta con el arquero Agust\u00edn Rossi como \u00fanico argentino,&nbsp;casi que no volvi\u00f3 a ser protagonista del m\u00e1ximo certamen continental. El paso de varios DT&#8217;s por el banco del Mengao fueron un s\u00edntoma de ello. Desde entonces, pasaron sin pena ni gloria nombres como el de <strong>Renato Ga\u00facho,<\/strong> <strong><a href=\"https:\/\/www.ole.com.ar\/tema\/jorge-sampaoli.html\" title=\"Jorge sampaoli\" alt=\"Jorge sampaoli\" class=\"slug\">Jorge Sampaoli,<\/a><\/strong> <strong><a href=\"https:\/\/www.ole.com.ar\/tema\/dorival-junior.html\" title=\"Dorival J\u00fanior\" alt=\"Dorival J\u00fanior\" class=\"slug\">Dorival Junior<\/a><\/strong> y <strong><a href=\"https:\/\/www.ole.com.ar\/tema\/tite.html\" title=\"Tite\" alt=\"Tite\" class=\"slug\">Tit\u00e9<\/a><\/strong>, hasta el arribo de <strong><a href=\"https:\/\/www.ole.com.ar\/tema\/filipe-luis.html\" title=\"Filipe Luis\" alt=\"Filipe Luis\" class=\"slug\">Filipe Luis<\/a><\/strong>, quien se retir\u00f3 como jugador del club en diciembre del 2023 y tom\u00f3 las riendas del equipo en octubre del 2024.<\/p>\n<\/div>\n<div class=\"custom-text \" readability=\"40\">\n<p>En el medio, hubo bajas de peso tambi\u00e9n, como la salida de <strong>Gabigol<\/strong>, quien finaliz\u00f3 su contrato para concretar su arribo a Cruzeiro, en donde tiene uno de los mejores contratos en la historia del Brasileirao. O <strong>Pedro<\/strong>, que se rompi\u00f3 los ligamentos el a\u00f1o pasado y que se encuentra en su etapa final de recuperaci\u00f3n. <\/p>\n<\/div>\n<div class=\"custom-text \" readability=\"37\">\n<p>Aunque este 2025 lo comenz\u00f3 mejor, puesto que est\u00e1 un paso de un nuevo t\u00edtulo en el Torneo Carioca (gan\u00f3 la ida de la final y juega la vuelta este domingo ante Fluminense), tras un buen cierre de Brasileirao y de consagrarse campe\u00f3n de la Copa de Brasil en 2024. \u00bfPodr\u00e1 volver a ser uno de los protagonistas de esta Copa Libertadores?<\/p>\n<\/div>\n<div class=\"sc-e7b891c4-0 ifHnQL image-embed\"><img alt=\"El equipo de Flamengo. REUTERS\" loading=\"lazy\" width=\"720\" height=\"100\" decoding=\"async\" data-nimg=\"1\" src=\"http:\/\/hoycordobaweb.com\/wp-content\/uploads\/2025\/03\/copa-libertadores-todo-lo-que-tenes-que-saber-de-flamengo-2.jpg\"><span class=\"epigraphe\">El equipo de Flamengo. REUTERS<\/span><\/div>\n<p><h2><strong>\u00bfC\u00f3mo le fue en su \u00faltima participaci\u00f3n?<\/strong><\/h2>\n<\/p>\n<div class=\"custom-text \" readability=\"40.139107611549\">\n<p>En la edici\u00f3n de 2024, Flamengo <strong>lleg\u00f3 hasta los cuartos de final<\/strong>, una actuaci\u00f3n decepcionante por lo invertido y los jugadores estrellas con los que contaba el equipo. En esa instancia, fue derrotado 1-0 por <strong><a href=\"https:\/\/www.ole.com.ar\/tema\/penarol.html\" title=\"Pe\u00f1arol\" alt=\"Pe\u00f1arol\" class=\"slug\">Pe\u00f1arol <\/a><\/strong>en el Maracan\u00e1, resultado que no pudieron revertir en tierras uruguayas. Esta eliminaci\u00f3n, sumado a un mal rendimiento local, consum\u00f3 la destituci\u00f3n de Tite.<\/p>\n<\/div>\n<div class=\"custom-text \" readability=\"33\">\n<p>Para este 2025, clasific\u00f3 directamente a fase de grupos al haber ganado la Copa de Brasil 2024.<\/p>\n<\/div>\n<div class=\"sc-e7b891c4-0 ifHnQL image-embed\"><img alt=\"Pe\u00f1arol elimin\u00f3 a Flamengo de la Copa Libertadores 2024. EFE\" loading=\"lazy\" width=\"720\" height=\"100\" decoding=\"async\" data-nimg=\"1\" src=\"http:\/\/hoycordobaweb.com\/wp-content\/uploads\/2025\/03\/copa-libertadores-todo-lo-que-tenes-que-saber-de-flamengo-3.jpg\"><span class=\"epigraphe\">Pe\u00f1arol elimin\u00f3 a Flamengo de la Copa Libertadores 2024. EFE<\/span><\/div>\n<p><h2><strong>Cu\u00e1ndo comienza su camino en Copa Libertadores<\/strong><\/h2>\n<\/p>\n<div class=\"custom-text \" readability=\"39\">\n<p>La fase de grupos de la Libertadores tiene su iniciar\u00e1 el 2 de abril: son, como de costumbre, <strong>32 equipos que se dividir\u00e1n en ocho grupos de cuatro cada uno.<\/strong> Los dos primeros de cada zona pasar\u00e1n a octavos de final y los terceros ir\u00e1n a playoffs para octavos de la Sudamericana. Flamengo forma parte del primer bolillero, por lo que <strong>podr\u00e1 cruzarse con cualquiera de los argentinos participantes, a excepci\u00f3n de River y Racing.<\/strong><\/p>\n<\/div>\n<div class=\"custom-text \" readability=\"36\">\n<p>Por otra parte, los octavos de final se jugar\u00e1n entre el 12 y el 21 de agosto, los cuartos se har\u00e1n entre el 16 y el 25 de septiembre mientras que las semifinales se disputar\u00e1n entre el 21 y el 29 de octubre. La<strong> final est\u00e1 prevista para el s\u00e1bado 29 de noviembre en sede a\u00fan por definir.<\/strong><\/p>\n<\/div>\n<div class=\"sc-e7b891c4-0 ifHnQL image-embed\"><img alt=\"Gabigol, la estrella que no estar\u00e1 m\u00e1s con Flamengo. EFE\" loading=\"lazy\" width=\"720\" height=\"100\" decoding=\"async\" data-nimg=\"1\" src=\"http:\/\/hoycordobaweb.com\/wp-content\/uploads\/2025\/03\/copa-libertadores-todo-lo-que-tenes-que-saber-de-flamengo-4.jpg\"><span class=\"epigraphe\">Gabigol, la estrella que no estar\u00e1 m\u00e1s con Flamengo. EFE<\/span><\/div>\n<div class=\"sc-a7166897-0 eoLsBE\" readability=\"6\">\n<section readability=\"2\"><picture><img alt=\"Libertadores Sub 20: Belgrano se qued\u00f3 en semis y habr\u00e1 final brasile\u00f1a\" loading=\"lazy\" width=\"290\" height=\"290\" decoding=\"async\" data-nimg=\"1\" src=\"http:\/\/hoycordobaweb.com\/wp-content\/uploads\/2025\/03\/copa-libertadores-todo-lo-que-tenes-que-saber-de-flamengo-5.jpg\"><\/picture>\n<p><span>Mir\u00e1 tambi\u00e9n<\/span><\/p>\n<hr>\n<h3>Libertadores Sub 20: Belgrano se qued\u00f3 en semis y habr\u00e1 final brasile\u00f1a<\/h3>\n<\/p>\n<\/section>\n<\/div>\n<div class=\"sc-a7166897-0 eoLsBE\" readability=\"7.5\">\n<section readability=\"5\"><picture><img alt=\"Copa Libertadores: Alianza Lima, Cerro Porte\u00f1o, Barcelona de Guayaquil y Bah\u00eda a fase de grupos\" loading=\"lazy\" width=\"290\" height=\"290\" decoding=\"async\" data-nimg=\"1\" src=\"http:\/\/hoycordobaweb.com\/wp-content\/uploads\/2025\/03\/copa-libertadores-todo-lo-que-tenes-que-saber-de-flamengo-6.jpg\"><\/picture>\n<p><span>Mir\u00e1 tambi\u00e9n<\/span><\/p>\n<hr>\n<h3>Copa Libertadores: Alianza Lima, Cerro Porte\u00f1o, Barcelona de Guayaquil y Bah\u00eda a fase de grupos<\/h3>\n<\/p>\n<\/section>\n<\/div>\n<div class=\"sc-a7166897-0 eoLsBE\" readability=\"6.5\">\n<section readability=\"3\"><picture><img alt=\"En qu\u00e9 puesto del ranking de la IFFHS qued\u00f3 Racing tras consagrarse campe\u00f3n de la Sudamericana y la Recopa\" loading=\"lazy\" width=\"290\" height=\"290\" decoding=\"async\" data-nimg=\"1\" src=\"http:\/\/hoycordobaweb.com\/wp-content\/uploads\/2025\/03\/copa-libertadores-todo-lo-que-tenes-que-saber-de-flamengo-7.jpg\"><\/picture>\n<p><span>Mir\u00e1 tambi\u00e9n<\/span><\/p>\n<hr>\n<h3>En qu\u00e9 puesto del ranking de la IFFHS qued\u00f3 Racing tras consagrarse campe\u00f3n de la Sudamericana y la Recopa<\/h3>\n<\/p>\n<\/section>\n<\/div>\n<\/div>\n","protected":false},"excerpt":{"rendered":"<p>14\/03\/2025 22:21hs. Luego de ser campe\u00f3n de la Copa Libertadores 2022, Flamengo, que cuenta con el arquero Agust\u00edn Rossi como \u00fanico argentino,&nbsp;casi que no volvi\u00f3 a ser protagonista del m\u00e1ximo certamen continental. El paso de varios DT&#8217;s por el banco del Mengao fueron un s\u00edntoma de ello. Desde entonces, pasaron sin pena ni gloria nombres [&hellip;]<\/p>\n","protected":false},"author":1,"featured_media":99553,"comment_status":"open","ping_status":"closed","sticky":false,"template":"","format":"standard","meta":[],"categories":[16],"tags":[],"_links":{"self":[{"href":"http:\/\/hoycordobaweb.com\/index.php\/wp-json\/wp\/v2\/posts\/99552"}],"collection":[{"href":"http:\/\/hoycordobaweb.com\/index.php\/wp-json\/wp\/v2\/posts"}],"about":[{"href":"http:\/\/hoycordobaweb.com\/index.php\/wp-json\/wp\/v2\/types\/post"}],"author":[{"embeddable":true,"href":"http:\/\/hoycordobaweb.com\/index.php\/wp-json\/wp\/v2\/users\/1"}],"replies":[{"embeddable":true,"href":"http:\/\/hoycordobaweb.com\/index.php\/wp-json\/wp\/v2\/comments?post=99552"}],"version-history":[{"count":0,"href":"http:\/\/hoycordobaweb.com\/index.php\/wp-json\/wp\/v2\/posts\/99552\/revisions"}],"wp:featuredmedia":[{"embeddable":true,"href":"http:\/\/hoycordobaweb.com\/index.php\/wp-json\/wp\/v2\/media\/99553"}],"wp:attachment":[{"href":"http:\/\/hoycordobaweb.com\/index.php\/wp-json\/wp\/v2\/media?parent=99552"}],"wp:term":[{"taxonomy":"category","embeddable":true,"href":"http:\/\/hoycordobaweb.com\/index.php\/wp-json\/wp\/v2\/categories?post=99552"},{"taxonomy":"post_tag","embeddable":true,"href":"http:\/\/hoycordobaweb.com\/index.php\/wp-json\/wp\/v2\/tags?post=99552"}],"curies":[{"name":"wp","href":"https:\/\/api.w.org\/{rel}","templated":true}]}}