{"id":99542,"date":"2025-03-15T14:03:01","date_gmt":"2025-03-15T14:03:01","guid":{"rendered":"https:\/\/www.ole.com.ar\/fuera-de-juego\/martin-palermo-penales-colombia-argentina_0_0Hc7C5IAUf.html"},"modified":"2025-03-15T14:03:01","modified_gmt":"2025-03-15T14:03:01","slug":"martin-palermo-recordo-sus-tres-penales-fallados-ante-colombia-y-destaco-la-actitud-de-dos-companeros-me-meti-en-la-cama-y-respetaron-mi-silencio","status":"publish","type":"post","link":"http:\/\/hoycordobaweb.com\/index.php\/2025\/03\/15\/martin-palermo-recordo-sus-tres-penales-fallados-ante-colombia-y-destaco-la-actitud-de-dos-companeros-me-meti-en-la-cama-y-respetaron-mi-silencio\/","title":{"rendered":"Mart\u00edn Palermo record\u00f3 sus tres penales fallados ante Colombia y destac\u00f3 la actitud de dos compa\u00f1eros: \u00abMe met\u00ed en la cama y respetaron mi silencio\u00bb"},"content":{"rendered":"<p><img src=\"http:\/\/hoycordobaweb.com\/wp-content\/uploads\/2025\/03\/martin-palermo-recordo-sus-tres-penales-fallados-ante-colombia-y-destaco-la-actitud-de-dos-companeros-me-meti-en-la-cama-y-respetaron-mi-silencio.jpg\"><\/p>\n<p><time class=\"createDate\" datetime=\"2025-03-15T11:03:01-03:00\">15\/03\/2025 11:03hs.<\/time><\/p>\n<div id=\"storyBody\">\n<div class=\"custom-text \" readability=\"32.672897196262\">\n<p>El gran presente que atraviesa con <strong><a href=\"https:\/\/www.ole.com.ar\/tema\/olimpia-de-paraguay.html\" target=\"_blank\" title=\"Olimpia\" alt=\"Olimpia\" rel=\"noopener noreferrer\">Olimpia<\/a> <\/strong>lo convirti\u00f3 en un entrenador destacado. Sin embargo, nada hubiese sido posible sin la destacada carrera que hizo como futbolista. Aunque es uno de los m\u00e1ximos \u00eddolos de la historia de <strong><a href=\"https:\/\/www.ole.com.ar\/boca-juniors\" target=\"_blank\" title=\"Boca\" alt=\"Boca\" rel=\"noopener noreferrer\">Boca<\/a> <\/strong>y anot\u00f3 el tanto que le permiti\u00f3 a la <strong><a href=\"https:\/\/www.ole.com.ar\/seleccion\" target=\"_blank\" title=\"Selecci\u00f3n Argentina\" alt=\"Selecci\u00f3n Argentina\" rel=\"noopener noreferrer\">Selecci\u00f3n Argentina<\/a><\/strong> clasificar al <strong><a href=\"https:\/\/www.ole.com.ar\/tema\/mundial-2010.html\" target=\"_blank\" title=\"Mundial de Sud\u00e1frica\" alt=\"Mundial de Sud\u00e1frica\" rel=\"noopener noreferrer\">Mundial de Sud\u00e1frica<\/a><\/strong>, la vida de <strong><a href=\"https:\/\/www.ole.com.ar\/tema\/martin-palermo.html\" target=\"_blank\" title=\"Mart\u00edn Palermo\" alt=\"Mart\u00edn Palermo\" rel=\"noopener noreferrer\">Mart\u00edn Palermo<\/a><\/strong> tambi\u00e9n estuvo marcada por momentos dolorosos tanto a nivel profesional como personal. Uno de ellos tuvo lugar en <strong>1999<\/strong>, cuando err\u00f3 tres penales consecutivos ante <strong><a href=\"https:\/\/www.ole.com.ar\/tema\/colombia.html\" target=\"_blank\" title=\"Colombia\" alt=\"Colombia\" rel=\"noopener noreferrer\">Colombia<\/a><\/strong>.<\/p>\n<\/div>\n<div class=\"custom-text \" readability=\"39\">\n<p>\u00abEn aquel momento me ayud\u00f3 la contenci\u00f3n de la familia, los mensajes desde Maradona hasta Bianchi, compa\u00f1eros\u2026 Y los que estaban ah\u00ed.<strong> Justo estaba concentrado con el Cholo Simeone y Gustavo L\u00f3pez<\/strong>. No se emiti\u00f3 palabra.<strong> Despu\u00e9s de cenar me met\u00ed en la cama y ambos entendieron mi momento<\/strong>. No hab\u00eda necesidad de estar hablando, <strong>me acompa\u00f1aron desde el silencio<\/strong>\u00ab, record\u00f3 el ex delantero en di\u00e1logo con Relevo. <\/p>\n<\/div>\n<div class=\"sc-734b4696-1 kFfZtB\" readability=\"6.5\">\n<div class=\"sc-d00d9e74-0 hnHYbk\" type=\"embed\">\n<div class=\"sc-d00d9e74-1 iKVbz videoText\" id=\"contentTitleembed96ngJX9B\" type=\"embed\"><svg fill=\"#ffffff\"><symbol id=\"play\" viewBox=\"0 0 512 512\"><path d=\"M512 256C512 397.4 397.4 512 256 512C114.6 512 0 397.4 0 256C0 114.6 114.6 0 256 0C397.4 0 512 114.6 512 256zM176 168V344C176 352.7 180.7 360.7 188.3 364.9C195.8 369.2 205.1 369 212.5 364.5L356.5 276.5C363.6 272.1 368 264.4 368 256C368 247.6 363.6 239.9 356.5 235.5L212.5 147.5C205.1 142.1 195.8 142.8 188.3 147.1C180.7 151.3 176 159.3 176 168V168z\" \/><\/symbol><use xlink:href=\"#play\" \/><\/svg><\/p>\n<div class=\"right\">\n<p>Selecci\u00f3n<!-- --> &#8211; <span>&nbsp;<\/span><\/p>\n<h2 class=\"title-vid\">La noche que Palermo fall\u00f3 tres penales para la Selecci\u00f3n<\/h2>\n<\/div>\n<\/div>\n<p><span class=\"back\" id=\"spanBackembed96ngJX9B\"><\/span><\/div>\n<div class=\"JWvideoNota_title\" readability=\"8\">\n<p>Mart\u00edn no pudo meter ninguno de los tres tiros que pate\u00f3 en el partido frente a Colombia en la Copa Am\u00e9rica del 2011.<br _mce_bogus=\"1\"><\/p>\n<\/div>\n<\/div>\n<div class=\"custom-text \" readability=\"38\">\n<p>Segundos despu\u00e9s, reforz\u00f3: \u00abA los tres d\u00edas jug\u00e1bamos un partido contra Uruguay, me dur\u00f3 el post partido, la noche y un poco del otro d\u00eda. No fue f\u00e1cil, <strong>fueron 24 horas recibiendo palos de todos lados<\/strong> que golpeaban\u00bb.<\/p>\n<\/div>\n<div class=\"custom-text \" readability=\"38\">\n<p>Luego, volvi\u00f3 a destacar el accionar de <strong>Diego<\/strong>, actual entrenador del <strong>Atl\u00e9tico de Madrid<\/strong> que comparti\u00f3 con \u00e9l ese complejo momento. \u00ab<strong>Al otro d\u00eda ya me dec\u00eda &#8216;vamos para adelante&#8217;<\/strong>. El Cholo ten\u00eda esa energ\u00eda dentro de la habitaci\u00f3n, pero supieron respetar mi momento\u00bb, indic\u00f3.<\/p>\n<\/div>\n<div class=\"custom-text \" readability=\"41\">\n<p>A su vez, lo reconoci\u00f3 por su trabajo como DT del Colchonero. \u00ab<strong>Soy de esa mentalidad<\/strong>. Quiz\u00e1s no soy tan euf\u00f3rico, pero c\u00f3mo exige, prepara y despu\u00e9s de tantos a\u00f1os que perdure en el tiempo, <strong>sostener a un equipo cada a\u00f1o de la manera que \u00e9l lo hace, es para destacar<\/strong>. Me gusta el m\u00e9todo Simeone\u00bb, admiti\u00f3.<\/p>\n<\/div>\n<div class=\"sc-e7b891c4-0 ifHnQL image-embed\"><img alt=\"Mart\u00edn Palermo en la Selecci\u00f3n Argentina. (EFE)\" loading=\"lazy\" width=\"720\" height=\"100\" decoding=\"async\" data-nimg=\"1\" src=\"http:\/\/hoycordobaweb.com\/wp-content\/uploads\/2025\/03\/martin-palermo-recordo-sus-tres-penales-fallados-ante-colombia-y-destaco-la-actitud-de-dos-companeros-me-meti-en-la-cama-y-respetaron-mi-silencio-2.jpg\"><span class=\"epigraphe\">Mart\u00edn Palermo en la Selecci\u00f3n Argentina. (EFE)<\/span><\/div>\n<p><h2>El gran presente de Olimpia con Mart\u00edn Palermo como entrenador<\/h2>\n<\/p>\n<div class=\"custom-text \" readability=\"39\">\n<p><strong>Mart\u00edn Palermo<\/strong> sali\u00f3 campe\u00f3n con <strong>Olimpia <\/strong>en 2024, se qued\u00f3 con el cl\u00e1sico en 2025 e, incluso, lo clasific\u00f3 a la <strong>Copa Libertadores<\/strong>. Aunque actualmente se encuentra segundo en la tabla de posiciones del Apertura, el elenco del argentino tiene serias chances de subirse a lo m\u00e1s alto del podio y ser bicampe\u00f3n de Paraguay. <\/p>\n<\/div>\n<div class=\"custom-text \" readability=\"38\">\n<p>Desde su llegada, el t\u00e9cnico dirigi\u00f3 <strong>48 partidos<\/strong> de los cuales <strong>gan\u00f3 25<\/strong>, <strong>empat\u00f3 16<\/strong> y solo <strong>perdi\u00f3 siete<\/strong>. Sin embargo, sus energ\u00edas est\u00e1n puestas en la m\u00e1xima competencia continental de clubes, donde intentar\u00e1 dar el golpe desde el 2 de abril.<\/p>\n<\/div>\n<div class=\"sc-e7b891c4-0 ifHnQL image-embed\"><img alt=\"Mart\u00edn Palermo en Olimpia. (FOTO: Olimpia)\" loading=\"lazy\" width=\"720\" height=\"100\" decoding=\"async\" data-nimg=\"1\" src=\"http:\/\/hoycordobaweb.com\/wp-content\/uploads\/2025\/03\/martin-palermo-recordo-sus-tres-penales-fallados-ante-colombia-y-destaco-la-actitud-de-dos-companeros-me-meti-en-la-cama-y-respetaron-mi-silencio-3.jpg\"><span class=\"epigraphe\">Mart\u00edn Palermo en Olimpia. (FOTO: Olimpia)<\/span><\/div>\n<div class=\"sc-a7166897-0 eoLsBE\" readability=\"6.5\">\n<section readability=\"3\"><picture><img alt=\"El sobrino de Riquelme empieza a hacer ruido en Uruguay: &quot;Cuando me comparan con \u00e9l me da verg\u00fcenza&quot;\" loading=\"lazy\" width=\"290\" height=\"290\" decoding=\"async\" data-nimg=\"1\" src=\"http:\/\/hoycordobaweb.com\/wp-content\/uploads\/2025\/03\/martin-palermo-recordo-sus-tres-penales-fallados-ante-colombia-y-destaco-la-actitud-de-dos-companeros-me-meti-en-la-cama-y-respetaron-mi-silencio-4.jpg\"><\/picture>\n<p><span>Mir\u00e1 tambi\u00e9n<\/span><\/p>\n<hr>\n<h3>El sobrino de Riquelme empieza a hacer ruido en Uruguay: \u00abCuando me comparan con \u00e9l me da verg\u00fcenza\u00bb<\/h3>\n<\/p>\n<\/section>\n<\/div>\n<div class=\"sc-a7166897-0 eoLsBE\" readability=\"6\">\n<section readability=\"2\"><picture><img alt=\"Chilavert eligi\u00f3 qui\u00e9n es m\u00e1s grande: \u00bfBoca o River?\" loading=\"lazy\" width=\"290\" height=\"290\" decoding=\"async\" data-nimg=\"1\" src=\"http:\/\/hoycordobaweb.com\/wp-content\/uploads\/2025\/03\/martin-palermo-recordo-sus-tres-penales-fallados-ante-colombia-y-destaco-la-actitud-de-dos-companeros-me-meti-en-la-cama-y-respetaron-mi-silencio-5.jpg\"><\/picture>\n<p><span>Mir\u00e1 tambi\u00e9n<\/span><\/p>\n<hr>\n<h3>Chilavert eligi\u00f3 qui\u00e9n es m\u00e1s grande: \u00bfBoca o River?<\/h3>\n<\/p>\n<\/section>\n<\/div>\n<div class=\"sc-a7166897-0 eoLsBE\" readability=\"6\">\n<section readability=\"2\"><picture><img alt=\"Confirmado: p\u00e9rdida sensible en Boca y c\u00f3mo repercute en Gago\" loading=\"lazy\" width=\"290\" height=\"290\" decoding=\"async\" data-nimg=\"1\" src=\"http:\/\/hoycordobaweb.com\/wp-content\/uploads\/2025\/03\/martin-palermo-recordo-sus-tres-penales-fallados-ante-colombia-y-destaco-la-actitud-de-dos-companeros-me-meti-en-la-cama-y-respetaron-mi-silencio-6.jpg\"><\/picture>\n<p><span>Mir\u00e1 tambi\u00e9n<\/span><\/p>\n<hr>\n<h3>Confirmado: p\u00e9rdida sensible en Boca y c\u00f3mo repercute en Gago<\/h3>\n<\/p>\n<\/section>\n<\/div>\n<\/div>\n","protected":false},"excerpt":{"rendered":"<p>15\/03\/2025 11:03hs. El gran presente que atraviesa con Olimpia lo convirti\u00f3 en un entrenador destacado. Sin embargo, nada hubiese sido posible sin la destacada carrera que hizo como futbolista. Aunque es uno de los m\u00e1ximos \u00eddolos de la historia de Boca y anot\u00f3 el tanto que le permiti\u00f3 a la Selecci\u00f3n Argentina clasificar al Mundial [&hellip;]<\/p>\n","protected":false},"author":1,"featured_media":99543,"comment_status":"open","ping_status":"closed","sticky":false,"template":"","format":"standard","meta":[],"categories":[16],"tags":[],"_links":{"self":[{"href":"http:\/\/hoycordobaweb.com\/index.php\/wp-json\/wp\/v2\/posts\/99542"}],"collection":[{"href":"http:\/\/hoycordobaweb.com\/index.php\/wp-json\/wp\/v2\/posts"}],"about":[{"href":"http:\/\/hoycordobaweb.com\/index.php\/wp-json\/wp\/v2\/types\/post"}],"author":[{"embeddable":true,"href":"http:\/\/hoycordobaweb.com\/index.php\/wp-json\/wp\/v2\/users\/1"}],"replies":[{"embeddable":true,"href":"http:\/\/hoycordobaweb.com\/index.php\/wp-json\/wp\/v2\/comments?post=99542"}],"version-history":[{"count":0,"href":"http:\/\/hoycordobaweb.com\/index.php\/wp-json\/wp\/v2\/posts\/99542\/revisions"}],"wp:featuredmedia":[{"embeddable":true,"href":"http:\/\/hoycordobaweb.com\/index.php\/wp-json\/wp\/v2\/media\/99543"}],"wp:attachment":[{"href":"http:\/\/hoycordobaweb.com\/index.php\/wp-json\/wp\/v2\/media?parent=99542"}],"wp:term":[{"taxonomy":"category","embeddable":true,"href":"http:\/\/hoycordobaweb.com\/index.php\/wp-json\/wp\/v2\/categories?post=99542"},{"taxonomy":"post_tag","embeddable":true,"href":"http:\/\/hoycordobaweb.com\/index.php\/wp-json\/wp\/v2\/tags?post=99542"}],"curies":[{"name":"wp","href":"https:\/\/api.w.org\/{rel}","templated":true}]}}