{"id":99475,"date":"2025-03-14T13:01:48","date_gmt":"2025-03-14T13:01:48","guid":{"rendered":"https:\/\/www.mujerhoy.com\/moda\/tendencias\/lleva-peplum-prendas-como-combinar-tendencia-primavera-20250314135839-nt.html"},"modified":"2025-03-14T13:01:48","modified_gmt":"2025-03-14T13:01:48","slug":"se-lleva-el-peplum-estas-son-las-prendas-mas-bonitas-para-seguir-la-tendencia","status":"publish","type":"post","link":"http:\/\/hoycordobaweb.com\/index.php\/2025\/03\/14\/se-lleva-el-peplum-estas-son-las-prendas-mas-bonitas-para-seguir-la-tendencia\/","title":{"rendered":"Se lleva el p\u00e9plum: estas son las prendas m\u00e1s bonitas para seguir la tendencia"},"content":{"rendered":"<p><!-- AUTHOR --> <\/p>\n<div class=\"voc-author-timesocial \"> <!-- AUTHOR --> <\/p>\n<div class=\"voc-author-timesocial__signature \">\n<div class=\"voc-author-timesocial__img-c\"> <!-- IMAGE AUTHOR --> <picture class=\"voc-image-signature\"> <img class=\"voc-image-signature__img\" src=\"http:\/\/hoycordobaweb.com\/wp-content\/uploads\/2025\/03\/se-lleva-el-peplum-estas-son-las-prendas-mas-bonitas-para-seguir-la-tendencia.jpg\" alt=\"Paula Pe\u00f1a\"> <\/picture> <\/div>\n<p> <!-- INFO AUTHOR --> <\/p>\n<div class=\"voc-author-timesocial__info\" data-mrf-recirculation=\"Autor\">\n<div class=\"voc-author-info\"> <author> <a class=\"voc-author\" href=\"https:\/\/www.mujerhoy.com\/autor\/paula-pena-4730.html\" data-mrf-link=\"https:\/\/www.mujerhoy.com\/autor\/paula-pena-4730.html\">Paula Pe\u00f1a<\/a> <\/author> <time data-voc-date-modified class=\"mdamp-article-time\" itemprop=\"dateModified\" datetime=\"2025-03-14T13:01:48Z\" data-timestamp>Actualizado \u00b7 <span data-voc-date-modified-short>14 de marzo de 2025, 14:01 h<\/span><\/time> <\/div><\/div><\/div><\/div>\n<p> <!-- COMPONENTS --> <\/p>\n<p class=\"voc-paragraph\" data-mrf-recirculation=\"Link art\u00edculo\">Mucho m\u00e1s all\u00e1 de la <a data-voc-vtm-id=\"in-text-traffic\" href=\"https:\/\/www.mujerhoy.com\/moda\/tendencias\/peplum-que-es-como-llevar-tendencia-zara-20241112130102-nt.html\" title=\"www.mujerhoy.com\" data-mrf-link=\"https:\/\/www.mujerhoy.com\/moda\/tendencias\/peplum-que-es-como-llevar-tendencia-zara-20241112130102-nt.html\">temporada festiva<\/a><br \/>\n, el <strong>p\u00e9plum <\/strong>ser\u00e1 la silueta que marque los mejores looks de la primavera 2025 por muchas razones. La primera de ellas, pasa por la prueba que desencadena muchas de las tendencias que llevamos a diario. S\u00ed, el hecho de que los <a data-voc-vtm-id=\"in-text-traffic\" href=\"https:\/\/www.mujerhoy.com\/moda\/pasarelas\/\" title=\"www.mujerhoy.com\" data-mrf-link=\"https:\/\/www.mujerhoy.com\/moda\/pasarelas\/\">desfiles <\/a><br \/>\nde las firmas de lujo m\u00e1s importantes hayan hecho todo un homenaje al p\u00e9plum con sus propuestas para la temporada.\n<\/p>\n<p class=\"voc-paragraph\" data-mrf-recirculation=\"Link art\u00edculo\">Por otro lado, las prescriptoras de estilo que asisten a estos desfiles, tambi\u00e9n han dejado claro con sus looks de<br \/>\n<strong> street style<\/strong> que 2025 es el a\u00f1o del p\u00e9plum y que lo vamos a llevar mucho y muy bien esta primavera. Por \u00faltimo, <strong>Zara <\/strong>se ha encargado de reconfirmarnos la teor\u00eda con una infinita selecci\u00f3n de prendas con p\u00e9plum que no nos pueden gustar m\u00e1s.\n<\/p>\n<p class=\"voc-paragraph\" data-mrf-recirculation=\"Link art\u00edculo\">Entre las propuestas de nuestras firmas de lujo favoritas, destacan tres de ellas: <strong>Giambattista Valli, Marques&#8217;Almeida y Phillip Lim.<\/strong> Todas ellas han apostado por el p\u00e9plum para sus propuestas de la temporada y nos han dado ideas sobre c\u00f3mo crear un estilismo sublime con esta tendencia.\n<\/p>\n<p><h3 class=\"voc-detail__title\"> El lujo lo confirma<br \/>\n<\/h3>\n<\/p>\n<p class=\"voc-paragraph\" data-mrf-recirculation=\"Link art\u00edculo\">Si Giambattista Valli, que es la firma m\u00e1s rom\u00e1ntica del momento, confirma que las chicas femeninas incluir\u00e1n<br \/>\n<strong> blusas con p\u00e9plum y lazos <\/strong>en sus estilismos de primavera, no podemos hacer otra cosa que asentir. Nos encanta para lucir con minishorts. Bonus point si el rojo cereza te sienta bien, porque Valli dice que se llevar\u00e1 mucho estos meses.\n<\/p>\n<div class=\"voc-detail__cmp\" readability=\"8\">\n<div class=\"voc-photo-combo-three fw-xs\" readability=\"11\">\n<p class=\"figure-caption\"> <span class=\"voc-photo-caption\">Looks de Giambattista Valli, Marques&#8217;Almeida y Phillip Lim, para la primavera 2025, con p\u00e9plum. \/ <\/span> <span class=\"voc-photo-author\">LAUNCHMETRICS SPOTLIGHT<\/span> <\/p>\n<\/p><\/div><\/div>\n<p class=\"voc-paragraph\" data-mrf-recirculation=\"Link art\u00edculo\">El caso de Marques&#8217;Almeida es el m\u00e1s moderno de todos:<br \/>\n<strong> eleva el total denim con un peplum<\/strong> que estiliza y convierte tu conjunto m\u00e1s c\u00f3modo en uno mucho m\u00e1s elegante. Phillip Lim imagina una novia de corto que acude a su propia fiesta con el vestido m\u00e1s deshinibido que nadie hubiera imaginado. Nos encanta el detalle de las plumas por debajo.\n<\/p>\n<p><h3 class=\"voc-detail__title\"> Las reinas del street style<br \/>\n<\/h3>\n<\/p>\n<p class=\"voc-paragraph\" data-mrf-recirculation=\"Link art\u00edculo\">Las semanas de la moda que han tenido lugar estos meses en Londres, Nueva York, Par\u00eds o Mil\u00e1n nos han dejado un sinf\u00edn de looks con p\u00e9plum que ponen en pr\u00e1ctica la teor\u00eda de las firmas mencionadas anteriormente. Sin embargo, en la calle encontramos <strong>muchas m\u00e1s posibilidades de llevarlo<\/strong>.\n<\/p>\n<div class=\"voc-detail-photo-zoom\"> <picture data-toggle=\"modal\" data-target=\"#photoZoomModal-663\" target=\"modal\">\n<div class=\"voc-img-icon-link\"> <img loading=\"lazy\" src=\"http:\/\/hoycordobaweb.com\/wp-content\/uploads\/2025\/03\/se-lleva-el-peplum-estas-son-las-prendas-mas-bonitas-para-seguir-la-tendencia-1.jpg\" width=\"650\" height=\"900\" alt=\"Americana deconstruida con p\u00e9plum, vista en el street style de Par\u00eds.\"> <noscript> <img src=\"http:\/\/hoycordobaweb.com\/wp-content\/uploads\/2025\/03\/se-lleva-el-peplum-estas-son-las-prendas-mas-bonitas-para-seguir-la-tendencia-1.jpg\" alt=\"Americana deconstruida con p\u00e9plum, vista en el street style de Par\u00eds.\"> <\/noscript> <i class=\"voc-icons zoom voc-multimedia-box voc-ico-l\"><\/i> <\/div><figcaption class=\"figure-caption\">Americana deconstruida con p\u00e9plum, vista en el street style de Par\u00eds.<\/figcaption><\/picture>\n<\/div>\n<div id=\"photoZoomModal-663\" class=\"voc-lightbox modal fade voc-lightbox--photo-zoom\" role=\"dialog\" data-voc-photozoom-lightbox>\n<div class=\"voc-lightbox__dialog\" role=\"document\">\n<div class=\"voc-lightbox__content\"> <!-- Modal header --> <!-- Modal content --> <\/p>\n<div class=\"voc-lightbox__photo-container\"> <picture class> <img loading=\"lazy\" src=\"http:\/\/hoycordobaweb.com\/wp-content\/uploads\/2025\/03\/se-lleva-el-peplum-estas-son-las-prendas-mas-bonitas-para-seguir-la-tendencia-1.jpg\" alt=\"Americana deconstruida con p\u00e9plum, vista en el street style de Par\u00eds.\"> <noscript> <img src=\"http:\/\/hoycordobaweb.com\/wp-content\/uploads\/2025\/03\/se-lleva-el-peplum-estas-son-las-prendas-mas-bonitas-para-seguir-la-tendencia-1.jpg\" alt=\"Americana deconstruida con p\u00e9plum, vista en el street style de Par\u00eds.\"> <\/noscript> <\/picture> <\/div><\/div><\/div>\n<\/div>\n<p class=\"voc-paragraph\" data-mrf-recirculation=\"Link art\u00edculo\">La m\u00e1s vanguardista de todas la hemos encontrado en Par\u00eds y consiste en <strong>deconstruir el cl\u00e1sico traje <\/strong>de americana y camisa, para darle una nueva est\u00e9tica y una nueva forma, en la que el p\u00e9plum es el protagonista absoluto.\n<\/p>\n<div class=\"voc-detail-photo-zoom\"> <picture data-toggle=\"modal\" data-target=\"#photoZoomModal-111\" target=\"modal\">\n<div class=\"voc-img-icon-link\"> <img loading=\"lazy\" src=\"http:\/\/hoycordobaweb.com\/wp-content\/uploads\/2025\/03\/se-lleva-el-peplum-estas-son-las-prendas-mas-bonitas-para-seguir-la-tendencia-2.jpg\" width=\"650\" height=\"900\" alt=\"Look de Padova con Peplum.\"> <noscript> <img src=\"http:\/\/hoycordobaweb.com\/wp-content\/uploads\/2025\/03\/se-lleva-el-peplum-estas-son-las-prendas-mas-bonitas-para-seguir-la-tendencia-2.jpg\" alt=\"Look de Padova con Peplum.\"> <\/noscript> <i class=\"voc-icons zoom voc-multimedia-box voc-ico-l\"><\/i> <\/div><figcaption class=\"figure-caption\">Look de Padova con Peplum.<\/figcaption><\/picture>\n<\/div>\n<div id=\"photoZoomModal-111\" class=\"voc-lightbox modal fade voc-lightbox--photo-zoom\" role=\"dialog\" data-voc-photozoom-lightbox>\n<div class=\"voc-lightbox__dialog\" role=\"document\">\n<div class=\"voc-lightbox__content\"> <!-- Modal header --> <!-- Modal content --> <\/p>\n<div class=\"voc-lightbox__photo-container\"> <picture class> <img loading=\"lazy\" src=\"http:\/\/hoycordobaweb.com\/wp-content\/uploads\/2025\/03\/se-lleva-el-peplum-estas-son-las-prendas-mas-bonitas-para-seguir-la-tendencia-2.jpg\" alt=\"Look de Padova con Peplum.\"> <noscript> <img src=\"http:\/\/hoycordobaweb.com\/wp-content\/uploads\/2025\/03\/se-lleva-el-peplum-estas-son-las-prendas-mas-bonitas-para-seguir-la-tendencia-2.jpg\" alt=\"Look de Padova con Peplum.\"> <\/noscript> <\/picture> <\/div><\/div><\/div>\n<\/div>\n<p class=\"voc-paragraph\" data-mrf-recirculation=\"Link art\u00edculo\">La tendencia ha llegado hasta la marca colombiana <strong>Padova<\/strong>, experta en lookazos de verano que propone un sinf\u00edn de opciones: desde looks con falda, hasta otros estampados e incluso con pantal\u00f3n. Nos encanta la diversidad y elegancia de todos ellos.\n<\/p>\n<p><h3 class=\"voc-detail__title\"> As\u00ed podemos llevarlo<br \/>\n<\/h3>\n<\/p>\n<p class=\"voc-paragraph\" data-mrf-recirculation=\"Link art\u00edculo\"><strong>Zara <\/strong>nos propone empezar a llevarlo desde ya, con chaquetas de punto que lo son todo para combinar con tu vaquero favorito o ese pantal\u00f3n de traje que no te quitas porque es el m\u00e1s c\u00f3modo para ir a la oficina. Lo mejor de todo es que combinan con abrigos, gabardinas y todo el abanico de prendas de entretiempo.\n<\/p>\n<div class=\"voc-detail-photo-zoom\"> <picture data-toggle=\"modal\" data-target=\"#photoZoomModal-328\" target=\"modal\">\n<div class=\"voc-img-icon-link\"> <img loading=\"lazy\" src=\"http:\/\/hoycordobaweb.com\/wp-content\/uploads\/2025\/03\/se-lleva-el-peplum-estas-son-las-prendas-mas-bonitas-para-seguir-la-tendencia-3.jpg\" width=\"650\" height=\"900\" alt=\"Chaqueta de punto de Zara con p\u00e9plum. Precio: 35,95 euros.\"> <noscript> <img src=\"http:\/\/hoycordobaweb.com\/wp-content\/uploads\/2025\/03\/se-lleva-el-peplum-estas-son-las-prendas-mas-bonitas-para-seguir-la-tendencia-3.jpg\" alt=\"Chaqueta de punto de Zara con p\u00e9plum. Precio: 35,95 euros.\"> <\/noscript> <i class=\"voc-icons zoom voc-multimedia-box voc-ico-l\"><\/i> <\/div><figcaption class=\"figure-caption\">Chaqueta de punto de Zara con p\u00e9plum. Precio: 35,95 euros.<\/figcaption><\/picture>\n<\/div>\n<div id=\"photoZoomModal-328\" class=\"voc-lightbox modal fade voc-lightbox--photo-zoom\" role=\"dialog\" data-voc-photozoom-lightbox>\n<div class=\"voc-lightbox__dialog\" role=\"document\">\n<div class=\"voc-lightbox__content\"> <!-- Modal header --> <!-- Modal content --> <\/p>\n<div class=\"voc-lightbox__photo-container\"> <picture class> <img loading=\"lazy\" src=\"http:\/\/hoycordobaweb.com\/wp-content\/uploads\/2025\/03\/se-lleva-el-peplum-estas-son-las-prendas-mas-bonitas-para-seguir-la-tendencia-3.jpg\" alt=\"Chaqueta de punto de Zara con p\u00e9plum. Precio: 35,95 euros.\"> <noscript> <img src=\"http:\/\/hoycordobaweb.com\/wp-content\/uploads\/2025\/03\/se-lleva-el-peplum-estas-son-las-prendas-mas-bonitas-para-seguir-la-tendencia-3.jpg\" alt=\"Chaqueta de punto de Zara con p\u00e9plum. Precio: 35,95 euros.\"> <\/noscript> <\/picture> <\/div><\/div><\/div>\n<\/div>\n<p class=\"voc-paragraph\" data-mrf-recirculation=\"Link art\u00edculo\">La edici\u00f3n sofisticada de esta silueta pasa por apostar por un cors\u00e9 con escote de forma de coraz\u00f3n y combinarlo en versi\u00f3n total look. El <strong>buque insignia de Inditex<\/strong> nos dice que podemos llevarlo en cualquier color, pero su versi\u00f3n en denim oscuro es, de lejos, la m\u00e1s especial de todas.\n<\/p>\n<div class=\"voc-detail__cmp\" readability=\"6\">\n<div class=\"voc-photo-combo-three fw-xs\" readability=\"7\">\n<p class=\"figure-caption\"> <span class=\"voc-photo-caption\">Prendas de Zara de temporada con p\u00e9plum. \/ <\/span> <span class=\"voc-photo-author\">D.R.<\/span> <\/p>\n<\/p><\/div><\/div>\n<p class=\"voc-paragraph\" data-mrf-recirculation=\"Link art\u00edculo\">\u00bfPrefieres la versi\u00f3n chaqueta de manga larga? La tienes. \u00bfUn look monocolor rojo con falda mini? Tambi\u00e9n. <strong>Casi cualquier prenda con p\u00e9plum<\/strong> que puedas imaginar est\u00e1 en Zara, solo es cuesti\u00f3n de bucear un poco por su web y encontrar\u00e1s la que m\u00e1s encaje contigo para llevar esta tendencia.\n<\/p>\n<p> <!-- TOPICS --> <\/p>\n","protected":false},"excerpt":{"rendered":"<p>Paula Pe\u00f1a Actualizado \u00b7 14 de marzo de 2025, 14:01 h Mucho m\u00e1s all\u00e1 de la temporada festiva , el p\u00e9plum ser\u00e1 la silueta que marque los mejores looks de la primavera 2025 por muchas razones. La primera de ellas, pasa por la prueba que desencadena muchas de las tendencias que llevamos a diario. S\u00ed, [&hellip;]<\/p>\n","protected":false},"author":1,"featured_media":99476,"comment_status":"closed","ping_status":"closed","sticky":false,"template":"","format":"standard","meta":[],"categories":[],"tags":[],"_links":{"self":[{"href":"http:\/\/hoycordobaweb.com\/index.php\/wp-json\/wp\/v2\/posts\/99475"}],"collection":[{"href":"http:\/\/hoycordobaweb.com\/index.php\/wp-json\/wp\/v2\/posts"}],"about":[{"href":"http:\/\/hoycordobaweb.com\/index.php\/wp-json\/wp\/v2\/types\/post"}],"author":[{"embeddable":true,"href":"http:\/\/hoycordobaweb.com\/index.php\/wp-json\/wp\/v2\/users\/1"}],"replies":[{"embeddable":true,"href":"http:\/\/hoycordobaweb.com\/index.php\/wp-json\/wp\/v2\/comments?post=99475"}],"version-history":[{"count":0,"href":"http:\/\/hoycordobaweb.com\/index.php\/wp-json\/wp\/v2\/posts\/99475\/revisions"}],"wp:featuredmedia":[{"embeddable":true,"href":"http:\/\/hoycordobaweb.com\/index.php\/wp-json\/wp\/v2\/media\/99476"}],"wp:attachment":[{"href":"http:\/\/hoycordobaweb.com\/index.php\/wp-json\/wp\/v2\/media?parent=99475"}],"wp:term":[{"taxonomy":"category","embeddable":true,"href":"http:\/\/hoycordobaweb.com\/index.php\/wp-json\/wp\/v2\/categories?post=99475"},{"taxonomy":"post_tag","embeddable":true,"href":"http:\/\/hoycordobaweb.com\/index.php\/wp-json\/wp\/v2\/tags?post=99475"}],"curies":[{"name":"wp","href":"https:\/\/api.w.org\/{rel}","templated":true}]}}