{"id":99404,"date":"2025-03-11T19:41:46","date_gmt":"2025-03-11T19:41:46","guid":{"rendered":"https:\/\/fono.fcm.unc.edu.ar\/?p=13281"},"modified":"2025-03-11T19:41:46","modified_gmt":"2025-03-11T19:41:46","slug":"ii-encuentro-interuniversitario-en-fonoaudiologia","status":"publish","type":"post","link":"http:\/\/hoycordobaweb.com\/index.php\/2025\/03\/11\/ii-encuentro-interuniversitario-en-fonoaudiologia\/","title":{"rendered":"II Encuentro Interuniversitario en Fonoaudiolog\u00eda"},"content":{"rendered":"<h2 class=\"fusion-post-title\">II Encuentro Interuniversitario en Fonoaudiolog\u00eda<\/h2>\n<div class=\"post-content\" readability=\"37\">\n<p><img loading=\"lazy\" fetchpriority=\"high\" decoding=\"async\" class=\"alignright size-fusion-400 wp-image-13282\" src=\"https:\/\/fono.fcm.unc.edu.ar\/wp-content\/uploads\/sites\/14\/2025\/03\/II-Encuentro-400x500.jpeg\" alt width=\"400\" height=\"500\" srcset=\"https:\/\/fono.fcm.unc.edu.ar\/wp-content\/uploads\/sites\/14\/2025\/03\/II-Encuentro-200x250.jpeg 200w, https:\/\/fono.fcm.unc.edu.ar\/wp-content\/uploads\/sites\/14\/2025\/03\/II-Encuentro-240x300.jpeg 240w, https:\/\/fono.fcm.unc.edu.ar\/wp-content\/uploads\/sites\/14\/2025\/03\/II-Encuentro-400x500.jpeg 400w, https:\/\/fono.fcm.unc.edu.ar\/wp-content\/uploads\/sites\/14\/2025\/03\/II-Encuentro-600x750.jpeg 600w, https:\/\/fono.fcm.unc.edu.ar\/wp-content\/uploads\/sites\/14\/2025\/03\/II-Encuentro-768x960.jpeg 768w, https:\/\/fono.fcm.unc.edu.ar\/wp-content\/uploads\/sites\/14\/2025\/03\/II-Encuentro-800x1000.jpeg 800w, https:\/\/fono.fcm.unc.edu.ar\/wp-content\/uploads\/sites\/14\/2025\/03\/II-Encuentro-819x1024.jpeg 819w, https:\/\/fono.fcm.unc.edu.ar\/wp-content\/uploads\/sites\/14\/2025\/03\/II-Encuentro-1200x1500.jpeg 1200w, https:\/\/fono.fcm.unc.edu.ar\/wp-content\/uploads\/sites\/14\/2025\/03\/II-Encuentro-1229x1536.jpeg 1229w, https:\/\/fono.fcm.unc.edu.ar\/wp-content\/uploads\/sites\/14\/2025\/03\/II-Encuentro.jpeg 1280w\" sizes=\"(max-width: 400px) 100vw, 400px\">El 12, 13 y 14 de noviembre se realizar\u00e1 el II Encuentro Interuniversitario en Fonoaudiolog\u00eda.<\/p>\n<p>Para esta edici\u00f3n la sede ser\u00e1 la Universidad Nacional de San Luis.<\/p>\n<p>Estaremos compartiendo novedades a trav\u00e9s de los canales oficiales de difusi\u00f3n de la Escuela.<\/p>\n<\/p><\/div>\n","protected":false},"excerpt":{"rendered":"<p>II Encuentro Interuniversitario en Fonoaudiolog\u00eda El 12, 13 y 14 de noviembre se realizar\u00e1 el II Encuentro Interuniversitario en Fonoaudiolog\u00eda. Para esta edici\u00f3n la sede ser\u00e1 la Universidad Nacional de San Luis. Estaremos compartiendo novedades a trav\u00e9s de los canales oficiales de difusi\u00f3n de la Escuela.<\/p>\n","protected":false},"author":1,"featured_media":0,"comment_status":"closed","ping_status":"closed","sticky":false,"template":"","format":"standard","meta":[],"categories":[1],"tags":[],"_links":{"self":[{"href":"http:\/\/hoycordobaweb.com\/index.php\/wp-json\/wp\/v2\/posts\/99404"}],"collection":[{"href":"http:\/\/hoycordobaweb.com\/index.php\/wp-json\/wp\/v2\/posts"}],"about":[{"href":"http:\/\/hoycordobaweb.com\/index.php\/wp-json\/wp\/v2\/types\/post"}],"author":[{"embeddable":true,"href":"http:\/\/hoycordobaweb.com\/index.php\/wp-json\/wp\/v2\/users\/1"}],"replies":[{"embeddable":true,"href":"http:\/\/hoycordobaweb.com\/index.php\/wp-json\/wp\/v2\/comments?post=99404"}],"version-history":[{"count":0,"href":"http:\/\/hoycordobaweb.com\/index.php\/wp-json\/wp\/v2\/posts\/99404\/revisions"}],"wp:attachment":[{"href":"http:\/\/hoycordobaweb.com\/index.php\/wp-json\/wp\/v2\/media?parent=99404"}],"wp:term":[{"taxonomy":"category","embeddable":true,"href":"http:\/\/hoycordobaweb.com\/index.php\/wp-json\/wp\/v2\/categories?post=99404"},{"taxonomy":"post_tag","embeddable":true,"href":"http:\/\/hoycordobaweb.com\/index.php\/wp-json\/wp\/v2\/tags?post=99404"}],"curies":[{"name":"wp","href":"https:\/\/api.w.org\/{rel}","templated":true}]}}