{"id":99374,"date":"2025-03-13T13:45:21","date_gmt":"2025-03-13T13:45:21","guid":{"rendered":"https:\/\/www.ole.com.ar\/autos\/franco-colapinto-corre-gp-australia-formula-1-alpine_0_0sQMu8hNMQ.html"},"modified":"2025-03-13T13:45:21","modified_gmt":"2025-03-13T13:45:21","slug":"el-mensaje-de-colapinto-a-un-grupo-de-argentinos-en-australia","status":"publish","type":"post","link":"http:\/\/hoycordobaweb.com\/index.php\/2025\/03\/13\/el-mensaje-de-colapinto-a-un-grupo-de-argentinos-en-australia\/","title":{"rendered":"El mensaje de Colapinto a un grupo de argentinos en Australia"},"content":{"rendered":"<p><img src=\"http:\/\/hoycordobaweb.com\/wp-content\/uploads\/2025\/03\/el-mensaje-de-colapinto-a-un-grupo-de-argentinos-en-australia.jpg\"><\/p>\n<p><time class=\"createDate\" datetime=\"2025-03-13T10:45:21-03:00\">13\/03\/2025 10:45hs.<\/time><\/p>\n<div id=\"storyBody\">\n<div class=\"custom-text \" readability=\"36.086206896552\">\n<p>Se viene el inicio de temporada de la <strong><a href=\"https:\/\/www.ole.com.ar\/tema\/formula-1.html\" title=\"F\u00f3rmula 1\" alt=\"F\u00f3rmula 1\" class=\"slug\">F\u00f3rmula 1<\/a><\/strong> con el <strong>GP de Australia y<\/strong> <strong><a href=\"https:\/\/www.ole.com.ar\/tema\/franco-colapinto.html\" title=\"Franco Colapinto\" alt=\"Franco Colapinto\" class=\"slug\">Franco Colapinto<\/a>, por si quedaba alguna duda,<\/strong> <strong>confirm\u00f3 que no estar\u00e1 dentro de la primera carrera de la categor\u00eda.<\/strong> <strong>\u00abGracias por venir aunque no corra\u00bb<\/strong>, solt\u00f3 el argentino mientras firmaba algunos aut\u00f3grafos y conversaba con algunos fan\u00e1ticos, siempre fiel a su estilo.<\/p>\n<\/div>\n<div class=\"custom-text \" readability=\"32.059347181009\">\n<p>Para los argentinos, el ojo estar\u00e1 puesto en lo que haga <strong><a href=\"https:\/\/www.ole.com.ar\/tema\/jack-doohan.html\" title=\"Jack Doohan\" alt=\"Jack Doohan\" class=\"slug\">Jack Doohan<\/a><\/strong>. El piloto de <strong><a href=\"https:\/\/www.ole.com.ar\/tema\/alpine.html\" title=\"Alpine\" alt=\"Alpine\" class=\"slug\">Alpine<\/a><\/strong> arranca como principal al lado de <strong><a href=\"https:\/\/www.ole.com.ar\/tema\/pierre-gasly.html\" title=\"Pierre Gasly\" alt=\"Pierre Gasly\" class=\"slug\">Pierre Gasly<\/a><\/strong> y<strong> tiene poco tiempo para demostrar que est\u00e1 a la altura de la categor\u00eda y no perder el puesto con <a href=\"https:\/\/www.ole.com.ar\/tema\/franco-colapinto.html\" title=\"Franco Colapinto\" alt=\"Franco Colapinto\" class=\"slug\">Franco Colapinto<\/a><\/strong>, que est\u00e1 al acecho para ocupar el asiento una vez pasadas las primeras carreras.<\/p>\n<\/div>\n<div class=\"custom-text \" readability=\"41\">\n<p>\u00abTengo un contrato, al menos, por este a\u00f1o. <strong>No tengo solo un chico (por Colapinto) persiguiendo mi asiento, sino cuatro; tenemos cuatro pilotos de reserva. <\/strong>Voy a disfrutar cada carrera como si fuera la \u00faltima, ya que s\u00f3lo quiero disfrutar cada momento en el auto\u00bb, cont\u00f3 Doohan, d\u00edas previos a la primera carrera.<\/p>\n<\/div>\n<div class=\"sc-734b4696-1 kFfZtB\" readability=\"7\">\n<div class=\"sc-d00d9e74-0 hnHYbk\" type=\"embed\">\n<div class=\"sc-d00d9e74-1 iKVbz videoText\" id=\"contentTitleembedCsGkXe2b\" type=\"embed\"><svg fill=\"#ffffff\"><symbol id=\"play\" viewBox=\"0 0 512 512\"><path d=\"M512 256C512 397.4 397.4 512 256 512C114.6 512 0 397.4 0 256C0 114.6 114.6 0 256 0C397.4 0 512 114.6 512 256zM176 168V344C176 352.7 180.7 360.7 188.3 364.9C195.8 369.2 205.1 369 212.5 364.5L356.5 276.5C363.6 272.1 368 264.4 368 256C368 247.6 363.6 239.9 356.5 235.5L212.5 147.5C205.1 142.1 195.8 142.8 188.3 147.1C180.7 151.3 176 159.3 176 168V168z\" \/><\/symbol><use xlink:href=\"#play\" \/><\/svg><\/p>\n<div class=\"right\">\n<p>Franco Colapinto<!-- --> &#8211; <span>&nbsp;<\/span><\/p>\n<h2 class=\"title-vid\">Qu\u00e9 dijo Franco Colapinto sobre la posibilidad de correr en el GP de Australia de la F\u00f3rmula 1<\/h2>\n<\/div>\n<\/div>\n<p><span class=\"back\" id=\"spanBackembedCsGkXe2b\"><\/span><\/div>\n<div class=\"JWvideoNota_title\" readability=\"9\">\n<p>Faltan pocas horas para que la M\u00e1xima d\u00e9 inicio a esta temporada, y el argentino ya confirm\u00f3 qu\u00e9 puesto ocupar\u00e1 en la primera carrera.<\/p>\n<\/div>\n<\/div>\n<p><h2><strong>Vuelve la F\u00f3rmula 1<\/strong><\/h2>\n<\/p>\n<div class=\"custom-text \" readability=\"40\">\n<p>Tras una espera larga de m\u00e1s de tres meses, los monoplazas m\u00e1s r\u00e1pidos del mundo volver\u00e1n a calentar el asfalto de las pistas cuando, a partir del jueves este jueves en la Argentina, hagan rugir sus motores para correr la carrera inaugural de la F\u00f3rmula 1. La M\u00e1xima arrancar\u00e1 la temporada 2025 con el Gran Premio de Australia, en Melbourne, para volver a la competencia oficial despu\u00e9s del \u00faltimo GP en Abu Dhabi hace 93 d\u00edas.<strong> Se termin\u00f3 la espera.<\/strong><\/p>\n<\/div>\n<div class=\"sc-e7b891c4-0 ifHnQL image-embed\"><img alt=\"Franco Colapinto mostr\u00f3 el circuito de Australia.\" loading=\"lazy\" width=\"720\" height=\"100\" decoding=\"async\" data-nimg=\"1\" src=\"http:\/\/hoycordobaweb.com\/wp-content\/uploads\/2025\/03\/el-mensaje-de-colapinto-a-un-grupo-de-argentinos-en-australia-2.jpg\"><span class=\"epigraphe\">Franco Colapinto mostr\u00f3 el circuito de Australia.<\/span><\/div>\n<p><h2><strong>D\u00edas, horarios y TV del Gran Premio de Australia.<\/strong><\/h2>\n<\/p>\n<div class=\"custom-text \" readability=\"39\">\n<p>Las distintas escuder\u00edas van a poner primera en el Circuito de Albert Park, con horarios a contramano para los argentinos. La actividad dar\u00e1 inicio con las pr\u00e1cticas libres de una hora que se realizar\u00e1n entre la noche del jueves y la madrugada del viernes, <strong>siendo el primer ensayo a las 22.30 y el segundo a las 2.<\/strong> En tanto, <strong>el \u00faltimo entrenamiento tendr\u00e1 lugar el viernes a las 22.30. La clasificaci\u00f3n ser\u00e1 el s\u00e1bado a las 2, mientras que la carrera se llevar\u00e1 a cabo el domingo a la 1.<\/strong> Todo se podr\u00e1 ver a trav\u00e9s de Fox Sports y Disney+.<\/p>\n<\/div>\n<div class=\"sc-e7b891c4-0 ifHnQL image-embed\"><img alt=\"Vuelve la F\u00f3rmula 1. (REUTERS)\" loading=\"lazy\" width=\"720\" height=\"100\" decoding=\"async\" data-nimg=\"1\" src=\"http:\/\/hoycordobaweb.com\/wp-content\/uploads\/2025\/03\/el-mensaje-de-colapinto-a-un-grupo-de-argentinos-en-australia-3.jpg\"><span class=\"epigraphe\">Vuelve la F\u00f3rmula 1. (REUTERS)<\/span><\/div>\n<p><h2><strong>El uno por uno de todos los Grandes Premios de la F\u00f3rmula 1 2025<\/strong><\/h2>\n<\/p>\n<div class=\"custom-text \">\n<ul>\n<li>Australia | Melbourne: 14 al 16 de marzo<\/li>\n<\/ul>\n<\/div>\n<div class=\"custom-text \">\n<ul>\n<li>China | Shangai: 21 al 23 de marzo<\/li>\n<\/ul>\n<\/div>\n<div class=\"custom-text \">\n<ul>\n<li>Jap\u00f3n | Suzuka: 4 al 6 de abril<\/li>\n<\/ul>\n<\/div>\n<div class=\"custom-text \">\n<ul>\n<li>Bahr\u00e9in | Sakhir: 11 al 13 de abril<\/li>\n<\/ul>\n<\/div>\n<div class=\"custom-text \">\n<ul>\n<li>Arabia Saudita | Yedda: 18 al 20 de abril<\/li>\n<\/ul>\n<\/div>\n<div class=\"custom-text \">\n<ul>\n<li>Estados Unidos | Miami: 2 al 4 de mayo<\/li>\n<\/ul>\n<\/div>\n<div class=\"custom-text \">\n<ul>\n<li>Italia | Imola: 16 al 18 de mayo<\/li>\n<\/ul>\n<\/div>\n<div class=\"custom-text \">\n<ul>\n<li>M\u00f3naco | M\u00f3naco: 23 al 25 de mayo<\/li>\n<\/ul>\n<\/div>\n<div class=\"custom-text \">\n<ul>\n<li>Espa\u00f1a | Barcelona: 30 de mayo al 1\u00b0 de junio<\/li>\n<\/ul>\n<\/div>\n<div class=\"custom-text \">\n<ul>\n<li>Canad\u00e1 | Montreal: 13 al 15 de junio<\/li>\n<\/ul>\n<\/div>\n<div class=\"custom-text \">\n<ul>\n<li>Austria | Spielberg: 27 al 29 de junio<\/li>\n<\/ul>\n<\/div>\n<div class=\"custom-text \">\n<ul>\n<li>Reino Unido | Silverstone: 4 al 6 de julio<\/li>\n<\/ul>\n<\/div>\n<div class=\"custom-text \">\n<ul>\n<li>B\u00e9lgica | Spa-Francorchamps: 25 al 27 de julio<\/li>\n<\/ul>\n<\/div>\n<div class=\"custom-text \">\n<ul>\n<li>Hungr\u00eda | Budapest: 1 al 3 de agosto<\/li>\n<\/ul>\n<\/div>\n<div class=\"custom-text \">\n<ul>\n<li>Pa\u00edses Bajos | Zandvoort: 29 al 31 de agosto<\/li>\n<\/ul>\n<\/div>\n<div class=\"custom-text \">\n<ul>\n<li>Italia | Monza: 5 al 7 de septiembre<\/li>\n<\/ul>\n<\/div>\n<div class=\"custom-text \">\n<ul>\n<li>Azerbaiy\u00e1n | Bak\u00fa: 19 al 21 de septiembre<\/li>\n<\/ul>\n<\/div>\n<div class=\"custom-text \">\n<ul>\n<li>Singapur | Singapur: 3 al 5 de octubre<\/li>\n<\/ul>\n<\/div>\n<div class=\"custom-text \">\n<ul>\n<li>Estados Unidos | Austin: 17 al 19 de octubre<\/li>\n<\/ul>\n<\/div>\n<div class=\"custom-text \">\n<ul>\n<li>M\u00e9xico | Ciudad de M\u00e9xico: 24 al 26 de octubre<\/li>\n<\/ul>\n<\/div>\n<div class=\"custom-text \">\n<ul>\n<li>Brasil | San Pablo: 7 al 9 de noviembr<\/li>\n<\/ul>\n<\/div>\n<div class=\"custom-text \">\n<ul>\n<li>Estados Unidos | Las Vegas: 20 al 22 de noviembre<\/li>\n<\/ul>\n<\/div>\n<div class=\"custom-text \">\n<ul>\n<li>Qatar | Lusail: 28 al 30 de noviembre<\/li>\n<\/ul>\n<\/div>\n<div class=\"custom-text \">\n<ul>\n<li>Abu Dhabi | Yas Marina: 5 al 7 de diciembre<\/li>\n<\/ul>\n<\/div>\n<div class=\"sc-a7166897-0 eoLsBE\" readability=\"6\">\n<section readability=\"2\"><picture><img alt=\"Todo lo que hay que saber de la F\u00f3rmula 1 antes de que se largue en Australia\" loading=\"lazy\" width=\"290\" height=\"290\" decoding=\"async\" data-nimg=\"1\" src=\"http:\/\/hoycordobaweb.com\/wp-content\/uploads\/2025\/03\/el-mensaje-de-colapinto-a-un-grupo-de-argentinos-en-australia-4.jpg\"><\/picture>\n<p><span>Mir\u00e1 tambi\u00e9n<\/span><\/p>\n<hr>\n<h3>Todo lo que hay que saber de la F\u00f3rmula 1 antes de que se largue en Australia<\/h3>\n<\/p>\n<\/section>\n<\/div>\n<div class=\"sc-a7166897-0 eoLsBE\" readability=\"7.5\">\n<section readability=\"5\"><picture><img alt=\"El regreso de la F\u00f3rmula 1: los favoritos al t\u00edtulo, cambios en el reglamento, un calendario distinto y Checo P\u00e9rez entre los ausentes\" loading=\"lazy\" width=\"290\" height=\"290\" decoding=\"async\" data-nimg=\"1\" src=\"http:\/\/hoycordobaweb.com\/wp-content\/uploads\/2025\/03\/el-mensaje-de-colapinto-a-un-grupo-de-argentinos-en-australia-5.jpg\"><\/picture>\n<p><span>Mir\u00e1 tambi\u00e9n<\/span><\/p>\n<hr>\n<h3>El regreso de la F\u00f3rmula 1: los favoritos al t\u00edtulo, cambios en el reglamento, un calendario distinto y Checo P\u00e9rez entre los ausentes<\/h3>\n<\/p>\n<\/section>\n<\/div>\n<div class=\"sc-a7166897-0 eoLsBE\" readability=\"6\">\n<section readability=\"2\"><picture><img alt=\"Vuelve la F\u00f3rmula 1: cu\u00e1ndo es y c\u00f3mo ver el primer Gran Premio en Australia\" loading=\"lazy\" width=\"290\" height=\"290\" decoding=\"async\" data-nimg=\"1\" src=\"http:\/\/hoycordobaweb.com\/wp-content\/uploads\/2025\/03\/el-mensaje-de-colapinto-a-un-grupo-de-argentinos-en-australia-6.jpg\"><\/picture>\n<p><span>Mir\u00e1 tambi\u00e9n<\/span><\/p>\n<hr>\n<h3>Vuelve la F\u00f3rmula 1: cu\u00e1ndo es y c\u00f3mo ver el primer Gran Premio en Australia<\/h3>\n<\/p>\n<\/section>\n<\/div>\n<\/div>\n","protected":false},"excerpt":{"rendered":"<p>13\/03\/2025 10:45hs. Se viene el inicio de temporada de la F\u00f3rmula 1 con el GP de Australia y Franco Colapinto, por si quedaba alguna duda, confirm\u00f3 que no estar\u00e1 dentro de la primera carrera de la categor\u00eda. \u00abGracias por venir aunque no corra\u00bb, solt\u00f3 el argentino mientras firmaba algunos aut\u00f3grafos y conversaba con algunos fan\u00e1ticos, [&hellip;]<\/p>\n","protected":false},"author":1,"featured_media":99375,"comment_status":"open","ping_status":"closed","sticky":false,"template":"","format":"standard","meta":[],"categories":[16],"tags":[],"_links":{"self":[{"href":"http:\/\/hoycordobaweb.com\/index.php\/wp-json\/wp\/v2\/posts\/99374"}],"collection":[{"href":"http:\/\/hoycordobaweb.com\/index.php\/wp-json\/wp\/v2\/posts"}],"about":[{"href":"http:\/\/hoycordobaweb.com\/index.php\/wp-json\/wp\/v2\/types\/post"}],"author":[{"embeddable":true,"href":"http:\/\/hoycordobaweb.com\/index.php\/wp-json\/wp\/v2\/users\/1"}],"replies":[{"embeddable":true,"href":"http:\/\/hoycordobaweb.com\/index.php\/wp-json\/wp\/v2\/comments?post=99374"}],"version-history":[{"count":0,"href":"http:\/\/hoycordobaweb.com\/index.php\/wp-json\/wp\/v2\/posts\/99374\/revisions"}],"wp:featuredmedia":[{"embeddable":true,"href":"http:\/\/hoycordobaweb.com\/index.php\/wp-json\/wp\/v2\/media\/99375"}],"wp:attachment":[{"href":"http:\/\/hoycordobaweb.com\/index.php\/wp-json\/wp\/v2\/media?parent=99374"}],"wp:term":[{"taxonomy":"category","embeddable":true,"href":"http:\/\/hoycordobaweb.com\/index.php\/wp-json\/wp\/v2\/categories?post=99374"},{"taxonomy":"post_tag","embeddable":true,"href":"http:\/\/hoycordobaweb.com\/index.php\/wp-json\/wp\/v2\/tags?post=99374"}],"curies":[{"name":"wp","href":"https:\/\/api.w.org\/{rel}","templated":true}]}}