{"id":99370,"date":"2025-03-13T13:58:52","date_gmt":"2025-03-13T13:58:52","guid":{"rendered":"https:\/\/www.ole.com.ar\/boca-juniors\/cristian-lema-defensor-boca-recuperado-redes-sociales-posteo-partido-defensa-fernando-gago_0_vl6hyaizZ6.html"},"modified":"2025-03-13T13:58:52","modified_gmt":"2025-03-13T13:58:52","slug":"el-guino-de-lema-para-gago-antes-del-partido-con-defensa","status":"publish","type":"post","link":"http:\/\/hoycordobaweb.com\/index.php\/2025\/03\/13\/el-guino-de-lema-para-gago-antes-del-partido-con-defensa\/","title":{"rendered":"El gui\u00f1o de Lema para Gago antes del partido con Defensa"},"content":{"rendered":"<p><img src=\"http:\/\/hoycordobaweb.com\/wp-content\/uploads\/2025\/03\/el-guino-de-lema-para-gago-antes-del-partido-con-defensa.jpg\"><\/p>\n<p><time class=\"createDate\" datetime=\"2025-03-13T10:58:52-03:00\">13\/03\/2025 10:58hs.<\/time><\/p>\n<div id=\"storyBody\">\n<div class=\"custom-text \" readability=\"36.749460043197\">\n<p>Esta semana, <strong><a href=\"https:\/\/www.ole.com.ar\/tema\/fernando-gago.html\" title=\"Fernando Gago\" alt=\"Fernando Gago\" class=\"slug\">Fernando Gago<\/a> tuvo varias buenas noticias, entre ellas el regreso de <a href=\"https:\/\/www.ole.com.ar\/tema\/cristian-lema.html\" title=\"Cristian Lema\" alt=\"Cristian Lema\" class=\"slug\">Cristian Lema<\/a>, <\/strong>que entren\u00f3 a la par de sus compa\u00f1eros despu\u00e9s de mucho tiempo sin actividad. El defensor de <strong><a href=\"https:\/\/www.ole.com.ar\/tema\/boca-juniors.html\" title=\"Boca Juniors\" alt=\"Boca Juniors\" class=\"slug\">Boca <\/a><\/strong>jug\u00f3 por \u00faltima vez en el empate 1-1 ante Riestra el 27 de noviembre de 2024, donde luego debi\u00f3 apartarse de los entrenamientos por<strong> una lesi\u00f3n en su tobillo izquierdo. <\/strong>Ahora, a horas del encuentro con <strong><a href=\"https:\/\/www.ole.com.ar\/tema\/defensa-y-justicia.html\" title=\"Defensa y Justicia\" alt=\"Defensa y Justicia\" class=\"slug\">Defensa y Justicia<\/a><\/strong>, <strong>el jugador le envi\u00f3 un mensaje al DT&#8230;<\/strong><\/p>\n<\/div>\n<div class=\"custom-text \" readability=\"38\">\n<p><strong>Lema subi\u00f3 una foto suya a las redes sociales, en donde se lo ve en Boca Predio en medio de la cancha. All\u00ed, el marcador central de 32 a\u00f1os agreg\u00f3 un emoji de pelota.<\/strong> Y esa es la otra buena: <strong>volvi\u00f3 a hacer f\u00fatbol, form\u00f3 parte del ensayo de Gago y ya est\u00e1 listo para regresas.<\/strong> \u00bfLo pondr\u00e1 el t\u00e9cnico en la lista de concentrados vs. el Halc\u00f3n?<\/p>\n<\/div>\n<p><h2><strong>UNA RECUPERACI\u00d3N QUE LE LLEV\u00d3 DEMASIADO TIEMPO<\/strong><\/h2>\n<\/p>\n<div class=\"custom-text \" readability=\"36\">\n<p>El defensor incluso hab\u00eda empezado la pretemporada, <strong>pero las molestias en el tobillo izquierdo (con compromiso de los ligamentos) lo marginaron de las canchas por varios meses<\/strong>, ya que era algo que lo ten\u00eda a mal traer hace tiempo.<\/p>\n<\/div>\n<div class=\"custom-text \" readability=\"37\">\n<p>Si bien Lema volvi\u00f3 esta semana a entrenarse junto a sus compa\u00f1eros, <strong>a\u00fan est\u00e1 falto de f\u00fatbol y de ritmo.<\/strong> Y por esa raz\u00f3n es que Gago no se va a apurar con \u00e9l, sobre todo teniendo en cuenta que en este 2025 -en el que todav\u00eda no pudo volver a jugar- ya se resinti\u00f3 de la lesi\u00f3n en el tobillo.<\/p>\n<\/div>\n<div class=\"sc-e7b891c4-0 ifHnQL image-embed\"><img alt=\"Cristian Lema se recuper\u00f3 de una lesi\u00f3n en el tobillo izquierdo, se sum\u00f3 a la par de sus compa\u00f1eros y este domingo podr\u00eda reaparecer vs. Defensa (Prensa Boca).\" loading=\"lazy\" width=\"720\" height=\"100\" decoding=\"async\" data-nimg=\"1\" src=\"http:\/\/hoycordobaweb.com\/wp-content\/uploads\/2025\/03\/el-guino-de-lema-para-gago-antes-del-partido-con-defensa-2.jpg\"><span class=\"epigraphe\">Cristian Lema se recuper\u00f3 de una lesi\u00f3n en el tobillo izquierdo, se sum\u00f3 a la par de sus compa\u00f1eros y este domingo podr\u00eda reaparecer vs. Defensa (Prensa Boca).<\/span><\/div>\n<div class=\"custom-text \" readability=\"37\">\n<p>De igual manera, <strong>se cree que Lema podr\u00eda reaparecer nuevamente entre los convocados que seguramente el DT dar\u00e1 a conocer este viernes. <\/strong>Habr\u00e1 que ver luego en la pr\u00e1cticas de f\u00fatbol formal si Pintita lo incluye entre los titulares. Por lo pronto,<strong> el defensor ya le dej\u00f3 claro cu\u00e1l es su intenci\u00f3n.<\/strong><\/p>\n<\/div>\n<p><h2><strong>EL POSTEO DE LEMA EN LAS REDES SOCIALES<\/strong><\/h2>\n<\/p>\n<div class=\"sc-e7b891c4-0 ifHnQL image-embed\"><img alt=\"El posteo de Lema en sus redes sociales: hizo f\u00fatbol y le envi\u00f3 un mensaje a Gago pensando en Defensa.\" loading=\"lazy\" width=\"720\" height=\"100\" decoding=\"async\" data-nimg=\"1\" src=\"http:\/\/hoycordobaweb.com\/wp-content\/uploads\/2025\/03\/el-guino-de-lema-para-gago-antes-del-partido-con-defensa-3.jpg\"><span class=\"epigraphe\">El posteo de Lema en sus redes sociales: hizo f\u00fatbol y le envi\u00f3 un mensaje a Gago pensando en Defensa.<\/span><\/div>\n<div class=\"sc-a7166897-0 eoLsBE\" readability=\"6.5\">\n<section readability=\"3\"><picture><img alt=\"Pergolini compar\u00f3 a Riquelme con \u00a1Mick Jagger, Bono y Bill Gates!\" loading=\"lazy\" width=\"290\" height=\"290\" decoding=\"async\" data-nimg=\"1\" src=\"http:\/\/hoycordobaweb.com\/wp-content\/uploads\/2025\/03\/el-guino-de-lema-para-gago-antes-del-partido-con-defensa-4.jpg\"><\/picture>\n<p><span>Mir\u00e1 tambi\u00e9n<\/span><\/p>\n<hr>\n<h3>Pergolini compar\u00f3 a Riquelme con \u00a1Mick Jagger, Bono y Bill Gates!<\/h3>\n<\/p>\n<\/section>\n<\/div>\n<div class=\"sc-a7166897-0 eoLsBE\" readability=\"6\">\n<section readability=\"2\"><picture><img alt=\"La Reserva de Boca gole\u00f3 a Racing y consigui\u00f3 su primer triunfo en el torneo\" loading=\"lazy\" width=\"290\" height=\"290\" decoding=\"async\" data-nimg=\"1\" src=\"http:\/\/hoycordobaweb.com\/wp-content\/uploads\/2025\/03\/el-guino-de-lema-para-gago-antes-del-partido-con-defensa-5.jpg\"><\/picture>\n<p><span>Mir\u00e1 tambi\u00e9n<\/span><\/p>\n<hr>\n<h3>La Reserva de Boca gole\u00f3 a Racing y consigui\u00f3 su primer triunfo en el torneo<\/h3>\n<\/p>\n<\/section>\n<\/div>\n<div class=\"sc-a7166897-0 eoLsBE\" readability=\"6\">\n<section readability=\"2\"><picture><img alt=\"Paredes apur\u00f3 a Riquelme con una jugada perfecta\" loading=\"lazy\" width=\"290\" height=\"290\" decoding=\"async\" data-nimg=\"1\" src=\"http:\/\/hoycordobaweb.com\/wp-content\/uploads\/2025\/03\/el-guino-de-lema-para-gago-antes-del-partido-con-defensa-6.jpg\"><\/picture>\n<p><span>Mir\u00e1 tambi\u00e9n<\/span><\/p>\n<hr>\n<h3>Paredes apur\u00f3 a Riquelme con una jugada perfecta<\/h3>\n<\/p>\n<\/section>\n<\/div>\n<div class=\"sc-a7166897-0 eoLsBE\" readability=\"6.5\">\n<section readability=\"3\"><picture><img alt=\"Pergolini y la muerte de Maradona: cuando le dio la noticia a Riquelme y por qu\u00e9 el velatorio no fue en la Bombonera\" loading=\"lazy\" width=\"290\" height=\"290\" decoding=\"async\" data-nimg=\"1\" src=\"http:\/\/hoycordobaweb.com\/wp-content\/uploads\/2025\/03\/el-guino-de-lema-para-gago-antes-del-partido-con-defensa-7.jpg\"><\/picture>\n<p><span>Mir\u00e1 tambi\u00e9n<\/span><\/p>\n<hr>\n<h3>Pergolini y la muerte de Maradona: cuando le dio la noticia a Riquelme y por qu\u00e9 el velatorio no fue en la Bombonera<\/h3>\n<\/p>\n<\/section>\n<\/div>\n<div class=\"sc-a7166897-0 eoLsBE\" readability=\"6.5\">\n<section readability=\"3\"><picture><img alt=\"Chilavert liquid\u00f3 a Guillermo Barros Schelotto: &quot;No tiene nivel para dirigir a V\u00e9lez&quot;\" loading=\"lazy\" width=\"290\" height=\"290\" decoding=\"async\" data-nimg=\"1\" src=\"http:\/\/hoycordobaweb.com\/wp-content\/uploads\/2025\/03\/el-guino-de-lema-para-gago-antes-del-partido-con-defensa-8.jpg\"><\/picture>\n<p><span>Mir\u00e1 tambi\u00e9n<\/span><\/p>\n<hr>\n<h3>Chilavert liquid\u00f3 a Guillermo Barros Schelotto: \u00abNo tiene nivel para dirigir a V\u00e9lez\u00bb<\/h3>\n<\/p>\n<\/section>\n<\/div>\n<\/div>\n","protected":false},"excerpt":{"rendered":"<p>13\/03\/2025 10:58hs. Esta semana, Fernando Gago tuvo varias buenas noticias, entre ellas el regreso de Cristian Lema, que entren\u00f3 a la par de sus compa\u00f1eros despu\u00e9s de mucho tiempo sin actividad. El defensor de Boca jug\u00f3 por \u00faltima vez en el empate 1-1 ante Riestra el 27 de noviembre de 2024, donde luego debi\u00f3 apartarse [&hellip;]<\/p>\n","protected":false},"author":1,"featured_media":99371,"comment_status":"open","ping_status":"closed","sticky":false,"template":"","format":"standard","meta":[],"categories":[16],"tags":[],"_links":{"self":[{"href":"http:\/\/hoycordobaweb.com\/index.php\/wp-json\/wp\/v2\/posts\/99370"}],"collection":[{"href":"http:\/\/hoycordobaweb.com\/index.php\/wp-json\/wp\/v2\/posts"}],"about":[{"href":"http:\/\/hoycordobaweb.com\/index.php\/wp-json\/wp\/v2\/types\/post"}],"author":[{"embeddable":true,"href":"http:\/\/hoycordobaweb.com\/index.php\/wp-json\/wp\/v2\/users\/1"}],"replies":[{"embeddable":true,"href":"http:\/\/hoycordobaweb.com\/index.php\/wp-json\/wp\/v2\/comments?post=99370"}],"version-history":[{"count":0,"href":"http:\/\/hoycordobaweb.com\/index.php\/wp-json\/wp\/v2\/posts\/99370\/revisions"}],"wp:featuredmedia":[{"embeddable":true,"href":"http:\/\/hoycordobaweb.com\/index.php\/wp-json\/wp\/v2\/media\/99371"}],"wp:attachment":[{"href":"http:\/\/hoycordobaweb.com\/index.php\/wp-json\/wp\/v2\/media?parent=99370"}],"wp:term":[{"taxonomy":"category","embeddable":true,"href":"http:\/\/hoycordobaweb.com\/index.php\/wp-json\/wp\/v2\/categories?post=99370"},{"taxonomy":"post_tag","embeddable":true,"href":"http:\/\/hoycordobaweb.com\/index.php\/wp-json\/wp\/v2\/tags?post=99370"}],"curies":[{"name":"wp","href":"https:\/\/api.w.org\/{rel}","templated":true}]}}