{"id":99287,"date":"2025-03-12T13:27:53","date_gmt":"2025-03-12T13:27:53","guid":{"rendered":"https:\/\/www.ole.com.ar\/autos\/formula-1-gran-premio-australia-dias-horarios-tv-ver_0_bXNv8gosx7.html"},"modified":"2025-03-12T13:27:53","modified_gmt":"2025-03-12T13:27:53","slug":"vuelve-la-formula-1-cuando-es-y-como-ver-el-primer-gran-premio-en-australia","status":"publish","type":"post","link":"http:\/\/hoycordobaweb.com\/index.php\/2025\/03\/12\/vuelve-la-formula-1-cuando-es-y-como-ver-el-primer-gran-premio-en-australia\/","title":{"rendered":"Vuelve la F\u00f3rmula 1: cu\u00e1ndo es y c\u00f3mo ver el primer Gran Premio en Australia"},"content":{"rendered":"<p><img src=\"http:\/\/hoycordobaweb.com\/wp-content\/uploads\/2025\/03\/vuelve-la-formula-1-cuando-es-y-como-ver-el-primer-gran-premio-en-australia.jpg\"><\/p>\n<p><time class=\"createDate\" datetime=\"2025-03-12T10:27:53-03:00\">12\/03\/2025 10:27hs.<\/time><\/p>\n<div id=\"storyBody\">\n<div class=\"custom-text \" readability=\"39.300699300699\">\n<p>Al encenderse los motores se va apagando el silencio y calentando un ambiente que presiente lo que est\u00e1 por venir&#8230; O mejor dicho volver. Tras una espera larga de m\u00e1s de tres meses, los monoplazas m\u00e1s r\u00e1pidos del mundo volver\u00e1n a calentar el asfalto de las pistas cuando, a partir del jueves, hagan rugir sus motores para correr <strong>la carrera inaugural de la <a href=\"https:\/\/www.ole.com.ar\/tema\/formula-1.html\" title=\"F\u00f3rmula 1\" alt=\"F\u00f3rmula 1\" class=\"slug\">F\u00f3rmula 1<\/a><\/strong>. La M\u00e1xima arrancar\u00e1 la temporada 2025 con el Gran Premio de Australia, en Melbourne, para volver a la competencia oficial despu\u00e9s del \u00faltimo GP en Abu Dhabi hace 93 d\u00edas. Se termin\u00f3 la espera.<\/p>\n<\/div>\n<p><h2><strong>D\u00edas, horarios y TV del Gran Premio de Australia.<\/strong><\/h2>\n<\/p>\n<div class=\"custom-text \" readability=\"39\">\n<p>Las distintas escuder\u00edas van a poner primera en el Circuito de Albert Park, con horarios a contramano para los argentinos. La actividad dar\u00e1 inicio con las pr\u00e1cticas libres de una hora que se realizar\u00e1n entre la noche del jueves y la madrugada del viernes, siendo el primer ensayo a las 22.30 y el segundo a las 2. En tanto, el \u00faltimo entrenamiento tendr\u00e1 lugar el viernes a las 22.30. La clasificaci\u00f3n ser\u00e1 el s\u00e1bado a las 2, mientras que <strong>la carrera se llevar\u00e1 a cabo el domingo a la 1<\/strong>. Todo se podr\u00e1 ver a trav\u00e9s de <strong>Fox Sports <\/strong>y <strong>Disney+<\/strong>.<\/p>\n<\/div>\n<div class=\"sc-e7b891c4-0 ifHnQL image-embed\"><img alt=\"Carlos Sainz gan\u00f3 el GP del 2024.\" loading=\"lazy\" width=\"720\" height=\"100\" decoding=\"async\" data-nimg=\"1\" src=\"http:\/\/hoycordobaweb.com\/wp-content\/uploads\/2025\/03\/vuelve-la-formula-1-cuando-es-y-como-ver-el-primer-gran-premio-en-australia-2.jpg\"><span class=\"epigraphe\">Carlos Sainz gan\u00f3 el GP del 2024.<\/span><\/div>\n<div class=\"custom-text \" readability=\"35\">\n<p>Hay varias cosas a tener en cuenta para el inicio del Gran Circo en Melbourne: una es el <strong>debut oficial de Lewis Hamilton con Ferrari<\/strong>. El brit\u00e1nico termin\u00f3 su etapa en Mercedes y arranca su era en Maranello a bordo del SF-25 rojo junto a Charles Leclerc en la pista donde ya sali\u00f3 ganador en 2008 y 2015. <\/p>\n<\/div>\n<div class=\"custom-text \" readability=\"37\">\n<p>Para los argentinos, el ojo estar\u00e1 puesto en lo que haga Jack Doohan. El piloto de Alpine arranca como principal al lado de Pierre Gasly y tiene poco tiempo para demostrar que est\u00e1 a la altura de la categor\u00eda y no perder el puesto con <strong>Franco Colapinto<\/strong>, que est\u00e1 al asecho para ocupar el asiento una vez pasadas las primeras carreras.<\/p>\n<\/div>\n<div class=\"custom-text \" readability=\"39\">\n<p>Para los fan\u00e1ticos que vayan a las tribunas del Albert Park y la planificaci\u00f3n del finde de los equipos, el clima puede afectar algunos planes porque se espera mucha humedad para los d\u00edas de actividad, sumado a que el viernes hay <strong>probabilidades de lluvia<\/strong> por la tarde australiana, cuando est\u00e1n terminando los entrenamientos. Har\u00e1 mucho calor, y las m\u00e1ximas llegar\u00e1n a 37 grados el viernes.<\/p>\n<\/div>\n<div class=\"sc-e7b891c4-0 ifHnQL image-embed\"><img alt=\"Hamilton ya manej\u00f3 el SF25 de Ferrari.\" loading=\"lazy\" width=\"720\" height=\"100\" decoding=\"async\" data-nimg=\"1\" src=\"http:\/\/hoycordobaweb.com\/wp-content\/uploads\/2025\/03\/vuelve-la-formula-1-cuando-es-y-como-ver-el-primer-gran-premio-en-australia-3.jpg\"><span class=\"epigraphe\">Hamilton ya manej\u00f3 el SF25 de Ferrari.<\/span><\/div>\n<p><h2><strong>C\u00f3mo sigue la actividad tras la carrera inaugural<\/strong><\/h2>\n<\/p>\n<div class=\"custom-text \" readability=\"33\">\n<p>Tras el GP australiano, as\u00ed contin\u00faa el calendario de la F\u00f3rmula 1:<\/p>\n<\/div>\n<div class=\"custom-text \">\n<ul>\n<li>China | Shangai: 21 al 23 de marzo<\/li>\n<li>Jap\u00f3n | Suzuka: 4 al 6 de abril<\/li>\n<li>Bahr\u00e9in | Sakhir: 11 al 13 de abril<\/li>\n<li>Arabia Saudita | Yedda: 18 al 20 de abril<\/li>\n<li>Estados Unidos | Miami: 2 al 4 de mayo<\/li>\n<li>Italia | Imola: 16 al 18 de mayo<\/li>\n<li>M\u00f3naco | M\u00f3naco: 23 al 25 de mayo<\/li>\n<li>Espa\u00f1a | Barcelona: 30 de mayo al 1\u00b0 de junio<\/li>\n<li>Canad\u00e1 | Montreal: 13 al 15 de junio<\/li>\n<li>Austria | Spielberg: 27 al 29 de junio<\/li>\n<li>Reino Unido | Silverstone: 4 al 6 de julio<\/li>\n<li>B\u00e9lgica | Spa-Francorchamps: 25 al 27 de julio<\/li>\n<li>Hungr\u00eda | Budapest: 1 al 3 de agosto<\/li>\n<li>Pa\u00edses Bajos | Zandvoort: 29 al 31 de agosto<\/li>\n<li>Italia | Monza: 5 al 7 de septiembre<\/li>\n<li>Azerbaiy\u00e1n | Bak\u00fa: 19 al 21 de septiembre<\/li>\n<li>Singapur | Singapur: 3 al 5 de octubre<\/li>\n<li>Estados Unidos | Austin: 17 al 19 de octubre<\/li>\n<li>M\u00e9xico | Ciudad de M\u00e9xico: 24 al 26 de octubre<\/li>\n<li>Brasil | San Pablo: 7 al 9 de noviembre<\/li>\n<li>Estados Unidos | Las Vegas: 20 al 22 de noviembre<\/li>\n<li>Qatar | Lusail: 28 al 30 de noviembre<\/li>\n<li>Abu Dhabi | Yas Marina: 5 al 7 de diciembre<\/li>\n<\/ul>\n<\/div>\n<div class=\"sc-a7166897-0 eoLsBE\" readability=\"6.5\">\n<section readability=\"3\"><picture><img alt=\"\u00bfChau, Doohan? Colapinto pone en riesgo al australiano seg\u00fan los medios locales\" loading=\"lazy\" width=\"290\" height=\"290\" decoding=\"async\" data-nimg=\"1\" src=\"http:\/\/hoycordobaweb.com\/wp-content\/uploads\/2025\/03\/vuelve-la-formula-1-cuando-es-y-como-ver-el-primer-gran-premio-en-australia-4.jpg\"><\/picture>\n<p><span>Mir\u00e1 tambi\u00e9n<\/span><\/p>\n<hr>\n<h3>\u00bfChau, Doohan? Colapinto pone en riesgo al australiano seg\u00fan los medios locales<\/h3>\n<\/p>\n<\/section>\n<\/div>\n<div class=\"sc-a7166897-0 eoLsBE\" readability=\"6.5\">\n<section readability=\"3\"><picture><img alt=\"Franco Colapinto tiene nuevo compa\u00f1ero: Alpine present\u00f3 a su cuarto piloto de reserva\" loading=\"lazy\" width=\"290\" height=\"290\" decoding=\"async\" data-nimg=\"1\" src=\"http:\/\/hoycordobaweb.com\/wp-content\/uploads\/2025\/03\/vuelve-la-formula-1-cuando-es-y-como-ver-el-primer-gran-premio-en-australia-5.jpg\"><\/picture>\n<p><span>Mir\u00e1 tambi\u00e9n<\/span><\/p>\n<hr>\n<h3>Franco Colapinto tiene nuevo compa\u00f1ero: Alpine present\u00f3 a su cuarto piloto de reserva<\/h3>\n<\/p>\n<\/section>\n<\/div>\n<div class=\"sc-a7166897-0 eoLsBE\" readability=\"6\">\n<section readability=\"2\"><picture><img alt=\"Un ex piloto de F1 dispar\u00f3 contra Doohan: &quot;Si no rinde...&quot;\" loading=\"lazy\" width=\"290\" height=\"290\" decoding=\"async\" data-nimg=\"1\" src=\"http:\/\/hoycordobaweb.com\/wp-content\/uploads\/2025\/03\/vuelve-la-formula-1-cuando-es-y-como-ver-el-primer-gran-premio-en-australia-6.jpg\"><\/picture>\n<p><span>Mir\u00e1 tambi\u00e9n<\/span><\/p>\n<hr>\n<h3>Un ex piloto de F1 dispar\u00f3 contra Doohan: \u00abSi no rinde&#8230;\u00bb<\/h3>\n<\/p>\n<\/section>\n<\/div>\n<\/div>\n","protected":false},"excerpt":{"rendered":"<p>12\/03\/2025 10:27hs. Al encenderse los motores se va apagando el silencio y calentando un ambiente que presiente lo que est\u00e1 por venir&#8230; O mejor dicho volver. Tras una espera larga de m\u00e1s de tres meses, los monoplazas m\u00e1s r\u00e1pidos del mundo volver\u00e1n a calentar el asfalto de las pistas cuando, a partir del jueves, hagan [&hellip;]<\/p>\n","protected":false},"author":1,"featured_media":99288,"comment_status":"open","ping_status":"closed","sticky":false,"template":"","format":"standard","meta":[],"categories":[16],"tags":[],"_links":{"self":[{"href":"http:\/\/hoycordobaweb.com\/index.php\/wp-json\/wp\/v2\/posts\/99287"}],"collection":[{"href":"http:\/\/hoycordobaweb.com\/index.php\/wp-json\/wp\/v2\/posts"}],"about":[{"href":"http:\/\/hoycordobaweb.com\/index.php\/wp-json\/wp\/v2\/types\/post"}],"author":[{"embeddable":true,"href":"http:\/\/hoycordobaweb.com\/index.php\/wp-json\/wp\/v2\/users\/1"}],"replies":[{"embeddable":true,"href":"http:\/\/hoycordobaweb.com\/index.php\/wp-json\/wp\/v2\/comments?post=99287"}],"version-history":[{"count":0,"href":"http:\/\/hoycordobaweb.com\/index.php\/wp-json\/wp\/v2\/posts\/99287\/revisions"}],"wp:featuredmedia":[{"embeddable":true,"href":"http:\/\/hoycordobaweb.com\/index.php\/wp-json\/wp\/v2\/media\/99288"}],"wp:attachment":[{"href":"http:\/\/hoycordobaweb.com\/index.php\/wp-json\/wp\/v2\/media?parent=99287"}],"wp:term":[{"taxonomy":"category","embeddable":true,"href":"http:\/\/hoycordobaweb.com\/index.php\/wp-json\/wp\/v2\/categories?post=99287"},{"taxonomy":"post_tag","embeddable":true,"href":"http:\/\/hoycordobaweb.com\/index.php\/wp-json\/wp\/v2\/tags?post=99287"}],"curies":[{"name":"wp","href":"https:\/\/api.w.org\/{rel}","templated":true}]}}