{"id":99228,"date":"2025-03-11T19:45:47","date_gmt":"2025-03-11T19:45:47","guid":{"rendered":"https:\/\/fono.fcm.unc.edu.ar\/?p=13285"},"modified":"2025-03-11T19:45:47","modified_gmt":"2025-03-11T19:45:47","slug":"bahia-blanca-nos-necesita","status":"publish","type":"post","link":"http:\/\/hoycordobaweb.com\/index.php\/2025\/03\/11\/bahia-blanca-nos-necesita\/","title":{"rendered":"\u00a1Bah\u00eda Blanca nos necesita!"},"content":{"rendered":"<h2 class=\"fusion-post-title\">\u00a1Bah\u00eda Blanca nos necesita!<\/h2>\n<div class=\"post-content\" readability=\"43\">\n<p><img loading=\"lazy\" fetchpriority=\"high\" decoding=\"async\" class=\"alignright size-fusion-400 wp-image-13286\" src=\"https:\/\/fono.fcm.unc.edu.ar\/wp-content\/uploads\/sites\/14\/2025\/03\/WhatsApp-Image-2025-03-11-at-12.14.44-400x578.jpeg\" alt width=\"400\" height=\"578\" srcset=\"https:\/\/fono.fcm.unc.edu.ar\/wp-content\/uploads\/sites\/14\/2025\/03\/WhatsApp-Image-2025-03-11-at-12.14.44-200x289.jpeg 200w, https:\/\/fono.fcm.unc.edu.ar\/wp-content\/uploads\/sites\/14\/2025\/03\/WhatsApp-Image-2025-03-11-at-12.14.44-208x300.jpeg 208w, https:\/\/fono.fcm.unc.edu.ar\/wp-content\/uploads\/sites\/14\/2025\/03\/WhatsApp-Image-2025-03-11-at-12.14.44-400x578.jpeg 400w, https:\/\/fono.fcm.unc.edu.ar\/wp-content\/uploads\/sites\/14\/2025\/03\/WhatsApp-Image-2025-03-11-at-12.14.44-600x867.jpeg 600w, https:\/\/fono.fcm.unc.edu.ar\/wp-content\/uploads\/sites\/14\/2025\/03\/WhatsApp-Image-2025-03-11-at-12.14.44-709x1024.jpeg 709w, https:\/\/fono.fcm.unc.edu.ar\/wp-content\/uploads\/sites\/14\/2025\/03\/WhatsApp-Image-2025-03-11-at-12.14.44-768x1110.jpeg 768w, https:\/\/fono.fcm.unc.edu.ar\/wp-content\/uploads\/sites\/14\/2025\/03\/WhatsApp-Image-2025-03-11-at-12.14.44-800x1156.jpeg 800w, https:\/\/fono.fcm.unc.edu.ar\/wp-content\/uploads\/sites\/14\/2025\/03\/WhatsApp-Image-2025-03-11-at-12.14.44.jpeg 886w\" sizes=\"(max-width: 400px) 100vw, 400px\">La Facultad de Ciencias M\u00e9dicas est\u00e1 organizando una Campa\u00f1a Solidaria para ayudar a quienes m\u00e1s lo necesitan tras las inundaciones.<\/p>\n<p>\u00bfC\u00f3mo pod\u00e9s ayudar? Donando: \ud83d\udc47\ud83c\udffb<\/p>\n<p>\u2022 Ropa de cama<br \/>\u2022 Toallas y toallones<br \/>\u2022 Elementos de higiene personal<br \/>\u2022 Lavandina<br \/>\u2022 Agua mineral<br \/>\u2022 Calzado y abrigo<\/p>\n<p>Punto de recepci\u00f3n: Secretar\u00eda de Extensi\u00f3n Universitaria \u2013 FCM \u2013 UNC<\/p>\n<p>Desde el martes 11 al viernes 14 de marzo, de 8 a 16 horas.<\/p>\n<\/p><\/div>\n","protected":false},"excerpt":{"rendered":"<p>\u00a1Bah\u00eda Blanca nos necesita! La Facultad de Ciencias M\u00e9dicas est\u00e1 organizando una Campa\u00f1a Solidaria para ayudar a quienes m\u00e1s lo necesitan tras las inundaciones. \u00bfC\u00f3mo pod\u00e9s ayudar? Donando: \ud83d\udc47\ud83c\udffb \u2022 Ropa de cama\u2022 Toallas y toallones\u2022 Elementos de higiene personal\u2022 Lavandina\u2022 Agua mineral\u2022 Calzado y abrigo Punto de recepci\u00f3n: Secretar\u00eda de Extensi\u00f3n Universitaria \u2013 FCM [&hellip;]<\/p>\n","protected":false},"author":1,"featured_media":0,"comment_status":"closed","ping_status":"closed","sticky":false,"template":"","format":"standard","meta":[],"categories":[1],"tags":[],"_links":{"self":[{"href":"http:\/\/hoycordobaweb.com\/index.php\/wp-json\/wp\/v2\/posts\/99228"}],"collection":[{"href":"http:\/\/hoycordobaweb.com\/index.php\/wp-json\/wp\/v2\/posts"}],"about":[{"href":"http:\/\/hoycordobaweb.com\/index.php\/wp-json\/wp\/v2\/types\/post"}],"author":[{"embeddable":true,"href":"http:\/\/hoycordobaweb.com\/index.php\/wp-json\/wp\/v2\/users\/1"}],"replies":[{"embeddable":true,"href":"http:\/\/hoycordobaweb.com\/index.php\/wp-json\/wp\/v2\/comments?post=99228"}],"version-history":[{"count":0,"href":"http:\/\/hoycordobaweb.com\/index.php\/wp-json\/wp\/v2\/posts\/99228\/revisions"}],"wp:attachment":[{"href":"http:\/\/hoycordobaweb.com\/index.php\/wp-json\/wp\/v2\/media?parent=99228"}],"wp:term":[{"taxonomy":"category","embeddable":true,"href":"http:\/\/hoycordobaweb.com\/index.php\/wp-json\/wp\/v2\/categories?post=99228"},{"taxonomy":"post_tag","embeddable":true,"href":"http:\/\/hoycordobaweb.com\/index.php\/wp-json\/wp\/v2\/tags?post=99228"}],"curies":[{"name":"wp","href":"https:\/\/api.w.org\/{rel}","templated":true}]}}