{"id":99204,"date":"2025-03-11T13:15:41","date_gmt":"2025-03-11T13:15:41","guid":{"rendered":"https:\/\/www.ole.com.ar\/boca-juniors\/boca-gago-milton-delgado-convocado-seleccion-baja-boca-armado-equipo-volante-central_0_VP8sQjDT6o.html"},"modified":"2025-03-11T13:15:41","modified_gmt":"2025-03-11T13:15:41","slug":"la-nueva-baja-que-tendra-gago-en-boca","status":"publish","type":"post","link":"http:\/\/hoycordobaweb.com\/index.php\/2025\/03\/11\/la-nueva-baja-que-tendra-gago-en-boca\/","title":{"rendered":"La nueva baja que tendr\u00e1 Gago en Boca"},"content":{"rendered":"<p><img src=\"http:\/\/hoycordobaweb.com\/wp-content\/uploads\/2025\/03\/la-nueva-baja-que-tendra-gago-en-boca.jpg\"><\/p>\n<p><time class=\"createDate\" datetime=\"2025-03-11T10:15:41-03:00\">11\/03\/2025 10:15hs.<\/time><\/p>\n<div id=\"storyBody\">\n<div class=\"custom-text \" readability=\"36.5284738041\">\n<p>Los compromisos de <strong><a href=\"https:\/\/www.ole.com.ar\/tema\/boca-juniors.html\" title=\"Boca Juniors\" alt=\"Boca Juniors\" class=\"slug\">Boca<\/a><\/strong> ahora que qued\u00f3 al margen de la Copa Libertadores no son tantos. El equipo de <strong><a href=\"https:\/\/www.ole.com.ar\/tema\/fernando-gago.html\" title=\"Fernando Gago\" alt=\"Fernando Gago\" class=\"slug\">Fernando Gago<\/a><\/strong> jugar\u00e1 este domingo ante Defensa y Justicia y su siguiente encuentro ser\u00e1 reci\u00e9n el domingo 30, cuando deba viajar a Rosario para enfrentar a Newell\u2019s. <strong>Sin embargo, el DT considera claves esas dos semanas para seguir ensamblando el andar del equipo. Y por eso, las \u00faltimas horas le trajeron una noticia no tan buena.<\/strong><\/p>\n<\/div>\n<div class=\"custom-text \" readability=\"37\">\n<p>Es que luego de la confirmaci\u00f3n de las convocatorias de <strong>Marcelo Saracchi<\/strong> a la selecci\u00f3n uruguaya, <strong>Luis Adv\u00edncula<\/strong> a la peruana y <strong>Lucas Blondel<\/strong> en su primera vez con el seleccionado suizo, <strong>este lunes se confirmaron los dos nombres del plantel que se integrar\u00e1n a las pr\u00e1cticas de la Selecci\u00f3n Sub 20 en su preparaci\u00f3n para el Mundial de Chile de septiembre pr\u00f3ximo.<\/strong><\/p>\n<\/div>\n<div class=\"sc-e7b891c4-0 ifHnQL image-embed\"><img alt=\"Milton Delgado - Llegada a la ciudad De Santiago del Estero 6 marzo 2025 Foto: Javier Garcia Martino Prensa CABJ FTP CLARIN 06032025boca019.JPG Z LLucca Lucca\" loading=\"lazy\" width=\"720\" height=\"100\" decoding=\"async\" data-nimg=\"1\" src=\"http:\/\/hoycordobaweb.com\/wp-content\/uploads\/2025\/03\/la-nueva-baja-que-tendra-gago-en-boca-2.jpg\"><span class=\"epigraphe\">Milton Delgado &#8211; Llegada a la ciudad De Santiago del Estero 6 marzo 2025 Foto: Javier Garcia Martino Prensa CABJ FTP CLARIN 06032025boca019.JPG Z LLucca Lucca<\/span><\/div>\n<div class=\"custom-text \" readability=\"36.453488372093\">\n<p>Uno de ellos es <strong>Dylan Gorosito<\/strong>, el lateral categor\u00eda 2006 que debut\u00f3 en 2024 con Diego Mart\u00ednez en el banco, pero que no volvi\u00f3 a hacerlo y -hasta ac\u00e1- no est\u00e1 entre las prioridades de Gago. El otro es <strong><a href=\"https:\/\/www.ole.com.ar\/tema\/milton-delgado.html\" title=\"Milton Delgado\" alt=\"Milton Delgado\" class=\"slug\">Milton Delgado<\/a><\/strong>, <strong>el pibe que desde que volvi\u00f3 del Sudamericano se gan\u00f3 un lugar como titular en la mitad de la cancha y no sali\u00f3 m\u00e1s.<\/strong><\/p>\n<\/div>\n<div class=\"sc-e7b891c4-0 ifHnQL image-embed\"><img alt=\"Los convocados por Diego Placente para el Sudamericano Sub 17 (Prensa AFA).\" loading=\"lazy\" width=\"720\" height=\"100\" decoding=\"async\" data-nimg=\"1\" src=\"http:\/\/hoycordobaweb.com\/wp-content\/uploads\/2025\/03\/la-nueva-baja-que-tendra-gago-en-boca-3.jpg\"><span class=\"epigraphe\">Los convocados por Diego Placente para el Sudamericano Sub 17 (Prensa AFA).<\/span><\/div>\n<p><h2><strong>Una baja lamentable<\/strong><\/h2>\n<\/p>\n<div class=\"custom-text \" readability=\"41\">\n<p>Esa baja s\u00ed ser\u00e1 considerable para el DT, que <strong>encontr\u00f3 en el juvenil una soluci\u00f3n para equilibrar la l\u00ednea media a partir de su rendimiento, adem\u00e1s de haber sido -hasta ac\u00e1- el socio ideal de Ander Herrera. Y aunque no se perder\u00e1 ning\u00fan partido, s\u00ed tal vez pierda terreno en el rodaje que el plantel tendr\u00e1 en el Predio de Ezeiza durante el mini receso<\/strong>, teniendo en cuenta tambi\u00e9n que ya estar\u00e1n disponibles <strong>Tom\u00e1s Belmonte, Ignacio Miram\u00f3n y Camilo Rey Domenech<\/strong>, todos con chances de ocupar el puesto de volante central.<\/p>\n<\/div>\n<div class=\"sc-e7b891c4-0 ifHnQL image-embed\"><img alt=\"Milton Delgado, figura en Boca.\" loading=\"lazy\" width=\"720\" height=\"100\" decoding=\"async\" data-nimg=\"1\" src=\"http:\/\/hoycordobaweb.com\/wp-content\/uploads\/2025\/03\/la-nueva-baja-que-tendra-gago-en-boca-4.jpg\"><span class=\"epigraphe\">Milton Delgado, figura en Boca.<\/span><\/div>\n<div class=\"custom-text \" readability=\"37\">\n<p><strong>Donde no perder\u00e1 su lugar Delgado es en la preferencia de la gente de Boca, que lo ubic\u00f3 desde su aparici\u00f3n en medio de los momentos m\u00e1s dif\u00edciles del equipo en el a\u00f1o como el s\u00edmbolo de lo que s\u00ed quieren ver dentro de la cancha<\/strong>. Por lo que representa como pibe del club, por su desdoblamiento y entrega en la cancha y -de alguna manera- por el soplo de aire fresco entre los tantos jugadores cuestionados que fueron pasando por su puesto.<\/p>\n<\/div>\n<div class=\"sc-734b4696-1 kFfZtB\">\n<div class=\"sc-d00d9e74-0 hnHYbk\" type=\"embed\">\n<div class=\"sc-d00d9e74-1 iKVbz videoText\" id=\"contentTitleembedhxYECjcJ\" type=\"embed\"><svg fill=\"#ffffff\"><symbol id=\"play\" viewBox=\"0 0 512 512\"><path d=\"M512 256C512 397.4 397.4 512 256 512C114.6 512 0 397.4 0 256C0 114.6 114.6 0 256 0C397.4 0 512 114.6 512 256zM176 168V344C176 352.7 180.7 360.7 188.3 364.9C195.8 369.2 205.1 369 212.5 364.5L356.5 276.5C363.6 272.1 368 264.4 368 256C368 247.6 363.6 239.9 356.5 235.5L212.5 147.5C205.1 142.1 195.8 142.8 188.3 147.1C180.7 151.3 176 159.3 176 168V168z\" \/><\/symbol><use xlink:href=\"#play\" \/><\/svg><\/p>\n<div class=\"right\">\n<p>Boca Juniors<!-- --> &#8211; <span>&nbsp;<\/span><\/p>\n<h2 class=\"title-vid\">La palabra de Milton Delgado luego de la victoria ante Aldosivi<\/h2>\n<\/div>\n<\/div>\n<p><span class=\"back\" id=\"spanBackembedhxYECjcJ\"><\/span><\/div>\n<div class=\"JWvideoNota_title\">\n<p>Video: El Canal de Boca.<\/p>\n<\/div>\n<\/div>\n<div class=\"sc-734b4696-1 kFfZtB\">\n<div class=\"sc-d00d9e74-0 hnHYbk\" type=\"embed\">\n<div class=\"sc-d00d9e74-1 iKVbz videoText\" id=\"contentTitleembedDVdWOsNz\" type=\"embed\"><svg fill=\"#ffffff\"><symbol id=\"play\" viewBox=\"0 0 512 512\"><path d=\"M512 256C512 397.4 397.4 512 256 512C114.6 512 0 397.4 0 256C0 114.6 114.6 0 256 0C397.4 0 512 114.6 512 256zM176 168V344C176 352.7 180.7 360.7 188.3 364.9C195.8 369.2 205.1 369 212.5 364.5L356.5 276.5C363.6 272.1 368 264.4 368 256C368 247.6 363.6 239.9 356.5 235.5L212.5 147.5C205.1 142.1 195.8 142.8 188.3 147.1C180.7 151.3 176 159.3 176 168V168z\" \/><\/symbol><use xlink:href=\"#play\" \/><\/svg><\/p>\n<div class=\"right\">\n<p>Boca Juniors<!-- --> &#8211; <span>&nbsp;<\/span><\/p>\n<h2 class=\"title-vid\">Los elogios de Fernando Gago a Milton Delgado tras la victoria de Boca a Central C\u00f3rdoba<\/h2>\n<\/div>\n<\/div>\n<p><span class=\"back\" id=\"spanBackembedDVdWOsNz\"><\/span><\/div>\n<div class=\"JWvideoNota_title\">\n<p>Video: TNT Sports<\/p>\n<\/div>\n<\/div>\n<div class=\"custom-text \" readability=\"34\">\n<p><strong>Para cuando Boca vuelva a jugar, Milton podr\u00e1 decir presente.<\/strong> Pero sin haber estado a pleno en las dos semanas de rodaje sin urgencias que tendr\u00e1 el equipo.<\/p>\n<\/div>\n<div class=\"sc-a7166897-0 eoLsBE\" readability=\"7\">\n<section readability=\"4\"><picture><img alt=\"Boca EN VIVO: la lesi\u00f3n de Zen\u00f3n, los que vuelven con Defensa y m\u00e1s de este martes 11 de marzo\" loading=\"lazy\" width=\"290\" height=\"290\" decoding=\"async\" data-nimg=\"1\" src=\"http:\/\/hoycordobaweb.com\/wp-content\/uploads\/2025\/03\/la-nueva-baja-que-tendra-gago-en-boca-5.jpg\"><\/picture>\n<p><span>Mir\u00e1 tambi\u00e9n<\/span><\/p>\n<hr>\n<h3>Boca EN VIVO: la lesi\u00f3n de Zen\u00f3n, los que vuelven con Defensa y m\u00e1s de este martes 11 de marzo<\/h3>\n<\/p>\n<\/section>\n<\/div>\n<div class=\"sc-a7166897-0 eoLsBE\" readability=\"6.5\">\n<section readability=\"3\"><picture><img alt=\"Con cuatro de River y dos de Boca, la lista de convocados de la Selecci\u00f3n Sub 20\" loading=\"lazy\" width=\"290\" height=\"290\" decoding=\"async\" data-nimg=\"1\" src=\"http:\/\/hoycordobaweb.com\/wp-content\/uploads\/2025\/03\/la-nueva-baja-que-tendra-gago-en-boca-6.jpg\"><\/picture>\n<p><span>Mir\u00e1 tambi\u00e9n<\/span><\/p>\n<hr>\n<h3>Con cuatro de River y dos de Boca, la lista de convocados de la Selecci\u00f3n Sub 20<\/h3>\n<\/p>\n<\/section>\n<\/div>\n<div class=\"sc-a7166897-0 eoLsBE\" readability=\"6.5\">\n<section readability=\"3\"><picture><img alt=\"C\u00f3mo ser\u00e1 el viaje que empezar\u00e1 a definir el d\u00eda a d\u00eda de Boca en el Mundial de Clubes\" loading=\"lazy\" width=\"290\" height=\"290\" decoding=\"async\" data-nimg=\"1\" src=\"http:\/\/hoycordobaweb.com\/wp-content\/uploads\/2025\/03\/la-nueva-baja-que-tendra-gago-en-boca-7.jpg\"><\/picture>\n<p><span>Mir\u00e1 tambi\u00e9n<\/span><\/p>\n<hr>\n<h3>C\u00f3mo ser\u00e1 el viaje que empezar\u00e1 a definir el d\u00eda a d\u00eda de Boca en el Mundial de Clubes<\/h3>\n<\/p>\n<\/section>\n<\/div>\n<div class=\"sc-a7166897-0 eoLsBE\" readability=\"6\">\n<section readability=\"2\"><picture><img alt=\"Atentos Boca y Gago: un titular se hizo estudios por una posible lesi\u00f3n\" loading=\"lazy\" width=\"290\" height=\"290\" decoding=\"async\" data-nimg=\"1\" src=\"http:\/\/hoycordobaweb.com\/wp-content\/uploads\/2025\/03\/la-nueva-baja-que-tendra-gago-en-boca-8.jpg\"><\/picture>\n<p><span>Mir\u00e1 tambi\u00e9n<\/span><\/p>\n<hr>\n<h3>Atentos Boca y Gago: un titular se hizo estudios por una posible lesi\u00f3n<\/h3>\n<\/p>\n<\/section>\n<\/div>\n<div class=\"sc-a7166897-0 eoLsBE\" readability=\"6\">\n<section readability=\"2\"><picture><img alt=\"C\u00f3mo trabaj\u00f3 Boca en el inicio de la primera semana larga de su nueva realidad\" loading=\"lazy\" width=\"290\" height=\"290\" decoding=\"async\" data-nimg=\"1\" src=\"http:\/\/hoycordobaweb.com\/wp-content\/uploads\/2025\/03\/la-nueva-baja-que-tendra-gago-en-boca-9.jpg\"><\/picture>\n<p><span>Mir\u00e1 tambi\u00e9n<\/span><\/p>\n<hr>\n<h3>C\u00f3mo trabaj\u00f3 Boca en el inicio de la primera semana larga de su nueva realidad<\/h3>\n<\/p>\n<\/section>\n<\/div>\n<div class=\"sc-a7166897-0 eoLsBE\" readability=\"6\">\n<section readability=\"2\"><picture><img alt=\"Las fuertes confesiones de Jorman Campuzano luego de su paso por Boca\" loading=\"lazy\" width=\"290\" height=\"290\" decoding=\"async\" data-nimg=\"1\" src=\"http:\/\/hoycordobaweb.com\/wp-content\/uploads\/2025\/03\/la-nueva-baja-que-tendra-gago-en-boca-10.jpg\"><\/picture>\n<p><span>Mir\u00e1 tambi\u00e9n<\/span><\/p>\n<hr>\n<h3>Las fuertes confesiones de Jorman Campuzano luego de su paso por Boca<\/h3>\n<\/p>\n<\/section>\n<\/div>\n<\/div>\n","protected":false},"excerpt":{"rendered":"<p>11\/03\/2025 10:15hs. Los compromisos de Boca ahora que qued\u00f3 al margen de la Copa Libertadores no son tantos. El equipo de Fernando Gago jugar\u00e1 este domingo ante Defensa y Justicia y su siguiente encuentro ser\u00e1 reci\u00e9n el domingo 30, cuando deba viajar a Rosario para enfrentar a Newell\u2019s. Sin embargo, el DT considera claves esas [&hellip;]<\/p>\n","protected":false},"author":1,"featured_media":99205,"comment_status":"open","ping_status":"closed","sticky":false,"template":"","format":"standard","meta":[],"categories":[16],"tags":[],"_links":{"self":[{"href":"http:\/\/hoycordobaweb.com\/index.php\/wp-json\/wp\/v2\/posts\/99204"}],"collection":[{"href":"http:\/\/hoycordobaweb.com\/index.php\/wp-json\/wp\/v2\/posts"}],"about":[{"href":"http:\/\/hoycordobaweb.com\/index.php\/wp-json\/wp\/v2\/types\/post"}],"author":[{"embeddable":true,"href":"http:\/\/hoycordobaweb.com\/index.php\/wp-json\/wp\/v2\/users\/1"}],"replies":[{"embeddable":true,"href":"http:\/\/hoycordobaweb.com\/index.php\/wp-json\/wp\/v2\/comments?post=99204"}],"version-history":[{"count":0,"href":"http:\/\/hoycordobaweb.com\/index.php\/wp-json\/wp\/v2\/posts\/99204\/revisions"}],"wp:featuredmedia":[{"embeddable":true,"href":"http:\/\/hoycordobaweb.com\/index.php\/wp-json\/wp\/v2\/media\/99205"}],"wp:attachment":[{"href":"http:\/\/hoycordobaweb.com\/index.php\/wp-json\/wp\/v2\/media?parent=99204"}],"wp:term":[{"taxonomy":"category","embeddable":true,"href":"http:\/\/hoycordobaweb.com\/index.php\/wp-json\/wp\/v2\/categories?post=99204"},{"taxonomy":"post_tag","embeddable":true,"href":"http:\/\/hoycordobaweb.com\/index.php\/wp-json\/wp\/v2\/tags?post=99204"}],"curies":[{"name":"wp","href":"https:\/\/api.w.org\/{rel}","templated":true}]}}