{"id":99200,"date":"2025-03-11T13:55:27","date_gmt":"2025-03-11T13:55:27","guid":{"rendered":"https:\/\/www.ole.com.ar\/river-plate\/river-plate-nuevas-bajas-ausencias-marcelo-gallardo-copa-argentina-ciudad-bolivar_0_A9aA1Ura9t.html"},"modified":"2025-03-11T13:55:27","modified_gmt":"2025-03-11T13:55:27","slug":"las-nuevas-ausencias-de-river-para-el-partido-por-copa-argentina-ante-ciudad-de-bolivar","status":"publish","type":"post","link":"http:\/\/hoycordobaweb.com\/index.php\/2025\/03\/11\/las-nuevas-ausencias-de-river-para-el-partido-por-copa-argentina-ante-ciudad-de-bolivar\/","title":{"rendered":"Las nuevas ausencias de River para el partido por Copa Argentina ante Ciudad de Bol\u00edvar"},"content":{"rendered":"<p><img src=\"http:\/\/hoycordobaweb.com\/wp-content\/uploads\/2025\/03\/las-nuevas-ausencias-de-river-para-el-partido-por-copa-argentina-ante-ciudad-de-bolivar.jpg\"><\/p>\n<div><img src=\"http:\/\/hoycordobaweb.com\/wp-content\/uploads\/2025\/03\/las-nuevas-ausencias-de-river-para-el-partido-por-copa-argentina-ante-ciudad-de-bolivar.jpg\" class=\"ff-og-image-inserted\"><\/div>\n<p><span class=\"createDate\">11\/03\/2025 10:55hs.<\/span><time class=\"modificatedDate\" datetime=\"2025-03-11T11:02:31-03:00\"> Actualizado al 11\/03\/2025 11:02hs.<\/time><\/p>\n<div id=\"storyBody\">\n<div class=\"custom-text \" readability=\"40.088974854932\">\n<p>En cuanto al cronograma, <strong><a href=\"https:\/\/www.ole.com.ar\/tema\/river-plate.html\" title=\"River Plate\" alt=\"River Plate\" class=\"slug\">River<\/a><\/strong> ya tiene la certeza en cuanto a d\u00eda, hora y sede para su debut en la <strong><a href=\"https:\/\/www.ole.com.ar\/tema\/copa-argentina.html\" title=\"Copa Argentina\" alt=\"Copa Argentina\" class=\"slug\">Copa Argentina<\/a><\/strong> 2025 ante <strong>Ciudad de Bol\u00edvar<\/strong>: mi\u00e9rcoles 19 de marzo, desde las 21.10, en el Madre de Ciudades de Santiago del Estero. Las dudas, entonces, las tiene <strong><a href=\"https:\/\/www.ole.com.ar\/tema\/marcelo-gallardo.html\" title=\"Marcelo Gallardo\" alt=\"Marcelo Gallardo\" class=\"slug\">Marcelo Gallardo<\/a><\/strong> con relaci\u00f3n al armado del 11, porque m\u00e1s all\u00e1 de que antes deber\u00e1 visitar a Deportivo Riestra por el Apertura 2025, <strong>se confirmaron nuevas bajas para<\/strong> <strong>el choque ante el equipo del Federal A que se jugar\u00e1 en medio de la fecha FIFA.<\/strong><\/p>\n<\/div>\n<div class=\"custom-text \" readability=\"37\">\n<p>En las \u00faltimas horas, la AFA dio a conocer la lista de convocados para la Selecci\u00f3n Argentina Sub 20 y tanto <strong>Franco Mastantuono como Ian Subiabre<\/strong> aparecen entre los jugadores que deber\u00e1n entrenarse durante la pr\u00f3xima semana en el predio <strong>Lionel Messi<\/strong>. As\u00ed, <strong>quedaron autom\u00e1ticamente descartados para el encuentro eliminatorio por los 32avos. de la CA <\/strong>y el Mu\u00f1eco contin\u00faa sumando ausentes.<\/p>\n<\/div>\n<div class=\"custom-text \" readability=\"41\">\n<p>Sin los lesionados <strong>Lucas Mart\u00ednez Quarta, Mat\u00edas Rojas y Sebasti\u00e1n Driussi<\/strong>, MG deber\u00e1 armar un 11 en el que tampoco estar\u00e1n <strong>Germ\u00e1n Pezzella, Gonzalo Montiel y Paulo D\u00edaz<\/strong>, convocados a la Argentina y Chile, respectivamente. Adem\u00e1s, en N\u00fa\u00f1ez tambi\u00e9n est\u00e1n atentos a posibles llamados desde Colombia a <strong>Kevin Casta\u00f1o<\/strong> (en las pr\u00f3ximas horas firmar\u00e1 su contrato) y <strong>Miguel Borja<\/strong>. <\/p>\n<\/div>\n<div class=\"custom-text \" readability=\"41\">\n<p>Con este panorama, el Mu\u00f1eco tendr\u00e1 la obligaci\u00f3n de armar un duro rompecabezas, sobre todo de mitad de cancha hacia atr\u00e1s: sin sus tres principales centrales, <strong>Leandro Gonz\u00e1lez Pirez y Federico Gattoni<\/strong>, relegados hasta el momento, se perfilan para ser titulares, mientras que <strong>Fabricio Bustos <\/strong>aparece como el reemplazante natural de Cachete en el lateral derecho.<\/p>\n<\/div>\n<div class=\"custom-text \" readability=\"42\">\n<p>Del medio hacia arriba, Pity Mart\u00ednez se perfila como alternativa del volante de 17 a\u00f1os, <strong>figura frente a Atl\u00e9tico Tucum\u00e1n<\/strong>, al igual que Manuel Lanzini, silbado por los hinchas en el Monumental y hasta Santiago Lencina, quien viene de quedar afuera del banco ante el Decano. Y en el caso de Subiabre, por el momento el entrenador cuenta con <strong>Borja, Colidio y Tapia.<\/strong><\/p>\n<\/div>\n<\/div>\n","protected":false},"excerpt":{"rendered":"<p>11\/03\/2025 10:55hs. Actualizado al 11\/03\/2025 11:02hs. En cuanto al cronograma, River ya tiene la certeza en cuanto a d\u00eda, hora y sede para su debut en la Copa Argentina 2025 ante Ciudad de Bol\u00edvar: mi\u00e9rcoles 19 de marzo, desde las 21.10, en el Madre de Ciudades de Santiago del Estero. Las dudas, entonces, las tiene [&hellip;]<\/p>\n","protected":false},"author":1,"featured_media":99201,"comment_status":"open","ping_status":"closed","sticky":false,"template":"","format":"standard","meta":[],"categories":[16],"tags":[],"_links":{"self":[{"href":"http:\/\/hoycordobaweb.com\/index.php\/wp-json\/wp\/v2\/posts\/99200"}],"collection":[{"href":"http:\/\/hoycordobaweb.com\/index.php\/wp-json\/wp\/v2\/posts"}],"about":[{"href":"http:\/\/hoycordobaweb.com\/index.php\/wp-json\/wp\/v2\/types\/post"}],"author":[{"embeddable":true,"href":"http:\/\/hoycordobaweb.com\/index.php\/wp-json\/wp\/v2\/users\/1"}],"replies":[{"embeddable":true,"href":"http:\/\/hoycordobaweb.com\/index.php\/wp-json\/wp\/v2\/comments?post=99200"}],"version-history":[{"count":0,"href":"http:\/\/hoycordobaweb.com\/index.php\/wp-json\/wp\/v2\/posts\/99200\/revisions"}],"wp:featuredmedia":[{"embeddable":true,"href":"http:\/\/hoycordobaweb.com\/index.php\/wp-json\/wp\/v2\/media\/99201"}],"wp:attachment":[{"href":"http:\/\/hoycordobaweb.com\/index.php\/wp-json\/wp\/v2\/media?parent=99200"}],"wp:term":[{"taxonomy":"category","embeddable":true,"href":"http:\/\/hoycordobaweb.com\/index.php\/wp-json\/wp\/v2\/categories?post=99200"},{"taxonomy":"post_tag","embeddable":true,"href":"http:\/\/hoycordobaweb.com\/index.php\/wp-json\/wp\/v2\/tags?post=99200"}],"curies":[{"name":"wp","href":"https:\/\/api.w.org\/{rel}","templated":true}]}}