{"id":9909,"date":"2021-01-13T00:15:00","date_gmt":"2021-01-13T00:15:00","guid":{"rendered":"http:\/\/hoycordobaweb.com\/index.php\/2021\/01\/13\/maduro-volvio-a-rendir-cuentas-ante-la-asamblea-nacional-luego-de-cinco-anos\/"},"modified":"2021-01-13T00:15:00","modified_gmt":"2021-01-13T00:15:00","slug":"maduro-volvio-a-rendir-cuentas-ante-la-asamblea-nacional-luego-de-cinco-anos","status":"publish","type":"post","link":"http:\/\/hoycordobaweb.com\/index.php\/2021\/01\/13\/maduro-volvio-a-rendir-cuentas-ante-la-asamblea-nacional-luego-de-cinco-anos\/","title":{"rendered":"Maduro volvi\u00f3 a rendir cuentas ante la Asamblea Nacional luego de cinco a\u00f1os"},"content":{"rendered":"<p><img src=\"http:\/\/hoycordobaweb.com\/wp-content\/uploads\/2021\/01\/maduro-volvio-a-rendir-cuentas-ante-la-asamblea-nacional-luego-de-cinco-anos.jpg\"><strong readability=\"1\"> <\/p>\n<div class=\"image\" id=\"image\" readability=\"7\"> <img src=\"http:\/\/hoycordobaweb.com\/wp-content\/uploads\/2021\/01\/maduro-volvio-a-rendir-cuentas-ante-la-asamblea-nacional-luego-de-cinco-anos-2.jpg\" alt=\"Maduro volvi\u00f3 a rendir cuentas ante la Asamblea Nacional\" title=\"Maduro volvi\u00f3 a rendir cuentas ante la Asamblea Nacional\"><\/p>\n<p>Maduro volvi\u00f3 a rendir cuentas ante la Asamblea Nacional<\/p>\n<\/div>\n<p>El presidente de Venezuela, Nicol\u00e1s Maduro, reivindic\u00f3 la gesti\u00f3n frente a la pandemia de coronavirus, prometi\u00f3 alentar el regreso de miles de emigrados y reiter\u00f3 cuestionamientos a su colega de Colombia, Iv\u00e1n Duque, al dar su mensaje anual de rendici\u00f3n de cuentas ante el parlamento por primera vez en cinco a\u00f1os.<\/strong><\/p>\n<p>\u201cAqu\u00ed estamos otra vez; cuando estuve hace cinco a\u00f1os era otra la situaci\u00f3n, pero el sentimiento y la voluntad son los mismos; podemos aplicar el verbo retornar\u201d, dijo el mandatario.<\/p>\n<p>Desde que la Asamblea Nacional (AN, parlamento) qued\u00f3 bajo control opositor, Maduro rindi\u00f3 cuentas ante ella solo en 2016; al a\u00f1o siguiente lo hizo ante el Tribunal Supremo de Justicia (TSJ), y entre 2018 y 2020, ante la ahora disuelta Asamblea Nacional Constituyente (ANC) que estuvo integrada exclusivamente por chavistas.<\/p>\n<p>El mandatario sostuvo que tras la asunci\u00f3n, hace una semana, de los diputados electos en diciembre, la AN \u201crecuper\u00f3 su prestancia popular\u201d, producto de \u201cuna democracia participativa y protag\u00f3nica\u201d, y que retornaron a ella el libertador Sim\u00f3n \u201cBol\u00edvar y el esp\u00edritu inmortal de (el expresidente) Hugo Ch\u00e1vez\u201d.<\/p>\n<p><strong>En relaci\u00f3n con el coronavirus, juzg\u00f3 exitosa la gesti\u00f3n gubernamental,<\/strong> afirm\u00f3 que las estad\u00edsticas que presenta Venezuela \u201cson el resultado de una proeza nacional de todos y todas\u201d y opin\u00f3 que la pandemia \u201cpuso al descubierto lo inviable de un sistema capitalista contrario a la sociedad\u201d.<\/p>\n<p>\u201cEn abril nos trazamos una meta dif\u00edcil, fortalecer el sistema nacional de salud, y 300 d\u00edas despu\u00e9s hemos cumplido y avanzado en esta misi\u00f3n a pesar de que se perdi\u00f3 99% de los recursos que ingresan al pa\u00eds porque desde el Norte nos cancelan cuentas y sancionan a empresas o personas que tengan v\u00ednculos con Venezuela\u201d, agreg\u00f3, seg\u00fan el diario caraque\u00f1o El Universal.<\/p>\n<p>En ese contexto, dijo, \u201cLatinoam\u00e9rica se convirti\u00f3 en fen\u00f3meno de la pandemia y tuvieron que regresar los venezolanos v\u00edctimas de la xenofobia\u201d, por lo que anunci\u00f3 que a partir del 1 de febrero se reforzar\u00e1 el plan Vuelta a la Patria, en el que se registraron al menos 300.000 venezolanos que desean regresar desde Chile, Ecuador, Panam\u00e1, Per\u00fa y otros pa\u00edses.<\/p>\n<p><strong>Asimismo, Maduro volvi\u00f3 a cuestionar a Duque y a responsabilizarlo por la propagaci\u00f3n del coronavirus en Venezuela porque \u201cmiles de venezolanos contagiados fueron enviados de Colombia a Venezuela y dispararon la curva de pacientes\u201d.<\/strong><\/p>\n<p>Seg\u00fan el jefe del palacio de Miraflores, Duque \u201codia a Venezuela, no soporta la derrota de su pol\u00edtica aventurera contra Venezuela, sigue insistiendo en sus planes y se atrevi\u00f3 a decir que cuando lleguen las vacunas a Colombia los venezolanos no ser\u00e1n vacunados\u201d.<\/p>\n<p>\u201cDesde tiempos de Hitler no se o\u00eda una expresi\u00f3n de xenofobia, odio y desprecio de un tipo ruin como Iv\u00e1n Duque\u201d, remarc\u00f3.<\/p>\n","protected":false},"excerpt":{"rendered":"<p>Maduro volvi\u00f3 a rendir cuentas ante la Asamblea Nacional El presidente de Venezuela, Nicol\u00e1s Maduro, reivindic\u00f3 la gesti\u00f3n frente a la pandemia de coronavirus, prometi\u00f3 alentar el regreso de miles de emigrados y reiter\u00f3 cuestionamientos a su colega de Colombia, Iv\u00e1n Duque, al dar su mensaje anual de rendici\u00f3n de cuentas ante el parlamento por [&hellip;]<\/p>\n","protected":false},"author":1,"featured_media":9910,"comment_status":"open","ping_status":"closed","sticky":false,"template":"","format":"standard","meta":[],"categories":[19],"tags":[],"_links":{"self":[{"href":"http:\/\/hoycordobaweb.com\/index.php\/wp-json\/wp\/v2\/posts\/9909"}],"collection":[{"href":"http:\/\/hoycordobaweb.com\/index.php\/wp-json\/wp\/v2\/posts"}],"about":[{"href":"http:\/\/hoycordobaweb.com\/index.php\/wp-json\/wp\/v2\/types\/post"}],"author":[{"embeddable":true,"href":"http:\/\/hoycordobaweb.com\/index.php\/wp-json\/wp\/v2\/users\/1"}],"replies":[{"embeddable":true,"href":"http:\/\/hoycordobaweb.com\/index.php\/wp-json\/wp\/v2\/comments?post=9909"}],"version-history":[{"count":0,"href":"http:\/\/hoycordobaweb.com\/index.php\/wp-json\/wp\/v2\/posts\/9909\/revisions"}],"wp:featuredmedia":[{"embeddable":true,"href":"http:\/\/hoycordobaweb.com\/index.php\/wp-json\/wp\/v2\/media\/9910"}],"wp:attachment":[{"href":"http:\/\/hoycordobaweb.com\/index.php\/wp-json\/wp\/v2\/media?parent=9909"}],"wp:term":[{"taxonomy":"category","embeddable":true,"href":"http:\/\/hoycordobaweb.com\/index.php\/wp-json\/wp\/v2\/categories?post=9909"},{"taxonomy":"post_tag","embeddable":true,"href":"http:\/\/hoycordobaweb.com\/index.php\/wp-json\/wp\/v2\/tags?post=9909"}],"curies":[{"name":"wp","href":"https:\/\/api.w.org\/{rel}","templated":true}]}}