{"id":99074,"date":"2025-03-10T03:13:00","date_gmt":"2025-03-10T03:13:00","guid":{"rendered":"http:\/\/hoycordobaweb.com\/index.php\/2025\/03\/10\/majul-se-quebro-en-vivo-y-bullrich-aseguro-que-el-grupo-que-la-insulto-era-violento-politizado-y-del-polo-obrero\/"},"modified":"2025-03-10T03:13:00","modified_gmt":"2025-03-10T03:13:00","slug":"majul-se-quebro-en-vivo-y-bullrich-aseguro-que-el-grupo-que-la-insulto-era-violento-politizado-y-del-polo-obrero","status":"publish","type":"post","link":"http:\/\/hoycordobaweb.com\/index.php\/2025\/03\/10\/majul-se-quebro-en-vivo-y-bullrich-aseguro-que-el-grupo-que-la-insulto-era-violento-politizado-y-del-polo-obrero\/","title":{"rendered":"Majul se quebr\u00f3 en vivo y Bullrich asegur\u00f3 que el grupo que la insult\u00f3 era \u201cviolento, politizado y del Polo Obrero\u201d"},"content":{"rendered":"<div class=\"media_block\"><\/div>\n<div><img src=\"http:\/\/hoycordobaweb.com\/wp-content\/uploads\/2025\/03\/majul-se-quebro-en-vivo-y-bullrich-aseguro-que-el-grupo-que-la-insulto-era-violento-politizado-y-del-polo-obrero-1.jpg\" class=\"ff-og-image-inserted\"><\/div>\n<p>En el marco de la <a target=\"_blank\" href=\"https:\/\/www.perfil.com\/noticias\/actualidad\/bahia-blanca-el-intendente-susbielles-elevo-a-15-el-numero-de-muertos-y-dispuso-72-horas-de-duelo.phtml\" rel=\"noopener noreferrer\">tragedia que atraviesa Bah\u00eda Blanca<\/a>, la ministra de Seguridad <a target=\"_blank\" href=\"https:\/\/www.perfil.com\/noticias\/politica\/feroz-cruce-de-tuits-entre-patricia-bullrich-y-mauricio-macri-gestionar-la-seguridad-no-es-disenar-uniformes.phtml\" rel=\"noopener noreferrer\">Patricia Bullrich<\/a> brind\u00f3 una entrevista este domingo por la noche en la que <strong>minimiz\u00f3 el episodio <\/strong>que vivi\u00f3 cuando un<strong> grupo de vecinos la increp\u00f3 con insultos y acusaciones <\/strong>de haber visitado la localidad anegada para sacarse fotos \u00fanicamente. La funcionaria asegur\u00f3 que si bien eran vecinos de la zona, era \u201cun grupo violento, con las <strong>t\u00edpicas consignas K y del Polo Obrero,<\/strong> que sab\u00eda que generaban un hecho medi\u00e1tico\u201d. <\/p>\n<p>\u201cEstuve 45 minutos con los vecinos, me dijeron lo que hab\u00eda que hacer. Y, cuando ya me iba, un grupo m\u00e1s politizado, que incluso dijo<strong> \u2018somos del Polo Obrero\u2019 <\/strong>vino a\u2026 estuvimos en reuni\u00f3n con la gente, inclusive yo mostr\u00e9 la reuni\u00f3n en la que nos dijeron \u2018hay que abrir la ruta\u2019 y nosotros a las dos horas ten\u00edamos la ruta abierta. Cuando nos est\u00e1bamos yendo vino <strong>un grupo m\u00e1s violento, con las t\u00edpicas consignas K y del Polo Obrero. Eran del barrio, pero sab\u00edan que generaban un hecho medi\u00e1tico<\/strong>\u201d, explic\u00f3 la ministra. <\/p>\n<p>Los damnificados acusaron a <a target=\"_blank\" href=\"https:\/\/www.perfil.com\/noticias\/politica\/kicillof-oculto-la-foto-de-tres-en-bahia-blanca-que-patricia-bullrich-y-luis-petri-no-subieron-a-las-redes.phtml\" rel=\"noopener noreferrer\">Patricia Bullrich y Luis Petri<\/a> de haber acudido a la ciudad solo a sacarse fotos y grabar videos que les permitieran potenciar la imagen de su partido. La ministra de Seguridad fue la m\u00e1s cuestionada. Primero, una mujer se acerc\u00f3 a ella y comenz\u00f3 a increparla, cara a cara. R\u00e1pidamente, <a target=\"_blank\" href=\"https:\/\/perfil.com\/noticias\/politica\/mojate-como-nos-mojamos-nosotros-se-conocio-un-video-de-forcejeos-e-insultos-contra-bullrich-en-bahia-blanca.phtml\" rel=\"noopener noreferrer\">otras personas se sumaron al repudio<\/a> y, adem\u00e1s de<strong> insultos de grueso calibre,<\/strong> le lanzaron frases como: <strong>\u201cMojate como nos mojamos nosotros\u201d; \u201cpor lo menos mojate los pies como nosotros\u201d; \u201cnecesita vino\u201d; \u201candate\u201d; y \u201cayud\u00e1 a la gente\u201d.<\/strong><\/p>\n<div class=\"subscription\" readability=\"6.683257918552\">\n<p> Esto no les gusta a los autoritarios <\/p>\n<div class=\"subscription__container\" readability=\"6.1467391304348\">\n<div class=\"subscription__text-wrapper\" readability=\"31.20652173913\">\n<p> El ejercicio del periodismo profesional y cr\u00edtico es un pilar fundamental de la democracia. Por eso molesta a quienes creen ser los due\u00f1os de la verdad. <\/p>\n<\/p><\/div><\/div><\/div>\n<p>En la entrevista que brind\u00f3 este domingo por la noche a <em>LN+<\/em>, Bullrich anunci\u00f3 que <strong>este lunes volver\u00e1 a Bah\u00eda Blanca <\/strong>y reflexion\u00f3: \u201c<strong>Una tragedia en todo sentido. La cantidad de muertos, de desaparecidos<\/strong>, las p\u00e9rdidas de cada ciudadano y las vidas de cada ciudadano en sus casas,<strong> las casas destruidas, los autos apilados. <\/strong>La corriente destruy\u00f3 autos, el viernes a la noche vimos los autos apilados, destruidos. La gente que se llev\u00f3 la corriente. Y luego los fen\u00f3menos de escurrimiento: hubo zonas que parec\u00eda otra Bah\u00eda Blanca y otras en las que qued\u00f3 todo el barro y la destrucci\u00f3n. Y hay zonas como Cerri o Ingeniero White que quedaron anegadas, en muy malas condiciones\u201d. <\/p>\n<p>Asimismo, opin\u00f3 que \u201ceste tipo de cat\u00e1strofes muestran <strong>la debilidad de un Estado que, durante a\u00f1os, ha priorizado mal<\/strong>\u201d. Bullrich mencion\u00f3 \u201cciudades e infraestructura que no aguantan, m\u00e1s all\u00e1 de que 300 mil\u00edmetros rompen cualquier cosa, <strong>tenemos a\u00f1os y a\u00f1os de desinversi\u00f3n real<\/strong> y las consecuencias se ven en estos momentos\u201d. <\/p>\n<p>La ministra anunci\u00f3 que est\u00e1n trabajando en \u201cun sistema que va a ser muy importante, que es para que <strong>en todos tel\u00e9fonos salte la alerta y le d\u00e9 instrucciones a la gente sobre qu\u00e9 tiene que hacer<\/strong>. Hay que ver c\u00f3mo responde la gente, pero es inminente poder tener un sistema de este tipo. En este caso se pas\u00f3 al alerta roja un poco m\u00e1s tarde de lo que se deb\u00eda\u201d, apunt\u00f3 y dijo que \u201chay algo en Bah\u00eda Blanca respecto a <strong>la profundidad de la ciudad, que est\u00e1 como en un pozo<\/strong>\u201d. \u201cLos aires entre el mar y el continente hacen que sea m\u00e1s dif\u00edcil, con Petri dijimos que<strong> se tiene que estudiar esa fenomenolog\u00eda\u201d<\/strong>, a\u00f1adi\u00f3. <\/p>\n<h2>Majul se quebr\u00f3 en vivo y a Bullrich le tembl\u00f3 la voz al hablar sobre la tragedia en Bah\u00eda Blanca <\/h2>\n<p>En la entrevista de este domingo por la noche, <strong>Luis Majul <\/strong>quiso hablar sobre la dimensi\u00f3n de la tragedia, pero s\u00f3lo atin\u00f3 a decir: \u201cMinistra, usted estuvo en el terreno. Nosotros tenemos referencias superficiales, porque lo vemos de ac\u00e1\u201d. Entonces<strong> se quebr\u00f3 y qued\u00f3 en silencio diez segundos,<\/strong> por lo que Bullrich se\u00f1al\u00f3: \u201cNo pod\u00e9s hablar\u201d. Visiblemente afectado, Majul atin\u00f3 a decir:<strong> \u201cMucha angustia\u201d. <\/strong><\/p>\n<p>En este bache, la funcionaria tom\u00f3 la palabra y coment\u00f3: \u201cNosotros <strong>tenemos que tratar de estar fuertes <\/strong>porque tenemos que coordinar muchas cosas, mucha gente. Tenemos <strong>100 familias de las Fuerzas Federales que perdieron todo y los agentes est\u00e1n en la calle, trabajando,<\/strong> sabiendo que en sus casas no les qued\u00f3 nada y, sin embargo, salieron a ayudar a sus vecinos, por su responsabilidad. Nos tenemos que ocupar de eso y de todos los ciudadanos conjuntamente con la provincia, la municipalidad y los ciudadanos que est\u00e1n trabajando\u201d, dijo con la voz temblorosa. <\/p>\n<h2>El Gobierno decret\u00f3 tres d\u00edas de duelo por las v\u00edctimas del temporal<\/h2>\n<p>El Gobierno nacional decret\u00f3<strong> tres d\u00edas de duelo <\/strong>por las v\u00edctimas del temporal que azot\u00f3 el viernes \u00faltimo a la ciudad bonaerense de Bah\u00eda Blanca, con un saldo provisorio de 16 muertos y enormes da\u00f1os materiales en toda esa ciudad y sus alrededores, inform\u00f3 esta noche la Oficina del Presidente.<\/p>\n<p>\u00abLa Oficina del Presidente informa que el Presidente Javier Milei decretar\u00e1 tres d\u00edas de duelo nacional por el <strong>fallecimiento de compatriotas en el temporal del viernes pasado en la ciudad de Bah\u00eda Blanca y sus alrededores<\/strong>\u00ab, se inform\u00f3 a trav\u00e9s de redes sociales. El comunicado destaca que \u00ab<strong>en tiempo r\u00e9cord desde que se dispararon las alertas <\/strong>sobre esta cat\u00e1strofe, el Gobierno Nacional puso a disposici\u00f3n todos sus recursos para tareas de rescate, evacuaci\u00f3n, tratamiento m\u00e9dico, alojamiento y m\u00e1s\u00bb.<\/p>\n<p>\u00abEl Ministerio de Seguridad Nacional y la Agencia Federal de Emergencias pusieron en funcionamiento el<strong> Sistema Nacional para la Gesti\u00f3n Integral del Riesgo (SINAGIR)<\/strong>, a trav\u00e9s del cual la Prefectura Naval, la Gendarmer\u00eda Nacional y el Ministerio de Defensa, que despleg\u00f3 a las Fuerzas Armadas, fueron enviadas al terreno para asistir a los afectados con veh\u00edculos de evacuaci\u00f3n terrestre y fluvial\u00bb.<\/p>\n<p class=\"destacadoNota\"><a target=\"_blank\" href=\"https:\/\/www.perfil.com\/noticias\/sociedad\/temporal-en-bahia-blanca-encontraron-el-cuerpo-de-hombre-que-ayudo-a-las-nenas-desaparecidas.phtml\" rel=\"noopener noreferrer\">Temporal en Bah\u00eda Blanca: encontraron el cuerpo del hombre que ayud\u00f3 a las nenas desaparecidas<\/a><\/p>\n<p>El escrito destaca que \u00abadem\u00e1s, se orden\u00f3 la apertura de los cuarteles del Batall\u00f3n de Comunicaciones 181 y de la Base Naval Puerto Belgrano como centros de evacuados\u00bb. \u00abAsimismo \u2014a\u00f1ade el texto\u2014, <strong>las fuerzas involucradas contin\u00faan trabajando junto a las autoridades locales y provinciales <\/strong>en la localizaci\u00f3n de aquellos que a\u00fan est\u00e1n siendo buscados por sus familias\u00bb.<\/p>\n<p>El comunicado puntualiza que \u00abel <strong>Ministerio de Capital Humano <\/strong>traslad\u00f3, a trav\u00e9s de vuelos de la Fuerza A\u00e9rea Argentina, insumos b\u00e1sicos necesarios ante este tipo de emergencias y el <strong>Ministerio de Salud<\/strong> aport\u00f3 ambulancias, medicamentos y un hospital m\u00f3vil con 40 plazas para reforzar el sistema de emergencias local\u00bb. <\/p>\n<p>\u00abPor \u00faltimo \u2014indica\u2014, <strong>el Ministerio de Econom\u00eda aprob\u00f3 una ayuda econ\u00f3mica extraordinaria al municipio de Bah\u00eda Blanca de $10.000 millones<\/strong> para reparaci\u00f3n de los da\u00f1os ocasionados y asistencia directa en el proceso de recuperaci\u00f3n de la ciudad\u00bb. El texto de afirma finalmente que \u00abtodas las \u00e1reas del Gobierno Nacional permanecer\u00e1n abocadas, junto al municipio de Bah\u00eda Blanca y la Provincia de Buenos Aires, a la asistencia de los damnificados en este momento de dolor para todos los argentinos\u00bb.<\/p>\n<p><em>ML<\/em><\/p>\n","protected":false},"excerpt":{"rendered":"<p>En el marco de la tragedia que atraviesa Bah\u00eda Blanca, la ministra de Seguridad Patricia Bullrich brind\u00f3 una entrevista este domingo por la noche en la que minimiz\u00f3 el episodio que vivi\u00f3 cuando un grupo de vecinos la increp\u00f3 con insultos y acusaciones de haber visitado la localidad anegada para sacarse fotos \u00fanicamente. La funcionaria [&hellip;]<\/p>\n","protected":false},"author":1,"featured_media":99075,"comment_status":"closed","ping_status":"closed","sticky":false,"template":"","format":"standard","meta":[],"categories":[19],"tags":[1037,1038,1035,93,1036],"_links":{"self":[{"href":"http:\/\/hoycordobaweb.com\/index.php\/wp-json\/wp\/v2\/posts\/99074"}],"collection":[{"href":"http:\/\/hoycordobaweb.com\/index.php\/wp-json\/wp\/v2\/posts"}],"about":[{"href":"http:\/\/hoycordobaweb.com\/index.php\/wp-json\/wp\/v2\/types\/post"}],"author":[{"embeddable":true,"href":"http:\/\/hoycordobaweb.com\/index.php\/wp-json\/wp\/v2\/users\/1"}],"replies":[{"embeddable":true,"href":"http:\/\/hoycordobaweb.com\/index.php\/wp-json\/wp\/v2\/comments?post=99074"}],"version-history":[{"count":0,"href":"http:\/\/hoycordobaweb.com\/index.php\/wp-json\/wp\/v2\/posts\/99074\/revisions"}],"wp:featuredmedia":[{"embeddable":true,"href":"http:\/\/hoycordobaweb.com\/index.php\/wp-json\/wp\/v2\/media\/99075"}],"wp:attachment":[{"href":"http:\/\/hoycordobaweb.com\/index.php\/wp-json\/wp\/v2\/media?parent=99074"}],"wp:term":[{"taxonomy":"category","embeddable":true,"href":"http:\/\/hoycordobaweb.com\/index.php\/wp-json\/wp\/v2\/categories?post=99074"},{"taxonomy":"post_tag","embeddable":true,"href":"http:\/\/hoycordobaweb.com\/index.php\/wp-json\/wp\/v2\/tags?post=99074"}],"curies":[{"name":"wp","href":"https:\/\/api.w.org\/{rel}","templated":true}]}}