{"id":99072,"date":"2025-03-09T20:00:13","date_gmt":"2025-03-09T20:00:13","guid":{"rendered":"https:\/\/www.trendencias.com\/belleza\/estamos-era-maquillaje-polvo-cosmetica-polvo-explica-cosmetologa-creadora-byoode-raquel-gonzalez"},"modified":"2025-03-09T20:00:13","modified_gmt":"2025-03-09T20:00:13","slug":"estamos-en-la-era-del-maquillaje-sin-polvo-y-cosmetica-en-polvo-explica-la-cosmetologa-y-creadora-de-byoode-raquel-gonzalez","status":"publish","type":"post","link":"http:\/\/hoycordobaweb.com\/index.php\/2025\/03\/09\/estamos-en-la-era-del-maquillaje-sin-polvo-y-cosmetica-en-polvo-explica-la-cosmetologa-y-creadora-de-byoode-raquel-gonzalez\/","title":{"rendered":"\u00abEstamos en la era del maquillaje sin polvo y cosm\u00e9tica en polvo\u201d, explica la cosmet\u00f3loga y creadora de Byoode Raquel Gonz\u00e1lez"},"content":{"rendered":"<p>Las <a class=\"text-outboundlink\" href=\"https:\/\/www.trendencias.com\/belleza\/estas-tendencias-maquillaje-que-triunfan-este-otono-invierno-2023-delineadores-sombras-ojos-labiales\" data-vars-post-title=\"Estas son las tendencias en maquillaje que triunfan este 2023: delineadores, sombras de ojos y labiales\" data-vars-post-url=\"https:\/\/www.trendencias.com\/belleza\/estas-tendencias-maquillaje-que-triunfan-este-otono-invierno-2023-delineadores-sombras-ojos-labiales\">tendencias de maquillaje <\/a>evolucionan mucho y m\u00e1s en una sociedad como la nuestra en la que nos movemos tan deprisa y las redes sociales hacen que las cosas cambien de manera vertiginosa. As\u00ed, uno de los \u00faltimos trends que estamos viendo y que est\u00e1 siendo avalado por las <strong>expertas en el cuidado de la piel y maquilladoras<\/strong> es la que apuesta solo por <strong>un <\/strong><em><strong>makeup <\/strong><\/em><strong>con productos en crema &nbsp;l\u00edquidos dejando de lado los cosm\u00e9ticos en polvo<\/strong>.<\/p>\n<p><!-- BREAK 1 --> <\/p>\n<div class=\"article-asset article-asset-normal article-asset-center\">\n<div class=\"desvio-container\">\n<div class=\"desvio\">\n<div class=\"desvio-figure js-desvio-figure\"> <a href=\"https:\/\/www.trendencias.com\/sneakers\/adios-a-samba-hola-a-samoa-adidas-que-llevan-expertas-moda\" class=\"pivot-outboundlink\" data-vars-post-title=\"Adi\u00f3s a las Samba, hola a las Samoa: las Adidas que llevan las expertas en moda\"> <img loading=\"lazy\" alt=\"Adi\u00f3s a las Samba, hola a las Samoa: las Adidas que llevan las expertas en moda\" width=\"375\" height=\"142\" src=\"http:\/\/hoycordobaweb.com\/wp-content\/uploads\/2025\/03\/estamos-en-la-era-del-maquillaje-sin-polvo-y-cosmetica-en-polvo-explica-la-cosmetologa-y-creadora-de-byoode-raquel-gonzalez.jpg\"> <\/a> <\/div><\/div><\/div>\n<\/div>\n<blockquote class=\"tiktok-embed\" cite=\"https:\/\/www.tiktok.com\/@whatleawears\/video\/7241849585382001947\" data-video-id=\"7241849585382001947\" data-embed-from=\"oembed\" readability=\"0.74364406779661\">\n<section readability=\"0.49576271186441\"> <a target=\"_blank\" title=\"@whatleawears\" href=\"https:\/\/www.tiktok.com\/@whatleawears?refer=embed\" rel=\"noopener noreferrer\">@whatleawears<\/a> <\/p>\n<p>Glowy Summer makeup tutorial <a title=\"summermakeup\" target=\"_blank\" href=\"https:\/\/www.tiktok.com\/tag\/summermakeup?refer=embed\" rel=\"noopener noreferrer\">#summermakeup<\/a> <a title=\"makeuptutorial\" target=\"_blank\" href=\"https:\/\/www.tiktok.com\/tag\/makeuptutorial?refer=embed\" rel=\"noopener noreferrer\">#makeuptutorial<\/a> <a title=\"makeuproutine\" target=\"_blank\" href=\"https:\/\/www.tiktok.com\/tag\/makeuproutine?refer=embed\" rel=\"noopener noreferrer\">#makeuproutine<\/a> <a title=\"glowymakeup\" target=\"_blank\" href=\"https:\/\/www.tiktok.com\/tag\/glowymakeup?refer=embed\" rel=\"noopener noreferrer\">#glowymakeup<\/a> <a title=\"glowymakeuptutorial\" target=\"_blank\" href=\"https:\/\/www.tiktok.com\/tag\/glowymakeuptutorial?refer=embed\" rel=\"noopener noreferrer\">#glowymakeuptutorial<\/a> <a title=\"nopowdermakeup\" target=\"_blank\" href=\"https:\/\/www.tiktok.com\/tag\/nopowdermakeup?refer=embed\" rel=\"noopener noreferrer\">#nopowdermakeup<\/a> <a title=\"summermakeuproutine\" target=\"_blank\" href=\"https:\/\/www.tiktok.com\/tag\/summermakeuproutine?refer=embed\" rel=\"noopener noreferrer\">#summermakeuproutine<\/a> <a title=\"glowymakeup\" target=\"_blank\" href=\"https:\/\/www.tiktok.com\/tag\/glowymakeup?refer=embed\" rel=\"noopener noreferrer\">#glowymakeup<\/a> <a title=\"glowybasemakeup\" target=\"_blank\" href=\"https:\/\/www.tiktok.com\/tag\/glowybasemakeup?refer=embed\" rel=\"noopener noreferrer\">#glowybasemakeup<\/a> <\/p>\n<p> <a target=\"_blank\" title=\"\u266c Makeba (Ian Asher Remix) - Jain &amp; Ian Asher\" href=\"https:\/\/www.tiktok.com\/music\/Makeba-Ian-Asher-Remix-7239570181402626862?refer=embed\" rel=\"noopener noreferrer\">\u266c Makeba (Ian Asher Remix) &#8211; Jain &amp; Ian Asher<\/a> <\/section>\n<\/blockquote>\n<p>De esta manera, como nos explica la cosmet\u00f3loga y creadora de <strong>Byoode Raquel Gonz\u00e1lez,<\/strong> creadora de productos incre\u00edbles como el pack de <a class=\"text-outboundlink\" href=\"https:\/\/www.trendencias.com\/belleza\/se-retira-super-bien-sensacion-grasa-este-pack-doble-limpieza-que-me-ha-robado-corazon\" data-vars-post-title=\"\u201cSe retira s\u00faper bien sin sensaci\u00f3n grasa\u201d: este es el pack de doble limpieza que me ha robado el coraz\u00f3n\" data-vars-post-url=\"https:\/\/www.trendencias.com\/belleza\/se-retira-super-bien-sensacion-grasa-este-pack-doble-limpieza-que-me-ha-robado-corazon\">Rutina-Doble limpieza de Byoode<\/a> (<a rel=\"noopener, noreferrer\" href=\"https:\/\/byoode.com\/collections\/packs\/products\/pack-rutina-limpieza-facial\">68 euros<\/a>) que dice que \u00abestamos en la era del <strong>maquillaje sin polvo y cosm\u00e9tica en polvo\u201d.<\/strong><\/p>\n<p><!-- BREAK 2 --><\/p>\n<p>El caso es que es cierto. La calidad de los productos en crema, la apuesta por los <strong>acabado m\u00e1s <\/strong><em><strong>glow<\/strong><\/em><strong> y naturales<\/strong> han hecho que, poco a poco, los polvos se hayan quedado un poco m\u00e1s atr\u00e1s y casi los usemos m\u00e1s como productos de sellado para que nos aguante m\u00e1s el maquillaje que otra cosa, aunque en este sentido podr\u00edamos usar <a class=\"text-outboundlink\" href=\"https:\/\/www.trendencias.com\/belleza\/11-mejores-fijadores-tu-maquillaje-aguante-intacto\" data-vars-post-title=\"Los 11 mejores fijadores para que tu maquillaje aguante intacto\" data-vars-post-url=\"https:\/\/www.trendencias.com\/belleza\/11-mejores-fijadores-tu-maquillaje-aguante-intacto\">fijadores en spray, <\/a>las cosas como son.<\/p>\n<p><!-- BREAK 3 --> <\/p>\n<div class=\"article-asset-image article-asset-normal article-asset-center\">\n<div class=\"asset-content\"> <img class=\"centro_sinmarco\" height=\"720\" width=\"1280\" loading=\"lazy\" decoding=\"async\" sizes=\"100vw\" fetchpriority=\"high\" srcset=\"http:\/\/hoycordobaweb.com\/wp-content\/uploads\/2025\/03\/estamos-en-la-era-del-maquillaje-sin-polvo-y-cosmetica-en-polvo-explica-la-cosmetologa-y-creadora-de-byoode-raquel-gonzalez-1.jpg 450w, http:\/\/hoycordobaweb.com\/wp-content\/uploads\/2025\/03\/estamos-en-la-era-del-maquillaje-sin-polvo-y-cosmetica-en-polvo-explica-la-cosmetologa-y-creadora-de-byoode-raquel-gonzalez-5.jpg 681w, http:\/\/hoycordobaweb.com\/wp-content\/uploads\/2025\/03\/estamos-en-la-era-del-maquillaje-sin-polvo-y-cosmetica-en-polvo-explica-la-cosmetologa-y-creadora-de-byoode-raquel-gonzalez-6.jpg 1024w, http:\/\/hoycordobaweb.com\/wp-content\/uploads\/2025\/03\/estamos-en-la-era-del-maquillaje-sin-polvo-y-cosmetica-en-polvo-explica-la-cosmetologa-y-creadora-de-byoode-raquel-gonzalez-7.jpg 1366w\" src=\"http:\/\/hoycordobaweb.com\/wp-content\/uploads\/2025\/03\/estamos-en-la-era-del-maquillaje-sin-polvo-y-cosmetica-en-polvo-explica-la-cosmetologa-y-creadora-de-byoode-raquel-gonzalez-1.jpg\" alt=\"Perricone 1\"> <noscript><img alt=\"Perricone 1\" class=\"centro_sinmarco\" src=\"http:\/\/hoycordobaweb.com\/wp-content\/uploads\/2025\/03\/estamos-en-la-era-del-maquillaje-sin-polvo-y-cosmetica-en-polvo-explica-la-cosmetologa-y-creadora-de-byoode-raquel-gonzalez-1.jpg\"><\/noscript> <\/div>\n<\/div>\n<p>El caso es que como comenta<strong> Patricia Alonso, maquilladora oficial de Perricone MD &nbsp;<\/strong>ahora \u00ablas pieles buscan jugosidad, frescura y un efecto glow que los polvos tradicionales no consiguen. Por eso, los formatos en crema, suero y en b\u00e1lsamo han tomado la delantera\u00bb, as\u00ed que, por ejemplo, el No Makeup Foundation Serum de la marca (<a rel=\"noopener, noreferrer\" href=\"https:\/\/perriconemd.es\/products\/no-makeup-foundation-serum-beige\">62 euros<\/a>), as\u00ed como su fant\u00e1stico colorete &nbsp;<strong>No Makeup Blush de Perricone MD <\/strong>(<a rel=\"noopener, noreferrer\" href=\"https:\/\/perriconemd.es\/products\/no-makeup-blush\">41 euros<\/a>) son dos de los productos que vemos c\u00f3mo vuelven con mucha fuerza. As\u00ed, como siguen diciendo, ahora la apuesta es por <strong>\u201clas texturas ligeras, que se funden con la piel <\/strong>y consiguen un acabado natural sin resecar, adem\u00e1s de que mejora la sensaci\u00f3n de segunda piel\u00bb.<\/p>\n<p><!-- BREAK 4 --><\/p>\n<p>Y es que a d\u00faa de hoy, <strong>\u00abya no buscamos solo cobertura, sino un efecto piel sana\u00bb,<\/strong> apunta Mireia Fern\u00e1ndez, directora dermocosm\u00e9tica de Perricone MD.<\/p>\n<div class=\"article-asset-image article-asset-normal article-asset-center\">\n<div class=\"asset-content\">\n<div class=\"caption-img \"> <a rel=\"noopener, noreferrer\" href=\"https:\/\/www.instagram.com\/gabbiesul\/reel\/DFIgeRgObso\/\"> <img class=\"centro_sinmarco\" height=\"1280\" width=\"720\" loading=\"lazy\" decoding=\"async\" sizes=\"100vw\" fetchpriority=\"high\" srcset=\"http:\/\/hoycordobaweb.com\/wp-content\/uploads\/2025\/03\/estamos-en-la-era-del-maquillaje-sin-polvo-y-cosmetica-en-polvo-explica-la-cosmetologa-y-creadora-de-byoode-raquel-gonzalez-2.jpg 450w, http:\/\/hoycordobaweb.com\/wp-content\/uploads\/2025\/03\/estamos-en-la-era-del-maquillaje-sin-polvo-y-cosmetica-en-polvo-explica-la-cosmetologa-y-creadora-de-byoode-raquel-gonzalez-8.jpg 681w, http:\/\/hoycordobaweb.com\/wp-content\/uploads\/2025\/03\/estamos-en-la-era-del-maquillaje-sin-polvo-y-cosmetica-en-polvo-explica-la-cosmetologa-y-creadora-de-byoode-raquel-gonzalez-9.jpg 1024w, http:\/\/hoycordobaweb.com\/wp-content\/uploads\/2025\/03\/estamos-en-la-era-del-maquillaje-sin-polvo-y-cosmetica-en-polvo-explica-la-cosmetologa-y-creadora-de-byoode-raquel-gonzalez-10.jpg 1366w\" src=\"http:\/\/hoycordobaweb.com\/wp-content\/uploads\/2025\/03\/estamos-en-la-era-del-maquillaje-sin-polvo-y-cosmetica-en-polvo-explica-la-cosmetologa-y-creadora-de-byoode-raquel-gonzalez-2.jpg\" alt=\"maquillaje natural\"> <noscript><img alt=\"maquillaje natural\" class=\"centro_sinmarco\" src=\"http:\/\/hoycordobaweb.com\/wp-content\/uploads\/2025\/03\/estamos-en-la-era-del-maquillaje-sin-polvo-y-cosmetica-en-polvo-explica-la-cosmetologa-y-creadora-de-byoode-raquel-gonzalez-2.jpg\"><\/noscript> <\/a> <span>@gabbiesul<\/span> <\/div><\/div>\n<\/div>\n<p>De la misma forma, cuando usamos productos en crema, como coloretes, iluminadores y dem\u00e1s, <strong>el &nbsp;efecto es de piel sana<\/strong>, con una potencia incre\u00edble, pero con una sensaci\u00f3n de m\u00e1s segunda piel.&nbsp;<\/p>\n<p><!-- BREAK 5 --><\/p>\n<p>Si duda, famosas como <a href=\"https:\/\/www.trendencias.com\/tag\/Hailey-Bieber\">Hailey Bieber<\/a> son una de las grandes precursoras de este tipo de tendencias que vemos en las redes, en tiktok y donde &nbsp;miremos, con pieles relucientes donde el acabado empolvado ha pasado a mejor vida.&nbsp;<\/p>\n<p><!-- BREAK 6 --> <\/p>\n<div class=\"article-asset-image article-asset-normal article-asset-center\">\n<div class=\"asset-content\">\n<div class=\"caption-img \"> <a rel=\"noopener, noreferrer\" href=\"https:\/\/www.instagram.com\/kehaulanisanares\/p\/DDaZWP6T-tq\/?img_index=1\"> <img class=\"centro_sinmarco\" height=\"590\" width=\"812\" loading=\"lazy\" decoding=\"async\" sizes=\"100vw\" fetchpriority=\"high\" srcset=\"http:\/\/hoycordobaweb.com\/wp-content\/uploads\/2025\/03\/estamos-en-la-era-del-maquillaje-sin-polvo-y-cosmetica-en-polvo-explica-la-cosmetologa-y-creadora-de-byoode-raquel-gonzalez-3.jpg 450w, http:\/\/hoycordobaweb.com\/wp-content\/uploads\/2025\/03\/estamos-en-la-era-del-maquillaje-sin-polvo-y-cosmetica-en-polvo-explica-la-cosmetologa-y-creadora-de-byoode-raquel-gonzalez-11.jpg 681w, http:\/\/hoycordobaweb.com\/wp-content\/uploads\/2025\/03\/estamos-en-la-era-del-maquillaje-sin-polvo-y-cosmetica-en-polvo-explica-la-cosmetologa-y-creadora-de-byoode-raquel-gonzalez-12.jpg 1024w, http:\/\/hoycordobaweb.com\/wp-content\/uploads\/2025\/03\/estamos-en-la-era-del-maquillaje-sin-polvo-y-cosmetica-en-polvo-explica-la-cosmetologa-y-creadora-de-byoode-raquel-gonzalez-13.jpg 1366w\" src=\"http:\/\/hoycordobaweb.com\/wp-content\/uploads\/2025\/03\/estamos-en-la-era-del-maquillaje-sin-polvo-y-cosmetica-en-polvo-explica-la-cosmetologa-y-creadora-de-byoode-raquel-gonzalez-3.jpg\" alt=\"Tendencias Maquillaje 2025\"> <noscript><img alt=\"Tendencias Maquillaje 2025\" class=\"centro_sinmarco\" src=\"http:\/\/hoycordobaweb.com\/wp-content\/uploads\/2025\/03\/estamos-en-la-era-del-maquillaje-sin-polvo-y-cosmetica-en-polvo-explica-la-cosmetologa-y-creadora-de-byoode-raquel-gonzalez-3.jpg\"><\/noscript> <\/a> <span>@kehaulanisanares<\/span> <\/div><\/div>\n<\/div>\n<p>Adem\u00e1s, este tipo de tendencias no solo son ideales para mujeres j\u00f3venes, <strong>sino tambi\u00e9n para las que ya vamos cumpliendo a\u00f1os ya que el polvo tiende a resecar, a marcar m\u00e1s las arrugas <\/strong>y, por tanto, nos suma a\u00f1os. As\u00ed que nada como llenar nuestro neceser con productos en crema o l\u00edquidos que siempre son una opci\u00f3n estupenda.&nbsp;<\/p>\n<p><!-- BREAK 7 --><\/p>\n<p>Fotos | <a rel=\"noopener, noreferrer\" href=\"https:\/\/www.instagram.com\/raquelgonzalez_beauty\/\">@raquelgonzalez_beauty<\/a> y <a rel=\"noopener, noreferrer\" href=\"https:\/\/www.instagram.com\/haileybieber\/\">@haileybieber<\/a><\/p>\n<p>En Trendencias | <a class=\"text-outboundlink\" href=\"https:\/\/www.trendencias.com\/belleza\/cremas-que-ayudan-acne-adulto-cual-mejor-comprar-consejos-recomendaciones\" data-vars-post-title=\"Cremas que ayudan con el acn\u00e9 adulto: \u00bfcu\u00e1l es mejor comprar? Consejos y recomendaciones\" data-vars-post-url=\"https:\/\/www.trendencias.com\/belleza\/cremas-que-ayudan-acne-adulto-cual-mejor-comprar-consejos-recomendaciones\">Cremas que ayudan con el acn\u00e9 adulto: \u00bfcu\u00e1l es mejor comprar? Consejos y recomendaciones<\/a><\/p>\n<p>En Trendencias | <a class=\"text-outboundlink\" href=\"https:\/\/www.trendencias.com\/belleza\/que-acido-azelaico-todo-que-necesitamos-saber-como-usarlo-cuanto-tarda-hacer-efecto\" data-vars-post-title=\"Qu\u00e9 es el \u00e1cido azelaico: para qu\u00e9 sirve, c\u00f3mo usarlo y cu\u00e1nto tarda en hacer efecto frente a las manchas y acn\u00e9\" data-vars-post-url=\"https:\/\/www.trendencias.com\/belleza\/que-acido-azelaico-todo-que-necesitamos-saber-como-usarlo-cuanto-tarda-hacer-efecto\">Qu\u00e9 es el \u00e1cido azelaico: para qu\u00e9 sirve, c\u00f3mo usarlo y cu\u00e1nto tarda en hacer efecto frente a las manchas y acn\u00e9<\/a><\/p>\n","protected":false},"excerpt":{"rendered":"<p>Las tendencias de maquillaje evolucionan mucho y m\u00e1s en una sociedad como la nuestra en la que nos movemos tan deprisa y las redes sociales hacen que las cosas cambien de manera vertiginosa. As\u00ed, uno de los \u00faltimos trends que estamos viendo y que est\u00e1 siendo avalado por las expertas en el cuidado de la [&hellip;]<\/p>\n","protected":false},"author":1,"featured_media":99073,"comment_status":"closed","ping_status":"closed","sticky":false,"template":"","format":"standard","meta":[],"categories":[],"tags":[],"_links":{"self":[{"href":"http:\/\/hoycordobaweb.com\/index.php\/wp-json\/wp\/v2\/posts\/99072"}],"collection":[{"href":"http:\/\/hoycordobaweb.com\/index.php\/wp-json\/wp\/v2\/posts"}],"about":[{"href":"http:\/\/hoycordobaweb.com\/index.php\/wp-json\/wp\/v2\/types\/post"}],"author":[{"embeddable":true,"href":"http:\/\/hoycordobaweb.com\/index.php\/wp-json\/wp\/v2\/users\/1"}],"replies":[{"embeddable":true,"href":"http:\/\/hoycordobaweb.com\/index.php\/wp-json\/wp\/v2\/comments?post=99072"}],"version-history":[{"count":0,"href":"http:\/\/hoycordobaweb.com\/index.php\/wp-json\/wp\/v2\/posts\/99072\/revisions"}],"wp:featuredmedia":[{"embeddable":true,"href":"http:\/\/hoycordobaweb.com\/index.php\/wp-json\/wp\/v2\/media\/99073"}],"wp:attachment":[{"href":"http:\/\/hoycordobaweb.com\/index.php\/wp-json\/wp\/v2\/media?parent=99072"}],"wp:term":[{"taxonomy":"category","embeddable":true,"href":"http:\/\/hoycordobaweb.com\/index.php\/wp-json\/wp\/v2\/categories?post=99072"},{"taxonomy":"post_tag","embeddable":true,"href":"http:\/\/hoycordobaweb.com\/index.php\/wp-json\/wp\/v2\/tags?post=99072"}],"curies":[{"name":"wp","href":"https:\/\/api.w.org\/{rel}","templated":true}]}}