{"id":99066,"date":"2025-03-09T15:45:45","date_gmt":"2025-03-09T15:45:45","guid":{"rendered":"https:\/\/www.mujerhoy.com\/moda\/no-te-pierdas\/reina-letizia-look-traje-el-corte-ingles-tipazo-copa-reina-waterpolo-final-20250309141312-nt.html"},"modified":"2025-03-09T15:45:45","modified_gmt":"2025-03-09T15:45:45","slug":"la-reina-letizia-recupera-el-traje-de-el-corte-ingles-que-mejor-sienta-en-la-final-de-la-copa-de-la-reina-de-waterpolo","status":"publish","type":"post","link":"http:\/\/hoycordobaweb.com\/index.php\/2025\/03\/09\/la-reina-letizia-recupera-el-traje-de-el-corte-ingles-que-mejor-sienta-en-la-final-de-la-copa-de-la-reina-de-waterpolo\/","title":{"rendered":"La reina Letizia recupera el traje de El Corte Ingl\u00e9s que mejor sienta en la final de la Copa de la Reina de waterpolo"},"content":{"rendered":"<p><!-- AUTHOR --> <\/p>\n<div class=\"voc-author-timesocial \"> <!-- AUTHOR --> <\/p>\n<div class=\"voc-author-timesocial__signature \">\n<div class=\"voc-author-timesocial__img-c\"> <!-- IMAGE AUTHOR --> <picture class=\"voc-image-signature\"> <img class=\"voc-image-signature__img\" src=\"http:\/\/hoycordobaweb.com\/wp-content\/uploads\/2025\/03\/la-reina-letizia-recupera-el-traje-de-el-corte-ingles-que-mejor-sienta-en-la-final-de-la-copa-de-la-reina-de-waterpolo.jpg\" alt=\"Patricia Mart\u00edn\"> <\/picture> <\/div>\n<p> <!-- INFO AUTHOR --> <\/div><\/div>\n<p> <!-- COMPONENTS --> <\/p>\n<p class=\"voc-paragraph\" data-mrf-recirculation=\"Link art\u00edculo\">Finaliza una semana intensa para <strong>la reina Letizia,<\/strong> en la que no ha parado de viajar. Primero estuvo en Oviedo para presidir<br \/>\n<a data-voc-vtm-id=\"in-text-traffic\" href=\"https:\/\/www.mujerhoy.com\/moda\/no-te-pierdas\/reina-letizia-look-masculino-traje-hombre-corbata-dia-mundial-enfermedades-raras-oviedo-20250304102953-nt.html\" data-mrf-link=\"https:\/\/www.mujerhoy.com\/moda\/no-te-pierdas\/reina-letizia-look-masculino-traje-hombre-corbata-dia-mundial-enfermedades-raras-oviedo-20250304102953-nt.html\"> el acto central del D\u00eda Mundial de las Enfermedades Raras<\/a><br \/>\n, despu\u00e9s se desplaz\u00f3 hasta Madrid para acudir a la inauguraci\u00f3n de ARCO y al<br \/>\n<a data-voc-vtm-id=\"in-text-traffic\" href=\"https:\/\/www.mujerhoy.com\/moda\/no-te-pierdas\/reina-letizia-estrena-vestido-abrigo-negro-look-sobrio-elegante-victimas-terrorismo-20250306194128-nt.html\" data-mrf-link=\"https:\/\/www.mujerhoy.com\/moda\/no-te-pierdas\/reina-letizia-estrena-vestido-abrigo-negro-look-sobrio-elegante-victimas-terrorismo-20250306194128-nt.html\"> Concierto por las V\u00edctimas del Terrorismo,<\/a> y hoy vuelve a viajar hasta Palma de Mallorca para acudir a la XXIX Copa de S.M. la Reina Iberdrola Waterpolo. <\/p>\n<p class=\"voc-paragraph\" data-mrf-recirculation=\"Link art\u00edculo\">No es la primera vez que vemos a Do\u00f1a Letizia<br \/>\n<strong> implicada en el deporte femenino<\/strong> de nuestro pa\u00eds, todos recordamos la emoci\u00f3n con la que celebr\u00f3 tanto la victoria de la Selecci\u00f3n femenina de f\u00fatbol en el Mundial, como la del equipo de waterpolo femenino en los JJOO. <\/p>\n<p class=\"voc-paragraph\" data-mrf-recirculation=\"Link art\u00edculo\">Tambi\u00e9n ha sido una semana llena de grandes looks, destacando el estilismo masculino con corbata que llev\u00f3 en Oviedo, o <a data-voc-vtm-id=\"in-text-traffic\" href=\"https:\/\/www.mujerhoy.com\/moda\/no-te-pierdas\/reina-letizia-estrena-chaqueta-mango-cuero-rojo-nueva-temporada-inauguracion-arco-20250305184107-nt.html\" data-mrf-link=\"https:\/\/www.mujerhoy.com\/moda\/no-te-pierdas\/reina-letizia-estrena-chaqueta-mango-cuero-rojo-nueva-temporada-inauguracion-arco-20250305184107-nt.html\">la chaqueta de cuero roja<\/a> de nueva temporada de Mango. Hoy la reina Letizia ha vuelto a confiar en una de sus f\u00f3rmulas favoritas: un traje de sastrer\u00eda de chaqueta y pantal\u00f3n, perfecto para la primavera.\n<\/p>\n<p><h3 class=\"voc-detail__title\"> El look de Letizia, al detalle<br \/>\n<\/h3>\n<\/p>\n<p class=\"voc-paragraph\" data-mrf-recirculation=\"Link art\u00edculo\">No hay pieza que siente mejor que un buen traje de sastrer\u00eda, y la reina Letizia lo sabe y acude a \u00e9l en numerosas ocasiones.<br \/>\n<strong> Elegante, c\u00f3modo y vers\u00e1til,<\/strong> es uno de los estilismos favoritos de Letizia para acudir a actos institucionales. <\/p>\n<div class=\"voc-detail-photo-zoom\"> <picture data-toggle=\"modal\" data-target=\"#photoZoomModal-318\" target=\"modal\">\n<div class=\"voc-img-icon-link\"> <img loading=\"lazy\" src=\"http:\/\/hoycordobaweb.com\/wp-content\/uploads\/2025\/03\/la-reina-letizia-recupera-el-traje-de-el-corte-ingles-que-mejor-sienta-en-la-final-de-la-copa-de-la-reina-de-waterpolo-1.jpg\" width=\"650\" height=\"900\" alt=\"La reina Letizia en la final de la Copa de la Reina de Waterpolo (GTRES)\"> <noscript> <img src=\"http:\/\/hoycordobaweb.com\/wp-content\/uploads\/2025\/03\/la-reina-letizia-recupera-el-traje-de-el-corte-ingles-que-mejor-sienta-en-la-final-de-la-copa-de-la-reina-de-waterpolo-1.jpg\" alt=\"La reina Letizia en la final de la Copa de la Reina de Waterpolo (GTRES)\"> <\/noscript> <i class=\"voc-icons zoom voc-multimedia-box voc-ico-l\"><\/i> <\/div><figcaption class=\"figure-caption\">La reina Letizia en la final de la Copa de la Reina de Waterpolo (GTRES)<\/figcaption><\/picture>\n<\/div>\n<div id=\"photoZoomModal-318\" class=\"voc-lightbox modal fade voc-lightbox--photo-zoom\" role=\"dialog\" data-voc-photozoom-lightbox>\n<div class=\"voc-lightbox__dialog\" role=\"document\">\n<div class=\"voc-lightbox__content\"> <!-- Modal header --> <!-- Modal content --> <\/p>\n<div class=\"voc-lightbox__photo-container\"> <picture class> <img loading=\"lazy\" src=\"http:\/\/hoycordobaweb.com\/wp-content\/uploads\/2025\/03\/la-reina-letizia-recupera-el-traje-de-el-corte-ingles-que-mejor-sienta-en-la-final-de-la-copa-de-la-reina-de-waterpolo-1.jpg\" alt=\"La reina Letizia en la final de la Copa de la Reina de Waterpolo (GTRES)\"> <noscript> <img src=\"http:\/\/hoycordobaweb.com\/wp-content\/uploads\/2025\/03\/la-reina-letizia-recupera-el-traje-de-el-corte-ingles-que-mejor-sienta-en-la-final-de-la-copa-de-la-reina-de-waterpolo-1.jpg\" alt=\"La reina Letizia en la final de la Copa de la Reina de Waterpolo (GTRES)\"> <\/noscript> <\/picture> <\/div><\/div><\/div>\n<\/div>\n<p class=\"voc-paragraph\" data-mrf-recirculation=\"Link art\u00edculo\">El traje<br \/>\n<strong> pertenece a El Corte Ingl\u00e9s <\/strong>y no es la primera vez que lo utiliza. En un tono gris azulado muy favorecedor, la chaqueta es tipo blazer, con cuello solapa, cirre mediante botones frontales y hombreras marcadas. <\/p>\n<p class=\"voc-paragraph\" data-mrf-recirculation=\"Link art\u00edculo\">Los pantalones, de corte skinny y con pinzas, tienen tiro alto y<br \/>\n<strong> hacen efecto tipazo.<\/strong> Do\u00f1a Letizia lo ha combinado con un b\u00e1sico: una camiseta de cuello cerrado negra de manga larga. Un conjunto que no falla y que sienta fenomenal. <\/p>\n<p class=\"voc-paragraph\" data-mrf-recirculation=\"Link art\u00edculo\">En cuanto a los complementos, Letizia ha elegido unos zapatos planos que son tendencia: <strong>mocasines en color negro <\/strong>con antifaz, y detalle de hebilla metalizada. En cuanto al bolso, en el mismo tono que los zapatos, es de tama\u00f1o medio, con asa de mano y tipo city. <\/p>\n<p class=\"voc-paragraph\" data-mrf-recirculation=\"Link art\u00edculo\">En el aspecto beauty, Letizia vuelve a apostar por<br \/>\n<strong> la naturalidad<\/strong> con un maquillaje muy favorecedor: ojos delineados sutilmente en negro y labial en un tono rosa nude, con gloss. El pelo lo lleva suelto, peinado con raya al lado y ondas al agua.\n<\/p>\n<p class=\"voc-paragraph\" data-mrf-recirculation=\"Link art\u00edculo\">Una vez m\u00e1s, la reina Letizia demuestra por qu\u00e9 es considerada una de las royals que mejor visten, con <strong>un estilismo sobrio pero muy elegante,<\/strong> perfecto tanto para ir a la oficina, como para un evento especial. <\/p>\n<p> <!-- TOPICS --> <\/p>\n","protected":false},"excerpt":{"rendered":"<p>Finaliza una semana intensa para la reina Letizia, en la que no ha parado de viajar. Primero estuvo en Oviedo para presidir el acto central del D\u00eda Mundial de las Enfermedades Raras , despu\u00e9s se desplaz\u00f3 hasta Madrid para acudir a la inauguraci\u00f3n de ARCO y al Concierto por las V\u00edctimas del Terrorismo, y hoy [&hellip;]<\/p>\n","protected":false},"author":1,"featured_media":99067,"comment_status":"closed","ping_status":"closed","sticky":false,"template":"","format":"standard","meta":[],"categories":[],"tags":[],"_links":{"self":[{"href":"http:\/\/hoycordobaweb.com\/index.php\/wp-json\/wp\/v2\/posts\/99066"}],"collection":[{"href":"http:\/\/hoycordobaweb.com\/index.php\/wp-json\/wp\/v2\/posts"}],"about":[{"href":"http:\/\/hoycordobaweb.com\/index.php\/wp-json\/wp\/v2\/types\/post"}],"author":[{"embeddable":true,"href":"http:\/\/hoycordobaweb.com\/index.php\/wp-json\/wp\/v2\/users\/1"}],"replies":[{"embeddable":true,"href":"http:\/\/hoycordobaweb.com\/index.php\/wp-json\/wp\/v2\/comments?post=99066"}],"version-history":[{"count":0,"href":"http:\/\/hoycordobaweb.com\/index.php\/wp-json\/wp\/v2\/posts\/99066\/revisions"}],"wp:featuredmedia":[{"embeddable":true,"href":"http:\/\/hoycordobaweb.com\/index.php\/wp-json\/wp\/v2\/media\/99067"}],"wp:attachment":[{"href":"http:\/\/hoycordobaweb.com\/index.php\/wp-json\/wp\/v2\/media?parent=99066"}],"wp:term":[{"taxonomy":"category","embeddable":true,"href":"http:\/\/hoycordobaweb.com\/index.php\/wp-json\/wp\/v2\/categories?post=99066"},{"taxonomy":"post_tag","embeddable":true,"href":"http:\/\/hoycordobaweb.com\/index.php\/wp-json\/wp\/v2\/tags?post=99066"}],"curies":[{"name":"wp","href":"https:\/\/api.w.org\/{rel}","templated":true}]}}