{"id":99064,"date":"2025-03-09T16:15:07","date_gmt":"2025-03-09T16:15:07","guid":{"rendered":"https:\/\/www.mujerhoy.com\/moda\/no-te-pierdas\/vaqueros-lavados-tendencia-primavera-20250309164452-nt.html"},"modified":"2025-03-09T16:15:07","modified_gmt":"2025-03-09T16:15:07","slug":"la-tendencia-de-primavera-viral-en-denim-son-los-vaqueros-lavados-quitan-anos-y-favorecen-a-todas","status":"publish","type":"post","link":"http:\/\/hoycordobaweb.com\/index.php\/2025\/03\/09\/la-tendencia-de-primavera-viral-en-denim-son-los-vaqueros-lavados-quitan-anos-y-favorecen-a-todas\/","title":{"rendered":"La tendencia de primavera viral en denim son los vaqueros lavados: quitan a\u00f1os y favorecen a todas"},"content":{"rendered":"<p><!-- AUTHOR --> <\/p>\n<div class=\"voc-author-timesocial \"> <!-- AUTHOR --> <\/p>\n<div class=\"voc-author-timesocial__signature \">\n<div class=\"voc-author-timesocial__img-c\"> <!-- IMAGE AUTHOR --> <picture class=\"voc-image-signature\"> <img class=\"voc-image-signature__img\" src=\"http:\/\/hoycordobaweb.com\/wp-content\/uploads\/2025\/03\/la-tendencia-de-primavera-viral-en-denim-son-los-vaqueros-lavados-quitan-anos-y-favorecen-a-todas.jpg\" alt=\"Lauren Izquierdo\"> <\/picture> <\/div>\n<p> <!-- INFO AUTHOR --> <\/div><\/div>\n<p> <!-- COMPONENTS --> <\/p>\n<p class=\"voc-paragraph\" data-mrf-recirculation=\"Link art\u00edculo\">En 2025, el <strong>vaquero con efecto lavado<\/strong> se ha consolidado como el imprescindible del armario, y <strong>no es casualidad<\/strong>. Su aire vintage y desenfadado lo han convertido en la opci\u00f3n perfecta para quienes buscan un <a data-voc-vtm-id=\"in-text-traffic\" href=\"https:\/\/www.mujerhoy.com\/moda\/no-te-pierdas\/xisca-perello-mujer-rafa-nadal-estilo-amante-chic-frances-relajado-elegante-20240801125322-nt.html\" title=\"www.mujerhoy.com\" data-mrf-link=\"https:\/\/www.mujerhoy.com\/moda\/no-te-pierdas\/xisca-perello-mujer-rafa-nadal-estilo-amante-chic-frances-relajado-elegante-20240801125322-nt.html\">look relajado<\/a> pero con mucha personalidad que no deja indiferente a nadie. <\/p>\n<p class=\"voc-paragraph\" data-mrf-recirculation=\"Link art\u00edculo\">Dise\u00f1adores como <strong>Diesel<\/strong> o <strong>Stella McCartney<\/strong> o personalidades como <strong>Gigi Hadid<\/strong>, llevan a\u00f1os apostando por este referente indiscutible del estilo casual, ya que a pesar de su <strong>toque de tendencia<\/strong>, son unos <a data-voc-vtm-id=\"in-text-traffic\" href=\"https:\/\/www.mujerhoy.com\/moda\/no-te-pierdas\/nuevo-vaqueros-tipazo-original-otono-20241113033906-nt.html\" title=\"www.mujerhoy.com\" data-mrf-link=\"https:\/\/www.mujerhoy.com\/moda\/no-te-pierdas\/nuevo-vaqueros-tipazo-original-otono-20241113033906-nt.html\">vaqueros cl\u00e1sicos<\/a> y atemporales. La clave para lucirlos con <strong>sin mayor complicaci\u00f3n<\/strong> est\u00e1 en optar por un dise\u00f1o recto, que estiliza la figura sin ce\u00f1irse demasiado, y combinarlos con prendas b\u00e1sicas de calidad, como una camisa blanca o un jersey ligero en tonos neutros.\n<\/p>\n<p class=\"voc-paragraph\" data-mrf-recirculation=\"Link art\u00edculo\">Adem\u00e1s, m\u00e1s all\u00e1 de su <a data-voc-vtm-id=\"in-text-traffic\" href=\"https:\/\/www.mujerhoy.com\/moda\/no-te-pierdas\/effortless-chic-tendencia-2025-vestir-facil-20250216112439-nt.html\" title=\"www.mujerhoy.com\" data-mrf-link=\"https:\/\/www.mujerhoy.com\/moda\/no-te-pierdas\/effortless-chic-tendencia-2025-vestir-facil-20250216112439-nt.html\">est\u00e9tica effortless<\/a><br \/>\n, los vaqueros de lavado vintage son muy vers\u00e1tiles y funcionan igual de bien con zapatillas y camiseta para un look de d\u00eda, como con sandalias de tiras y blazer para elevar cualquier estilismo y darle un <strong>toque elegante y sofisticado<\/strong> que no deje indiferente a nadie.\n<\/p>\n<p><h3 class=\"voc-detail__title\"> Seis vaqueros lavados que llevar\u00e1s en primavera<br \/>\n<\/h3>\n<\/p>\n<div class=\"voc-detail-photo-zoom\"> <picture data-toggle=\"modal\" data-target=\"#photoZoomModal-899\" target=\"modal\">\n<div class=\"voc-img-icon-link\"> <img loading=\"lazy\" src=\"http:\/\/hoycordobaweb.com\/wp-content\/uploads\/2025\/03\/la-tendencia-de-primavera-viral-en-denim-son-los-vaqueros-lavados-quitan-anos-y-favorecen-a-todas-1.jpg\" width=\"650\" height=\"900\" alt=\"Jeans grises de Pull&amp;Bear, 29,99 euros.\"> <noscript> <img src=\"http:\/\/hoycordobaweb.com\/wp-content\/uploads\/2025\/03\/la-tendencia-de-primavera-viral-en-denim-son-los-vaqueros-lavados-quitan-anos-y-favorecen-a-todas-1.jpg\" alt=\"Jeans grises de Pull&amp;Bear, 29,99 euros.\"> <\/noscript> <i class=\"voc-icons zoom voc-multimedia-box voc-ico-l\"><\/i> <\/div><figcaption class=\"figure-caption\">Jeans grises de Pull&amp;Bear, 29,99 euros.<\/figcaption><\/picture>\n<\/div>\n<div id=\"photoZoomModal-899\" class=\"voc-lightbox modal fade voc-lightbox--photo-zoom\" role=\"dialog\" data-voc-photozoom-lightbox>\n<div class=\"voc-lightbox__dialog\" role=\"document\">\n<div class=\"voc-lightbox__content\"> <!-- Modal header --> <!-- Modal content --> <\/p>\n<div class=\"voc-lightbox__photo-container\"> <picture class> <img loading=\"lazy\" src=\"http:\/\/hoycordobaweb.com\/wp-content\/uploads\/2025\/03\/la-tendencia-de-primavera-viral-en-denim-son-los-vaqueros-lavados-quitan-anos-y-favorecen-a-todas-1.jpg\" alt=\"Jeans grises de Pull&amp;Bear, 29,99 euros.\"> <noscript> <img src=\"http:\/\/hoycordobaweb.com\/wp-content\/uploads\/2025\/03\/la-tendencia-de-primavera-viral-en-denim-son-los-vaqueros-lavados-quitan-anos-y-favorecen-a-todas-1.jpg\" alt=\"Jeans grises de Pull&amp;Bear, 29,99 euros.\"> <\/noscript> <\/picture> <\/div><\/div><\/div>\n<\/div>\n<p class=\"voc-paragraph\" data-mrf-recirculation=\"Link art\u00edculo\"><strong>Jeans grises de Pull&amp;Bear, 29,99 euros<\/strong>. Nos encantan porque son ponibles y porque los vaqueros grises siempre est\u00e1n de moda. Por lo que es una forma de llevar dos tendencias en una y no morir en el intento. Adem\u00e1s sientan bien a todas. <\/p>\n<div class=\"voc-detail-photo-zoom\"> <picture data-toggle=\"modal\" data-target=\"#photoZoomModal-587\" target=\"modal\">\n<div class=\"voc-img-icon-link\"> <img loading=\"lazy\" src=\"http:\/\/hoycordobaweb.com\/wp-content\/uploads\/2025\/03\/la-tendencia-de-primavera-viral-en-denim-son-los-vaqueros-lavados-quitan-anos-y-favorecen-a-todas-2.jpg\" width=\"650\" height=\"900\" alt=\"Jeans flare tiro medio de Mango, 29,99 euros.\"> <noscript> <img src=\"http:\/\/hoycordobaweb.com\/wp-content\/uploads\/2025\/03\/la-tendencia-de-primavera-viral-en-denim-son-los-vaqueros-lavados-quitan-anos-y-favorecen-a-todas-2.jpg\" alt=\"Jeans flare tiro medio de Mango, 29,99 euros.\"> <\/noscript> <i class=\"voc-icons zoom voc-multimedia-box voc-ico-l\"><\/i> <\/div><figcaption class=\"figure-caption\">Jeans flare tiro medio de Mango, 29,99 euros.<\/figcaption><\/picture>\n<\/div>\n<div id=\"photoZoomModal-587\" class=\"voc-lightbox modal fade voc-lightbox--photo-zoom\" role=\"dialog\" data-voc-photozoom-lightbox>\n<div class=\"voc-lightbox__dialog\" role=\"document\">\n<div class=\"voc-lightbox__content\"> <!-- Modal header --> <!-- Modal content --> <\/p>\n<div class=\"voc-lightbox__photo-container\"> <picture class> <img loading=\"lazy\" src=\"http:\/\/hoycordobaweb.com\/wp-content\/uploads\/2025\/03\/la-tendencia-de-primavera-viral-en-denim-son-los-vaqueros-lavados-quitan-anos-y-favorecen-a-todas-2.jpg\" alt=\"Jeans flare tiro medio de Mango, 29,99 euros.\"> <noscript> <img src=\"http:\/\/hoycordobaweb.com\/wp-content\/uploads\/2025\/03\/la-tendencia-de-primavera-viral-en-denim-son-los-vaqueros-lavados-quitan-anos-y-favorecen-a-todas-2.jpg\" alt=\"Jeans flare tiro medio de Mango, 29,99 euros.\"> <\/noscript> <\/picture> <\/div><\/div><\/div>\n<\/div>\n<p class=\"voc-paragraph\" data-mrf-recirculation=\"Link art\u00edculo\"><strong>Jeans flare tiro medio de Mango, 29,99 euros<\/strong>. Nuestro consejo es que escojas pantalones de camal recto y tiro alto para que te veas mucho m\u00e1s favorecida y estilizada. Este tipo de pantalones aplana la cintura, consiguiendo un efecto talla menos.\n<\/p>\n<div class=\"voc-detail-photo-zoom\"> <picture data-toggle=\"modal\" data-target=\"#photoZoomModal-954\" target=\"modal\">\n<div class=\"voc-img-icon-link\"> <img loading=\"lazy\" src=\"http:\/\/hoycordobaweb.com\/wp-content\/uploads\/2025\/03\/la-tendencia-de-primavera-viral-en-denim-son-los-vaqueros-lavados-quitan-anos-y-favorecen-a-todas-3.jpg\" width=\"650\" height=\"900\" alt=\"Jeans con strass grises de Calzedonia, 45,95 euros.\"> <noscript> <img src=\"http:\/\/hoycordobaweb.com\/wp-content\/uploads\/2025\/03\/la-tendencia-de-primavera-viral-en-denim-son-los-vaqueros-lavados-quitan-anos-y-favorecen-a-todas-3.jpg\" alt=\"Jeans con strass grises de Calzedonia, 45,95 euros.\"> <\/noscript> <i class=\"voc-icons zoom voc-multimedia-box voc-ico-l\"><\/i> <\/div><figcaption class=\"figure-caption\">Jeans con strass grises de Calzedonia, 45,95 euros.<\/figcaption><\/picture>\n<\/div>\n<div id=\"photoZoomModal-954\" class=\"voc-lightbox modal fade voc-lightbox--photo-zoom\" role=\"dialog\" data-voc-photozoom-lightbox>\n<div class=\"voc-lightbox__dialog\" role=\"document\">\n<div class=\"voc-lightbox__content\"> <!-- Modal header --> <!-- Modal content --> <\/p>\n<div class=\"voc-lightbox__photo-container\"> <picture class> <img loading=\"lazy\" src=\"http:\/\/hoycordobaweb.com\/wp-content\/uploads\/2025\/03\/la-tendencia-de-primavera-viral-en-denim-son-los-vaqueros-lavados-quitan-anos-y-favorecen-a-todas-3.jpg\" alt=\"Jeans con strass grises de Calzedonia, 45,95 euros.\"> <noscript> <img src=\"http:\/\/hoycordobaweb.com\/wp-content\/uploads\/2025\/03\/la-tendencia-de-primavera-viral-en-denim-son-los-vaqueros-lavados-quitan-anos-y-favorecen-a-todas-3.jpg\" alt=\"Jeans con strass grises de Calzedonia, 45,95 euros.\"> <\/noscript> <\/picture> <\/div><\/div><\/div>\n<\/div>\n<p class=\"voc-paragraph\" data-mrf-recirculation=\"Link art\u00edculo\"><strong>Jeans con strass grises de Calzedonia, 45,95 euros<\/strong>. Estos pantalones con strass nos parecen una declaraci\u00f3n de intenciones que a\u00f1ade un toque diferente a este pantal\u00f3n de moda que tambi\u00e9n podr\u00e1s combinar con cualquier prenda que tengas en mente, desde camisetas, estampadas a camisas formales de algod\u00f3n.\n<\/p>\n<div class=\"voc-detail-photo-zoom\"> <picture data-toggle=\"modal\" data-target=\"#photoZoomModal-77\" target=\"modal\">\n<div class=\"voc-img-icon-link\"> <img loading=\"lazy\" src=\"http:\/\/hoycordobaweb.com\/wp-content\/uploads\/2025\/03\/la-tendencia-de-primavera-viral-en-denim-son-los-vaqueros-lavados-quitan-anos-y-favorecen-a-todas-4.jpg\" width=\"650\" height=\"900\" alt=\"Jeans flare azul oscuro de H&amp;M, 29,99 euros.\"> <noscript> <img src=\"http:\/\/hoycordobaweb.com\/wp-content\/uploads\/2025\/03\/la-tendencia-de-primavera-viral-en-denim-son-los-vaqueros-lavados-quitan-anos-y-favorecen-a-todas-4.jpg\" alt=\"Jeans flare azul oscuro de H&amp;M, 29,99 euros.\"> <\/noscript> <i class=\"voc-icons zoom voc-multimedia-box voc-ico-l\"><\/i> <\/div><figcaption class=\"figure-caption\">Jeans flare azul oscuro de H&amp;M, 29,99 euros.<\/figcaption><\/picture>\n<\/div>\n<div id=\"photoZoomModal-77\" class=\"voc-lightbox modal fade voc-lightbox--photo-zoom\" role=\"dialog\" data-voc-photozoom-lightbox>\n<div class=\"voc-lightbox__dialog\" role=\"document\">\n<div class=\"voc-lightbox__content\"> <!-- Modal header --> <!-- Modal content --> <\/p>\n<div class=\"voc-lightbox__photo-container\"> <picture class> <img loading=\"lazy\" src=\"http:\/\/hoycordobaweb.com\/wp-content\/uploads\/2025\/03\/la-tendencia-de-primavera-viral-en-denim-son-los-vaqueros-lavados-quitan-anos-y-favorecen-a-todas-4.jpg\" alt=\"Jeans flare azul oscuro de H&amp;M, 29,99 euros.\"> <noscript> <img src=\"http:\/\/hoycordobaweb.com\/wp-content\/uploads\/2025\/03\/la-tendencia-de-primavera-viral-en-denim-son-los-vaqueros-lavados-quitan-anos-y-favorecen-a-todas-4.jpg\" alt=\"Jeans flare azul oscuro de H&amp;M, 29,99 euros.\"> <\/noscript> <\/picture> <\/div><\/div><\/div>\n<\/div>\n<p class=\"voc-paragraph\" data-mrf-recirculation=\"Link art\u00edculo\"><strong>Jeans flare azul oscuro de H&amp;M, 29,99 euros<\/strong>. El consejo de las m\u00e1s elegantes es que apuestes por la tonalidad m\u00e1s oscura de este tipo de vaqueros, porque resulta mucho m\u00e1s f\u00e1cil de combinar y de mezclar con todo tipo de b\u00e1sicos que vayan desde los m\u00e1s sencillos a los m\u00e1s llamativos u originales. <\/p>\n<div class=\"voc-detail-photo-zoom\"> <picture data-toggle=\"modal\" data-target=\"#photoZoomModal-971\" target=\"modal\">\n<div class=\"voc-img-icon-link\"> <img loading=\"lazy\" src=\"http:\/\/hoycordobaweb.com\/wp-content\/uploads\/2025\/03\/la-tendencia-de-primavera-viral-en-denim-son-los-vaqueros-lavados-quitan-anos-y-favorecen-a-todas-5.jpg\" width=\"650\" height=\"900\" alt=\"Jeans oscuros de Massimo Dutti, 49,95 euros.\"> <noscript> <img src=\"http:\/\/hoycordobaweb.com\/wp-content\/uploads\/2025\/03\/la-tendencia-de-primavera-viral-en-denim-son-los-vaqueros-lavados-quitan-anos-y-favorecen-a-todas-5.jpg\" alt=\"Jeans oscuros de Massimo Dutti, 49,95 euros.\"> <\/noscript> <i class=\"voc-icons zoom voc-multimedia-box voc-ico-l\"><\/i> <\/div><figcaption class=\"figure-caption\">Jeans oscuros de Massimo Dutti, 49,95 euros.<\/figcaption><\/picture>\n<\/div>\n<div id=\"photoZoomModal-971\" class=\"voc-lightbox modal fade voc-lightbox--photo-zoom\" role=\"dialog\" data-voc-photozoom-lightbox>\n<div class=\"voc-lightbox__dialog\" role=\"document\">\n<div class=\"voc-lightbox__content\"> <!-- Modal header --> <!-- Modal content --> <\/p>\n<div class=\"voc-lightbox__photo-container\"> <picture class> <img loading=\"lazy\" src=\"http:\/\/hoycordobaweb.com\/wp-content\/uploads\/2025\/03\/la-tendencia-de-primavera-viral-en-denim-son-los-vaqueros-lavados-quitan-anos-y-favorecen-a-todas-5.jpg\" alt=\"Jeans oscuros de Massimo Dutti, 49,95 euros.\"> <noscript> <img src=\"http:\/\/hoycordobaweb.com\/wp-content\/uploads\/2025\/03\/la-tendencia-de-primavera-viral-en-denim-son-los-vaqueros-lavados-quitan-anos-y-favorecen-a-todas-5.jpg\" alt=\"Jeans oscuros de Massimo Dutti, 49,95 euros.\"> <\/noscript> <\/picture> <\/div><\/div><\/div>\n<\/div>\n<p class=\"voc-paragraph\" data-mrf-recirculation=\"Link art\u00edculo\"><strong>Jeans oscuros de Massimo Dutti, 49,95 euros<\/strong>. Son bonitos, combinan con todo y son una apuesta segura que podr\u00e1s llevar en tu d\u00eda a d\u00eda con prendas sencillas y sin complicaciones y tambi\u00e9n con otras de car\u00e1cter m\u00e1s formal como camisas o blazers.\n<\/p>\n<div class=\"voc-detail-photo-zoom\"> <picture data-toggle=\"modal\" data-target=\"#photoZoomModal-518\" target=\"modal\">\n<div class=\"voc-img-icon-link\"> <img loading=\"lazy\" src=\"http:\/\/hoycordobaweb.com\/wp-content\/uploads\/2025\/03\/la-tendencia-de-primavera-viral-en-denim-son-los-vaqueros-lavados-quitan-anos-y-favorecen-a-todas-6.jpg\" width=\"650\" height=\"900\" alt=\"Jeans flare con lavado beige de Bershka, 29,99 euros.\"> <noscript> <img src=\"http:\/\/hoycordobaweb.com\/wp-content\/uploads\/2025\/03\/la-tendencia-de-primavera-viral-en-denim-son-los-vaqueros-lavados-quitan-anos-y-favorecen-a-todas-6.jpg\" alt=\"Jeans flare con lavado beige de Bershka, 29,99 euros.\"> <\/noscript> <i class=\"voc-icons zoom voc-multimedia-box voc-ico-l\"><\/i> <\/div><figcaption class=\"figure-caption\">Jeans flare con lavado beige de Bershka, 29,99 euros.<\/figcaption><\/picture>\n<\/div>\n<div id=\"photoZoomModal-518\" class=\"voc-lightbox modal fade voc-lightbox--photo-zoom\" role=\"dialog\" data-voc-photozoom-lightbox>\n<div class=\"voc-lightbox__dialog\" role=\"document\">\n<div class=\"voc-lightbox__content\"> <!-- Modal header --> <!-- Modal content --> <\/p>\n<div class=\"voc-lightbox__photo-container\"> <picture class> <img loading=\"lazy\" src=\"http:\/\/hoycordobaweb.com\/wp-content\/uploads\/2025\/03\/la-tendencia-de-primavera-viral-en-denim-son-los-vaqueros-lavados-quitan-anos-y-favorecen-a-todas-6.jpg\" alt=\"Jeans flare con lavado beige de Bershka, 29,99 euros.\"> <noscript> <img src=\"http:\/\/hoycordobaweb.com\/wp-content\/uploads\/2025\/03\/la-tendencia-de-primavera-viral-en-denim-son-los-vaqueros-lavados-quitan-anos-y-favorecen-a-todas-6.jpg\" alt=\"Jeans flare con lavado beige de Bershka, 29,99 euros.\"> <\/noscript> <\/picture> <\/div><\/div><\/div>\n<\/div>\n<p class=\"voc-paragraph\" data-mrf-recirculation=\"Link art\u00edculo\"><strong>Jeans flare con lavado beige de Bershka, 29,99 euros<\/strong>. Bonitos, ponibles y perfectos para llevar independientemente de tu estilo, edad o tipo de cuerpo, son una inversi\u00f3n que permanecer\u00e1 en tu armario durante temporadas sin que pase de moda.\n<\/p>\n<p> <!-- TOPICS --> <\/p>\n","protected":false},"excerpt":{"rendered":"<p>En 2025, el vaquero con efecto lavado se ha consolidado como el imprescindible del armario, y no es casualidad. Su aire vintage y desenfadado lo han convertido en la opci\u00f3n perfecta para quienes buscan un look relajado pero con mucha personalidad que no deja indiferente a nadie. Dise\u00f1adores como Diesel o Stella McCartney o personalidades [&hellip;]<\/p>\n","protected":false},"author":1,"featured_media":99065,"comment_status":"closed","ping_status":"closed","sticky":false,"template":"","format":"standard","meta":[],"categories":[],"tags":[],"_links":{"self":[{"href":"http:\/\/hoycordobaweb.com\/index.php\/wp-json\/wp\/v2\/posts\/99064"}],"collection":[{"href":"http:\/\/hoycordobaweb.com\/index.php\/wp-json\/wp\/v2\/posts"}],"about":[{"href":"http:\/\/hoycordobaweb.com\/index.php\/wp-json\/wp\/v2\/types\/post"}],"author":[{"embeddable":true,"href":"http:\/\/hoycordobaweb.com\/index.php\/wp-json\/wp\/v2\/users\/1"}],"replies":[{"embeddable":true,"href":"http:\/\/hoycordobaweb.com\/index.php\/wp-json\/wp\/v2\/comments?post=99064"}],"version-history":[{"count":0,"href":"http:\/\/hoycordobaweb.com\/index.php\/wp-json\/wp\/v2\/posts\/99064\/revisions"}],"wp:featuredmedia":[{"embeddable":true,"href":"http:\/\/hoycordobaweb.com\/index.php\/wp-json\/wp\/v2\/media\/99065"}],"wp:attachment":[{"href":"http:\/\/hoycordobaweb.com\/index.php\/wp-json\/wp\/v2\/media?parent=99064"}],"wp:term":[{"taxonomy":"category","embeddable":true,"href":"http:\/\/hoycordobaweb.com\/index.php\/wp-json\/wp\/v2\/categories?post=99064"},{"taxonomy":"post_tag","embeddable":true,"href":"http:\/\/hoycordobaweb.com\/index.php\/wp-json\/wp\/v2\/tags?post=99064"}],"curies":[{"name":"wp","href":"https:\/\/api.w.org\/{rel}","templated":true}]}}