{"id":99053,"date":"2025-03-07T13:19:33","date_gmt":"2025-03-07T13:19:33","guid":{"rendered":"https:\/\/ladecimaweb.com\/?p=31399"},"modified":"2025-03-07T13:19:33","modified_gmt":"2025-03-07T13:19:33","slug":"en-un-comunicado-nadia-fernandez-pj-dice-haber-actuado-con-transparencia","status":"publish","type":"post","link":"http:\/\/hoycordobaweb.com\/index.php\/2025\/03\/07\/en-un-comunicado-nadia-fernandez-pj-dice-haber-actuado-con-transparencia\/","title":{"rendered":"En un comunicado, Nadia Fern\u00e1ndez (PJ) dice haber actuado con \u201ctransparencia\u201d"},"content":{"rendered":"<div class=\"boldgrid-section\">\n<div class=\"container\">\n<div class=\"row\">\n<div class=\"col-md-12 col-xs-12 col-sm-12\">\n<p class=\"\"><span><strong>La legisladora oficialista Nadia Fern\u00e1ndez<\/strong> difundi\u00f3 un<strong> comunicado para enfatizar su compromiso con la justicia y la transparencia<\/strong> en el caso judicial donde se investiga su supuesta implicancia de una &#8220;empleada fantasma&#8221; en la Unicameral.<\/span><\/p>\n<p class=\"\">&#8220;Ante los hechos que son de p\u00fablico conocimiento, quiero manifestar con claridad que existe una investigaci\u00f3n judicial en curso en la Justicia provincial&#8221;, comienza aleccionando Fern\u00e1ndez.<\/p>\n<p class=\"\">Y contin\u00faa: &#8220;En mi rol de vicepresidenta de la Legislatura y legisladora provincial, informo que, en respuesta al requerimiento judicial dirigido al Poder Legislativo, toda la informaci\u00f3n solicitada ha sido puesta a disposici\u00f3n de la Justicia en tiempo y forma&#8221;.<\/p>\n<p class=\"\">&#8220;Reafirmo que nunca hubo, ni habr\u00e1, intenci\u00f3n de ocultar informaci\u00f3n alguna, sino que prevalece la decisi\u00f3n de respetar y no interferir en el normal desarrollo de la investigaci\u00f3n que lleva adelante la Justicia&#8221;, se\u00f1ala.<\/p>\n<p class=\"\">La legisladora hace un llamado &#8220;a la prudencia&#8221; para que la Justicia contin\u00fae trabajando. Y reitera su &#8220;compromiso con la transparencia, el respeto irrestricto a la divisi\u00f3n de poderes y la plena disposici\u00f3n para colaborar con la Justicia en todo lo que sea necesario&#8221;.<\/p>\n<p><strong>La acusaci\u00f3n<\/strong><\/p>\n<p class=\"\">Est\u00e1 vinculada al hecho de que dos punteros del justicialismo intentaron cobrar un sueldo usando el documento de identidad de una tercera persona, Virginia Mart\u00ednez. Uno de los punteros es el inefable Guillermo Kraisman.&nbsp;<\/p>\n<p class=\"\">El cajero del banco detect\u00f3 la irregularidad y no permiti\u00f3 el cobro.<span>&nbsp;<\/span><\/p>\n<p class=\"\"><a href=\"https:\/\/www.cadena3.com\/noticia\/radioinforme-3\/el-abogado-de-la-empleada-fantasma-dijo-que-ella-no-conoce-a-nadia-fernandez_408885\"><strong><i>Cadena 3<\/i> inform\u00f3<\/strong><\/a> esta semana que la firma detr\u00e1s del nombramiento de la &#8220;empleada fantasma&#8221; ser\u00eda de la legisladora Fern\u00e1ndez.<\/p>\n<p class=\"\">El abogado de Mart\u00ednez, Gustavo Castellano, dijo a<span>&nbsp;<\/span><b>Cadena 3<\/b><span>&nbsp;<\/span>que su clienta&nbsp;<span merriweather=\"\" regular=\"\" font-size:=\"\" 1rem=\"\">&#8220;no conoce&#8221; a Nadia Fern\u00e1ndez. &#8220;<\/span><span merriweather=\"\" regular=\"\" font-size:=\"\" 1rem=\"\">Nunca supo que hab\u00eda sido ni designada ni contratada\u201d, sostuvo.&nbsp; Desginaci\u00f3n que luego confirm\u00f3 con su firma la vicegobernadora Myriam Prunotto.&nbsp;<\/span><\/p>\n<p class=\"\"><span merriweather=\"\" regular=\"\" font-size:=\"\" 1rem=\"\">Castellano tambi\u00e9n mencion\u00f3 que, a pesar de haber solicitado informaci\u00f3n a la Legislatura, no obtuvieron respuesta, lo que llev\u00f3 a presentar un amparo judicial.<\/span><\/p>\n<p>&nbsp;<\/p>\n<div class=\"ubm_banner\"><a href=\"https:\/\/www.cba.gov.ar\/dengue\/\" target=\"_blank\" rel=\"dofollow noopener noreferrer\"><img src=\"http:\/\/hoycordobaweb.com\/wp-content\/uploads\/2025\/03\/en-un-comunicado-nadia-fernandez-pj-dice-haber-actuado-con-transparencia.gif\" alt=\"\"><\/a><\/div>\n<\/div>\n<\/div>\n<\/div>\n<\/div>\n<p>La entrada <a rel=\"nofollow\" href=\"https:\/\/ladecimaweb.com\/en-un-comunicado-nadia-fernandez-pj-dice-haber-actuado-con-transparencia\/\">En un comunicado, Nadia Fern\u00e1ndez (PJ) dice haber actuado con &#8220;transparencia&#8221;<\/a> se public\u00f3 primero en <a rel=\"nofollow\" href=\"https:\/\/ladecimaweb.com\">LaDecima<\/a>.<\/p>\n","protected":false},"excerpt":{"rendered":"<p>La legisladora oficialista Nadia Fern\u00e1ndez difundi\u00f3 un comunicado para enfatizar su compromiso con la justicia y la transparencia en el caso judicial donde se investiga su supuesta implicancia de una &#8220;empleada fantasma&#8221; en la Unicameral. &#8220;Ante los hechos que son de p\u00fablico conocimiento, quiero manifestar con claridad que existe una investigaci\u00f3n judicial en curso en [&hellip;]<\/p>\n","protected":false},"author":1,"featured_media":0,"comment_status":"closed","ping_status":"closed","sticky":false,"template":"","format":"standard","meta":[],"categories":[32],"tags":[],"_links":{"self":[{"href":"http:\/\/hoycordobaweb.com\/index.php\/wp-json\/wp\/v2\/posts\/99053"}],"collection":[{"href":"http:\/\/hoycordobaweb.com\/index.php\/wp-json\/wp\/v2\/posts"}],"about":[{"href":"http:\/\/hoycordobaweb.com\/index.php\/wp-json\/wp\/v2\/types\/post"}],"author":[{"embeddable":true,"href":"http:\/\/hoycordobaweb.com\/index.php\/wp-json\/wp\/v2\/users\/1"}],"replies":[{"embeddable":true,"href":"http:\/\/hoycordobaweb.com\/index.php\/wp-json\/wp\/v2\/comments?post=99053"}],"version-history":[{"count":0,"href":"http:\/\/hoycordobaweb.com\/index.php\/wp-json\/wp\/v2\/posts\/99053\/revisions"}],"wp:attachment":[{"href":"http:\/\/hoycordobaweb.com\/index.php\/wp-json\/wp\/v2\/media?parent=99053"}],"wp:term":[{"taxonomy":"category","embeddable":true,"href":"http:\/\/hoycordobaweb.com\/index.php\/wp-json\/wp\/v2\/categories?post=99053"},{"taxonomy":"post_tag","embeddable":true,"href":"http:\/\/hoycordobaweb.com\/index.php\/wp-json\/wp\/v2\/tags?post=99053"}],"curies":[{"name":"wp","href":"https:\/\/api.w.org\/{rel}","templated":true}]}}