{"id":98992,"date":"2025-03-08T20:00:13","date_gmt":"2025-03-08T20:00:13","guid":{"rendered":"https:\/\/www.trendencias.com\/belleza\/charlotte-tilbury-nada-este-su-nuevo-cosmetico-viral-mercadona-que-necesitamos-nuestro-neceser"},"modified":"2025-03-08T20:00:13","modified_gmt":"2025-03-08T20:00:13","slug":"ni-charlotte-tilbury-ni-nada-este-es-su-nuevo-cosmetico-viral-de-mercadona-que-necesitamos-en-nuestro-neceser","status":"publish","type":"post","link":"http:\/\/hoycordobaweb.com\/index.php\/2025\/03\/08\/ni-charlotte-tilbury-ni-nada-este-es-su-nuevo-cosmetico-viral-de-mercadona-que-necesitamos-en-nuestro-neceser\/","title":{"rendered":"Ni Charlotte Tilbury ni nada, este es su nuevo cosm\u00e9tico viral de Mercadona que necesitamos en nuestro neceser"},"content":{"rendered":"<p>Bueno, bueno, bueno que <a href=\"https:\/\/www.trendencias.com\/tag\/Mercadona\">Mercadona <\/a>lo ha vuelto a hacer. S\u00ed, la cadena de supermercados ha vuelto a crearnos una necesidad imperiosa de esas que nos hacen querer correr al que tengamos m\u00e1s cerca para hacernos con este producto que se ha colado en la secci\u00f3n de perfumer\u00eda y que se a vuelto ya viral.<\/p>\n<p><!-- BREAK 1 --> <\/p>\n<div class=\"article-asset article-asset-normal article-asset-center\">\n<div class=\"desvio-container\">\n<div class=\"desvio\">\n<div class=\"desvio-figure js-desvio-figure\"> <a href=\"https:\/\/www.trendencias.com\/sneakers\/adidas-samba-color-marron-unicas-zapatillas-que-necesitas-esta-primavera-street-style-sabe\" class=\"pivot-outboundlink\" data-vars-post-title=\"Las Adidas Samba en color marr\u00f3n son las \u00fanicas zapatillas que necesitas esta primavera y el street style lo sabe \"> <img loading=\"lazy\" alt=\"Las Adidas Samba en color marr\u00f3n son las \u00fanicas zapatillas que necesitas esta primavera y el street style lo sabe \" width=\"375\" height=\"142\" src=\"http:\/\/hoycordobaweb.com\/wp-content\/uploads\/2025\/03\/ni-charlotte-tilbury-ni-nada-este-es-su-nuevo-cosmetico-viral-de-mercadona-que-necesitamos-en-nuestro-neceser.jpg\"> <\/a> <\/div><\/div><\/div>\n<\/div>\n<div class=\"article-asset-image article-asset-normal article-asset-center\">\n<div class=\"asset-content\"> <img class=\"centro_sinmarco\" height=\"660\" width=\"1440\" loading=\"lazy\" decoding=\"async\" sizes=\"100vw\" fetchpriority=\"high\" srcset=\"http:\/\/hoycordobaweb.com\/wp-content\/uploads\/2025\/03\/ni-charlotte-tilbury-ni-nada-este-es-su-nuevo-cosmetico-viral-de-mercadona-que-necesitamos-en-nuestro-neceser.png 450w, http:\/\/hoycordobaweb.com\/wp-content\/uploads\/2025\/03\/ni-charlotte-tilbury-ni-nada-este-es-su-nuevo-cosmetico-viral-de-mercadona-que-necesitamos-en-nuestro-neceser-1.png 681w, http:\/\/hoycordobaweb.com\/wp-content\/uploads\/2025\/03\/ni-charlotte-tilbury-ni-nada-este-es-su-nuevo-cosmetico-viral-de-mercadona-que-necesitamos-en-nuestro-neceser-2.png 1024w, http:\/\/hoycordobaweb.com\/wp-content\/uploads\/2025\/03\/ni-charlotte-tilbury-ni-nada-este-es-su-nuevo-cosmetico-viral-de-mercadona-que-necesitamos-en-nuestro-neceser-3.png 1366w\" src=\"http:\/\/hoycordobaweb.com\/wp-content\/uploads\/2025\/03\/ni-charlotte-tilbury-ni-nada-este-es-su-nuevo-cosmetico-viral-de-mercadona-que-necesitamos-en-nuestro-neceser.png\" alt=\"Blush Liquido Mate Un Colorete\"> <noscript><img alt=\"Blush Liquido Mate Un Colorete\" class=\"centro_sinmarco\" src=\"http:\/\/hoycordobaweb.com\/wp-content\/uploads\/2025\/03\/ni-charlotte-tilbury-ni-nada-este-es-su-nuevo-cosmetico-viral-de-mercadona-que-necesitamos-en-nuestro-neceser.png\"><\/noscript> <\/div>\n<\/div>\n<p>Efectivamente, os hablamos de los nuevos <strong>blush l\u00edquidos mate<\/strong>, &nbsp;donde encontramos desde un rubor suave hasta un color m\u00e1s intenso. Y es que, despu\u00e9s de lanzar los rubores luminosos que tanto gustaron (no a todos porque otros odiaron porque estaban cargados de part\u00edculas de glitter), ahora llega la versi\u00f3n mate.<\/p>\n<p><!-- BREAK 2 --><\/p>\n<p>As\u00ed, podemos transformar nuestro rostro en segundos, d\u00e1ndole <strong>frescura y vitalidad <\/strong>con unos <strong>coloretes mates <\/strong>de lo m\u00e1s vers\u00e1til que ya hacen las delicias de todos los que ya han tenido la suerte de probarlos.<\/p>\n<p><!-- BREAK 3 --> <\/p>\n<blockquote class=\"tiktok-embed\" cite=\"https:\/\/www.tiktok.com\/@soninda__\/video\/7478698912455429398\" data-video-id=\"7478698912455429398\" data-embed-from=\"oembed\" readability=\"1.4107142857143\">\n<section readability=\"1.1285714285714\"> <a target=\"_blank\" title=\"@soninda__\" href=\"https:\/\/www.tiktok.com\/@soninda__?refer=embed\" rel=\"noopener noreferrer\">@soninda__<\/a> <\/p>\n<p>Nuevos coloretes mate de Mercadona deliblus. Blush mate deliplus <a title=\"mercadona\" target=\"_blank\" href=\"https:\/\/www.tiktok.com\/tag\/mercadona?refer=embed\" rel=\"noopener noreferrer\">#mercadona<\/a> <a title=\"novedadmercadona\" target=\"_blank\" href=\"https:\/\/www.tiktok.com\/tag\/novedadmercadona?refer=embed\" rel=\"noopener noreferrer\">#novedadmercadona<\/a> <a title=\"blush\" target=\"_blank\" href=\"https:\/\/www.tiktok.com\/tag\/blush?refer=embed\" rel=\"noopener noreferrer\">#blush<\/a> <a title=\"blushmate\" target=\"_blank\" href=\"https:\/\/www.tiktok.com\/tag\/blushmate?refer=embed\" rel=\"noopener noreferrer\">#blushmate<\/a> <a title=\"mercadonadeliplus\" target=\"_blank\" href=\"https:\/\/www.tiktok.com\/tag\/mercadonadeliplus?refer=embed\" rel=\"noopener noreferrer\">#mercadonadeliplus<\/a> <a title=\"maquillajemercadona\" target=\"_blank\" href=\"https:\/\/www.tiktok.com\/tag\/maquillajemercadona?refer=embed\" rel=\"noopener noreferrer\">#maquillajemercadona<\/a> <a title=\"maquillaje\" target=\"_blank\" href=\"https:\/\/www.tiktok.com\/tag\/maquillaje?refer=embed\" rel=\"noopener noreferrer\">#maquillaje<\/a> <a title=\"makeup\" target=\"_blank\" href=\"https:\/\/www.tiktok.com\/tag\/makeup?refer=embed\" rel=\"noopener noreferrer\">#makeup<\/a> <a title=\"deliplusmaquillaje\" target=\"_blank\" href=\"https:\/\/www.tiktok.com\/tag\/deliplusmaquillaje?refer=embed\" rel=\"noopener noreferrer\">#deliplusmaquillaje<\/a> <a title=\"blushmatedeliplus\" target=\"_blank\" href=\"https:\/\/www.tiktok.com\/tag\/blushmatedeliplus?refer=embed\" rel=\"noopener noreferrer\">#blushmatedeliplus<\/a> <a title=\"fyp\" target=\"_blank\" href=\"https:\/\/www.tiktok.com\/tag\/fyp?refer=embed\" rel=\"noopener noreferrer\">#fyp<\/a> <a title=\"parati\" target=\"_blank\" href=\"https:\/\/www.tiktok.com\/tag\/parati?refer=embed\" rel=\"noopener noreferrer\">#parati<\/a> <a title=\"viealvideo\" target=\"_blank\" href=\"https:\/\/www.tiktok.com\/tag\/viealvideo?refer=embed\" rel=\"noopener noreferrer\">#viealvideo<\/a> <\/p>\n<p> <a target=\"_blank\" title=\"\u266c sonido original - Soninda\ud83c\udf3a\" href=\"https:\/\/www.tiktok.com\/music\/sonido-original-7478698978499595030?refer=embed\" rel=\"noopener noreferrer\">\u266c sonido original &#8211; Soninda\ud83c\udf3a<\/a> <\/section>\n<\/blockquote>\n<p>Se trata de<strong> cuatro nuevos tonos<\/strong> con diferentes acabados seg\u00fan nuestros gustos, desde los m\u00e1s naturales &nbsp;los m\u00e1s elevados, con una alta pigmentaci\u00f3n, para un resultado duradero. &nbsp;Adem\u00e1s, cuentan con cobertura es modulable, lo que te permite obtener diferentes intensidades para lucir siempre un aspecto saludable en tu rostro.<\/p>\n<p><!-- BREAK 4 --><\/p>\n<div class=\"article-asset-image article-asset-normal article-asset-center\">\n<div class=\"asset-content\"> <img class=\"centro_sinmarco\" height=\"350\" width=\"700\" loading=\"lazy\" decoding=\"async\" sizes=\"100vw\" fetchpriority=\"high\" srcset=\"http:\/\/hoycordobaweb.com\/wp-content\/uploads\/2025\/03\/ni-charlotte-tilbury-ni-nada-este-es-su-nuevo-cosmetico-viral-de-mercadona-que-necesitamos-en-nuestro-neceser-1.jpg 450w, http:\/\/hoycordobaweb.com\/wp-content\/uploads\/2025\/03\/ni-charlotte-tilbury-ni-nada-este-es-su-nuevo-cosmetico-viral-de-mercadona-que-necesitamos-en-nuestro-neceser-3.jpg 681w, http:\/\/hoycordobaweb.com\/wp-content\/uploads\/2025\/03\/ni-charlotte-tilbury-ni-nada-este-es-su-nuevo-cosmetico-viral-de-mercadona-que-necesitamos-en-nuestro-neceser-4.jpg 1024w, http:\/\/hoycordobaweb.com\/wp-content\/uploads\/2025\/03\/ni-charlotte-tilbury-ni-nada-este-es-su-nuevo-cosmetico-viral-de-mercadona-que-necesitamos-en-nuestro-neceser-5.jpg 1366w\" src=\"http:\/\/hoycordobaweb.com\/wp-content\/uploads\/2025\/03\/ni-charlotte-tilbury-ni-nada-este-es-su-nuevo-cosmetico-viral-de-mercadona-que-necesitamos-en-nuestro-neceser-1.jpg\" alt=\"Blush 1\"> <noscript><img alt=\"Blush 1\" class=\"centro_sinmarco\" src=\"http:\/\/hoycordobaweb.com\/wp-content\/uploads\/2025\/03\/ni-charlotte-tilbury-ni-nada-este-es-su-nuevo-cosmetico-viral-de-mercadona-que-necesitamos-en-nuestro-neceser-1.jpg\"><\/noscript> <\/div>\n<\/div>\n<p>As\u00ed, con estos productos Mercadona planta cara a marcas car\u00edsimas como <a href=\"https:\/\/www.trendencias.com\/tag\/Charlotte-Tilbury\">Charlotte Tilbury<\/a> con un producto que no pasa desapercibido y que con un precio de <strong>5 euros<\/strong> dan ganas de compr\u00e1rselos todos.&nbsp;<\/p>\n<p><!-- BREAK 5 --><\/p>\n<p>Por lo pronto os advierto que yo me voy a hacer por lo menos con uno y os contar\u00e9 c\u00f3mo funcionan porque me generan much\u00edsima necesidad como buena beauty adicta que soy. &nbsp;<\/p>\n<p><!-- BREAK 6 --> <\/p>\n<p>Fotos | <a rel=\"noopener, noreferrer\" href=\"https:\/\/www.instagram.com\/pausellesmakeupartist\/p\/DCSPPtVo13P\/?img_index=1\">@pausellesmakeupartist<\/a> y Mercadona<\/p>\n<p>En Trendencias | <a class=\"text-outboundlink\" href=\"https:\/\/www.trendencias.com\/belleza\/cremas-que-ayudan-acne-adulto-cual-mejor-comprar-consejos-recomendaciones\" data-vars-post-title=\"Cremas que ayudan con el acn\u00e9 adulto: \u00bfcu\u00e1l es mejor comprar? Consejos y recomendaciones\" data-vars-post-url=\"https:\/\/www.trendencias.com\/belleza\/cremas-que-ayudan-acne-adulto-cual-mejor-comprar-consejos-recomendaciones\">Cremas que ayudan con el acn\u00e9 adulto: \u00bfcu\u00e1l es mejor comprar? Consejos y recomendaciones<\/a><\/p>\n<p>En Trendencias | <a class=\"text-outboundlink\" href=\"https:\/\/www.trendencias.com\/belleza\/que-acido-azelaico-todo-que-necesitamos-saber-como-usarlo-cuanto-tarda-hacer-efecto\" data-vars-post-title=\"Qu\u00e9 es el \u00e1cido azelaico: para qu\u00e9 sirve, c\u00f3mo usarlo y cu\u00e1nto tarda en hacer efecto frente a las manchas y acn\u00e9\" data-vars-post-url=\"https:\/\/www.trendencias.com\/belleza\/que-acido-azelaico-todo-que-necesitamos-saber-como-usarlo-cuanto-tarda-hacer-efecto\">Qu\u00e9 es el \u00e1cido azelaico: para qu\u00e9 sirve, c\u00f3mo usarlo y cu\u00e1nto tarda en hacer efecto frente a las manchas y acn\u00e9<\/a><\/p>\n","protected":false},"excerpt":{"rendered":"<p>Bueno, bueno, bueno que Mercadona lo ha vuelto a hacer. S\u00ed, la cadena de supermercados ha vuelto a crearnos una necesidad imperiosa de esas que nos hacen querer correr al que tengamos m\u00e1s cerca para hacernos con este producto que se ha colado en la secci\u00f3n de perfumer\u00eda y que se a vuelto ya viral. [&hellip;]<\/p>\n","protected":false},"author":1,"featured_media":98993,"comment_status":"closed","ping_status":"closed","sticky":false,"template":"","format":"standard","meta":[],"categories":[],"tags":[],"_links":{"self":[{"href":"http:\/\/hoycordobaweb.com\/index.php\/wp-json\/wp\/v2\/posts\/98992"}],"collection":[{"href":"http:\/\/hoycordobaweb.com\/index.php\/wp-json\/wp\/v2\/posts"}],"about":[{"href":"http:\/\/hoycordobaweb.com\/index.php\/wp-json\/wp\/v2\/types\/post"}],"author":[{"embeddable":true,"href":"http:\/\/hoycordobaweb.com\/index.php\/wp-json\/wp\/v2\/users\/1"}],"replies":[{"embeddable":true,"href":"http:\/\/hoycordobaweb.com\/index.php\/wp-json\/wp\/v2\/comments?post=98992"}],"version-history":[{"count":0,"href":"http:\/\/hoycordobaweb.com\/index.php\/wp-json\/wp\/v2\/posts\/98992\/revisions"}],"wp:featuredmedia":[{"embeddable":true,"href":"http:\/\/hoycordobaweb.com\/index.php\/wp-json\/wp\/v2\/media\/98993"}],"wp:attachment":[{"href":"http:\/\/hoycordobaweb.com\/index.php\/wp-json\/wp\/v2\/media?parent=98992"}],"wp:term":[{"taxonomy":"category","embeddable":true,"href":"http:\/\/hoycordobaweb.com\/index.php\/wp-json\/wp\/v2\/categories?post=98992"},{"taxonomy":"post_tag","embeddable":true,"href":"http:\/\/hoycordobaweb.com\/index.php\/wp-json\/wp\/v2\/tags?post=98992"}],"curies":[{"name":"wp","href":"https:\/\/api.w.org\/{rel}","templated":true}]}}