{"id":98982,"date":"2025-03-06T17:37:29","date_gmt":"2025-03-06T17:37:29","guid":{"rendered":"https:\/\/www.ole.com.ar\/futbol-internacional\/eliminatorias\/reaccion-neymar-convocatoria-seleccion-brasil_0_bnkqUF9Emb.html"},"modified":"2025-03-06T17:37:29","modified_gmt":"2025-03-06T17:37:29","slug":"la-reaccion-de-neymar-tras-su-convocatoria-a-la-seleccion-de-brasil","status":"publish","type":"post","link":"http:\/\/hoycordobaweb.com\/index.php\/2025\/03\/06\/la-reaccion-de-neymar-tras-su-convocatoria-a-la-seleccion-de-brasil\/","title":{"rendered":"La reacci\u00f3n de Neymar tras su convocatoria a la selecci\u00f3n de Brasil"},"content":{"rendered":"<p><img src=\"http:\/\/hoycordobaweb.com\/wp-content\/uploads\/2025\/03\/la-reaccion-de-neymar-tras-su-convocatoria-a-la-seleccion-de-brasil.jpg\"><\/p>\n<p><span class=\"createDate\">06\/03\/2025 14:37hs.<\/span><time class=\"modificatedDate\" datetime=\"2025-03-06T14:43:18-03:00\"> Actualizado al 06\/03\/2025 14:43hs.<\/time><\/p>\n<div id=\"storyBody\">\n<div class=\"custom-text \" readability=\"36.209756097561\">\n<p>Desde que esa rotura de ligamentos lo alej\u00f3 por m\u00e1s de un a\u00f1o de las canchas, <strong><a href=\"https:\/\/www.ole.com.ar\/tema\/neymar.html\" title=\"Neymar\" alt=\"Neymar\" class=\"slug\">Neymar<\/a> siempre estuvo al pie del ca\u00f1\u00f3n para sus compa\u00f1eros de la<a href=\"https:\/\/www.ole.com.ar\/tema\/seleccion-de-brasil.html\" title=\"Selecci\u00f3n de Brasil\" alt=\"Selecci\u00f3n de Brasil\" class=\"slug\"> selecci\u00f3n de Brasil<\/a>. <\/strong>Los acompa\u00f1\u00f3 y los banc\u00f3 en la <a href=\"https:\/\/www.ole.com.ar\/tema\/copa-america-2024.html\" title=\"Copa Am\u00e9rica 2024\" alt=\"Copa Am\u00e9rica 2024\" class=\"slug\">Copa Am\u00e9rica 2024<\/a>, donde quedaron afuera en los cuartos de final. Nunca disminuy\u00f3 su deseo por volver a ponerse esa pesada camiseta verdeamarela. Y este jueves se le cumpli\u00f3: <strong>Dorival J\u00fanior anunci\u00f3 su lista de convocados y cit\u00f3 al crack del Santos. <\/strong>Para dos duelos brav\u00edsimos, encima: <strong>primero Colombia y despu\u00e9s la Selecci\u00f3n en Argentina, ambos por las Eliminatorias Sudamericanas. \u00bfC\u00f3mo reaccion\u00f3?<\/strong><\/p>\n<\/div>\n<div class=\"custom-text \" readability=\"37\">\n<p><strong>\u00ab\u00a1Feliz de estar de vuelta!\u00bb,<\/strong> escribi\u00f3 el delantero de 33 a\u00f1os a trav\u00e9s de una historia que comparti\u00f3 en su cuenta de Instagram, en donde se lo ve sentado con los ojos puestos en la pantalla, <strong>en la que aparece Dorival en conferencia de prensa.<\/strong><\/p>\n<\/div>\n<div class=\"custom-text \" readability=\"42\">\n<p>Fue aquel 17 de octubre del 2023, con la camiseta de Brasil justamente y con Fernando Diniz como DT, cuando sufri\u00f3 esa terrible lesi\u00f3n, en un bravo partido ante Uruguay donde perdieron por 2-0. Y un 21 de octubre del 2024, <strong>369 d\u00edas despu\u00e9s,<\/strong> hizo su regreso con el Al-Hilal, donde jug\u00f3 s\u00f3lo dos partidos m\u00e1s hasta recaer en una lesi\u00f3n muscular <strong>y terminar march\u00e1ndose en enero al Santos, el club donde se form\u00f3.<\/strong><\/p>\n<\/div>\n<div class=\"custom-text \" readability=\"36\">\n<p>Y en 35 d\u00edas all\u00ed encontr\u00f3 esa regularidad que tanto deseaba: <strong>ya lleva siete partidos al hilo jugados, todos por el Campeonato Paulista. <\/strong>Y con tres tantos (y tres asistencias) en los que ya volvi\u00f3 a deleitar a todos con su tremenda t\u00e9cnica, <strong>especialmente en el gol ol\u00edmpico a Inter Lemeira. <\/strong><\/p>\n<\/div>\n<div class=\"sc-e7b891c4-0 ifHnQL image-embed\"><img alt=\"La foto de Neymar tras ser convocado de vuelta a la selecci\u00f3n de Brasil.\" loading=\"lazy\" width=\"720\" height=\"100\" decoding=\"async\" data-nimg=\"1\" src=\"http:\/\/hoycordobaweb.com\/wp-content\/uploads\/2025\/03\/la-reaccion-de-neymar-tras-su-convocatoria-a-la-seleccion-de-brasil-2.jpg\"><span class=\"epigraphe\">La foto de Neymar tras ser convocado de vuelta a la selecci\u00f3n de Brasil.<\/span><\/div>\n<div class=\"sc-734b4696-1 kFfZtB\" readability=\"6.5\">\n<div class=\"sc-d00d9e74-0 hnHYbk\" type=\"embed\">\n<div class=\"sc-d00d9e74-1 iKVbz videoText\" id=\"contentTitleembedwVsWDjW0\" type=\"embed\"><svg fill=\"#ffffff\"><symbol id=\"play\" viewBox=\"0 0 512 512\"><path d=\"M512 256C512 397.4 397.4 512 256 512C114.6 512 0 397.4 0 256C0 114.6 114.6 0 256 0C397.4 0 512 114.6 512 256zM176 168V344C176 352.7 180.7 360.7 188.3 364.9C195.8 369.2 205.1 369 212.5 364.5L356.5 276.5C363.6 272.1 368 264.4 368 256C368 247.6 363.6 239.9 356.5 235.5L212.5 147.5C205.1 142.1 195.8 142.8 188.3 147.1C180.7 151.3 176 159.3 176 168V168z\" \/><\/symbol><use xlink:href=\"#play\" \/><\/svg><\/p>\n<div class=\"right\">\n<p>Neymar<!-- --> &#8211; <span>&nbsp;<\/span><\/p>\n<h2 class=\"title-vid\">Gol ol\u00edmpico de Neymar<\/h2>\n<\/div>\n<\/div>\n<p><span class=\"back\" id=\"spanBackembedwVsWDjW0\"><\/span><\/div>\n<div class=\"JWvideoNota_title\" readability=\"8\">\n<p>El crack de Santos convirti\u00f3 ante Inter Limera, por el Paulista.<\/p>\n<\/div>\n<\/div>\n<div class=\"custom-text \" readability=\"41\">\n<p>As\u00ed, con un total de 508 minutos de juego en esos siete encuentros, volvi\u00f3 a ser convocado por la selecci\u00f3n de Brasil, que padeci\u00f3 bastante desde su salida, <strong>con seis triunfos (dos por amistoso), seis empates (dos por amistoso) y cuatro derrotas, <\/strong>siendo la m\u00e1s dura la que sufri\u00f3 ante Uruguay en los cuartos de final de la Copa Am\u00e9rica.<\/p>\n<\/div>\n<div class=\"custom-text \" readability=\"40\">\n<p>Ser\u00e1n entonces, las figuras como Vinicius Jr, quien todav\u00eda no logra consolidarse como pilar en la ofensiva de Brasil, y otras como Rodrygo y Raphinha, las que se apoyar\u00e1n en la experiencia de Ney, quien regresa con un dato imposible de olvidar: <strong>es el m\u00e1ximo goleador en la historia de la selecci\u00f3n de Brasil con 79 tantos en 128 partidos. <\/strong><\/p>\n<\/div>\n<div class=\"sc-e7b891c4-0 ifHnQL image-embed\"><img alt=\"Neymar en el Santos. (Foto: Reuters)\" loading=\"lazy\" width=\"720\" height=\"100\" decoding=\"async\" data-nimg=\"1\" src=\"http:\/\/hoycordobaweb.com\/wp-content\/uploads\/2025\/03\/la-reaccion-de-neymar-tras-su-convocatoria-a-la-seleccion-de-brasil-3.jpg\"><span class=\"epigraphe\">Neymar en el Santos. (Foto: Reuters)<\/span><\/div>\n<p><h2><strong>Cu\u00e1ndo juega Brasil ante Colombia y Argentina<\/strong><\/h2>\n<\/p>\n<div class=\"custom-text \" readability=\"40\">\n<p>La primera parada de Brasil, con Neymar en el equipo, ser\u00e1 ante Colombia el jueves 20 de marzo a las 21:45, en el Man\u00e9 Garrincha de Brasilia. Y la segunda ser\u00e1 el gran cl\u00e1sico frente a la Selecci\u00f3n Argentina, en otro imperdible duelo ante Lionel Messi, <strong>el martes 25\/3 a las 21:00 en el Monumental. <\/strong><\/p>\n<\/div>\n<p><h2><strong>Los convocados a la selecci\u00f3n de Brasil<\/strong><\/h2>\n<\/p>\n<div class=\"custom-text \" readability=\"34\">\n<p>Arqueros: Alisson (Liverpool), Bento (Al-Nassr), Ederson (Manchester City).<\/p>\n<\/div>\n<div class=\"custom-text \" readability=\"41\">\n<p>Defensas: Danilo (Flamengo), Gabriel Magalhaes (Arsenal), L\u00e9o Ortiz (Flamengo), Marquinhos (PSG), Murillo (Nottingham Forest), Guilherme Arana (Atl\u00e9tico Mineiro), Vanderson (M\u00f3naco), Wesley (Flamengo).<\/p>\n<\/div>\n<div class=\"custom-text \" readability=\"38\">\n<p>Volantes: Andr\u00e9 (Wolverhampton), Bruno Guimaraes (Newcastle), Gerson (Flamengo), Joelinton (Newcastle), Matheus Cunha (Wolverhampton), Neymar (Santos).<\/p>\n<\/div>\n<div class=\"custom-text \" readability=\"38\">\n<p>Delanteros: Estevao (Palmeiras), Joao Pedro (Brighton), Raphinha (Barcelona), Rodrygo (Real Madrid), Savinho (Manchester City), Vinicius Jr. (Real Madrid).<\/p>\n<\/div>\n<div class=\"sc-e7b891c4-0 ifHnQL image-embed\"><img alt=\"Dorival en conferencia de prensa. (Foto: EFE\/ Andre Coelho)\" loading=\"lazy\" width=\"720\" height=\"100\" decoding=\"async\" data-nimg=\"1\" src=\"http:\/\/hoycordobaweb.com\/wp-content\/uploads\/2025\/03\/la-reaccion-de-neymar-tras-su-convocatoria-a-la-seleccion-de-brasil-4.jpg\"><span class=\"epigraphe\">Dorival en conferencia de prensa. (Foto: EFE\/ Andre Coelho)<\/span><\/div>\n<div class=\"custom-embedhtml\" readability=\"7.83\">\n<blockquote class=\"twitter-tweet\" readability=\"9.57\">\n<p lang=\"pt\" dir=\"ltr\">ISSO \u00c9 BRASIL! \ud83c\udde7\ud83c\uddf7<\/p>\n<p>\ud83d\udcddSele\u00e7\u00e3o Brasileira convocada para as partidas contra Col\u00f4mbia e Argentina, pelas Eliminat\u00f3rias da Copa do Mundo de 2026.<\/p>\n<p>Confira a lista completa do t\u00e9cnico @dorivaljroficial!<\/p>\n<p>Vamos juntos! \ud83c\udde7\ud83c\uddf7 <a href=\"https:\/\/t.co\/p7rZ52n5oH\">pic.twitter.com\/p7rZ52n5oH<\/a><\/p>\n<p>\u2014 CBF Futebol (@CBF_Futebol) <a href=\"https:\/\/twitter.com\/CBF_Futebol\/status\/1897658557471797319?ref_src=twsrc%5Etfw\">March 6, 2025<\/a><\/p><\/blockquote><\/div>\n<div class=\"sc-a7166897-0 eoLsBE\" readability=\"6\">\n<section readability=\"2\"><picture><img alt=\"Vuelve Neymar: Brasil confirma su lista de convocados para enfrentar a Argentina\" loading=\"lazy\" width=\"290\" height=\"290\" decoding=\"async\" data-nimg=\"1\" src=\"http:\/\/hoycordobaweb.com\/wp-content\/uploads\/2025\/03\/la-reaccion-de-neymar-tras-su-convocatoria-a-la-seleccion-de-brasil-5.jpg\"><\/picture>\n<p><span>Mir\u00e1 tambi\u00e9n<\/span><\/p>\n<hr>\n<h3>Vuelve Neymar: Brasil confirma su lista de convocados para enfrentar a Argentina<\/h3>\n<\/p>\n<\/section>\n<\/div>\n<div class=\"sc-a7166897-0 eoLsBE\" readability=\"6.5\">\n<section readability=\"3\"><picture><img alt=\"La IA afirm\u00f3 que Juli\u00e1n Alvarez ganar\u00e1 el Bal\u00f3n de Oro: en qu\u00e9 a\u00f1o y con qu\u00e9 club lo conseguir\u00e1\" loading=\"lazy\" width=\"290\" height=\"290\" decoding=\"async\" data-nimg=\"1\" src=\"http:\/\/hoycordobaweb.com\/wp-content\/uploads\/2025\/03\/la-reaccion-de-neymar-tras-su-convocatoria-a-la-seleccion-de-brasil-6.jpg\"><\/picture>\n<p><span>Mir\u00e1 tambi\u00e9n<\/span><\/p>\n<hr>\n<h3>La IA afirm\u00f3 que Juli\u00e1n Alvarez ganar\u00e1 el Bal\u00f3n de Oro: en qu\u00e9 a\u00f1o y con qu\u00e9 club lo conseguir\u00e1<\/h3>\n<\/p>\n<\/section>\n<\/div>\n<div class=\"sc-a7166897-0 eoLsBE\" readability=\"6\">\n<section readability=\"2\"><picture><img alt=\"El cambio revolucionario que considera la FIFA para el Mundial 2030\" loading=\"lazy\" width=\"290\" height=\"290\" decoding=\"async\" data-nimg=\"1\" src=\"http:\/\/hoycordobaweb.com\/wp-content\/uploads\/2025\/03\/la-reaccion-de-neymar-tras-su-convocatoria-a-la-seleccion-de-brasil-7.jpg\"><\/picture>\n<p><span>Mir\u00e1 tambi\u00e9n<\/span><\/p>\n<hr>\n<h3>El cambio revolucionario que considera la FIFA para el Mundial 2030<\/h3>\n<\/p>\n<\/section>\n<\/div>\n<\/div>\n","protected":false},"excerpt":{"rendered":"<p>06\/03\/2025 14:37hs. Actualizado al 06\/03\/2025 14:43hs. Desde que esa rotura de ligamentos lo alej\u00f3 por m\u00e1s de un a\u00f1o de las canchas, Neymar siempre estuvo al pie del ca\u00f1\u00f3n para sus compa\u00f1eros de la selecci\u00f3n de Brasil. Los acompa\u00f1\u00f3 y los banc\u00f3 en la Copa Am\u00e9rica 2024, donde quedaron afuera en los cuartos de final. [&hellip;]<\/p>\n","protected":false},"author":1,"featured_media":98983,"comment_status":"open","ping_status":"closed","sticky":false,"template":"","format":"standard","meta":[],"categories":[16],"tags":[],"_links":{"self":[{"href":"http:\/\/hoycordobaweb.com\/index.php\/wp-json\/wp\/v2\/posts\/98982"}],"collection":[{"href":"http:\/\/hoycordobaweb.com\/index.php\/wp-json\/wp\/v2\/posts"}],"about":[{"href":"http:\/\/hoycordobaweb.com\/index.php\/wp-json\/wp\/v2\/types\/post"}],"author":[{"embeddable":true,"href":"http:\/\/hoycordobaweb.com\/index.php\/wp-json\/wp\/v2\/users\/1"}],"replies":[{"embeddable":true,"href":"http:\/\/hoycordobaweb.com\/index.php\/wp-json\/wp\/v2\/comments?post=98982"}],"version-history":[{"count":0,"href":"http:\/\/hoycordobaweb.com\/index.php\/wp-json\/wp\/v2\/posts\/98982\/revisions"}],"wp:featuredmedia":[{"embeddable":true,"href":"http:\/\/hoycordobaweb.com\/index.php\/wp-json\/wp\/v2\/media\/98983"}],"wp:attachment":[{"href":"http:\/\/hoycordobaweb.com\/index.php\/wp-json\/wp\/v2\/media?parent=98982"}],"wp:term":[{"taxonomy":"category","embeddable":true,"href":"http:\/\/hoycordobaweb.com\/index.php\/wp-json\/wp\/v2\/categories?post=98982"},{"taxonomy":"post_tag","embeddable":true,"href":"http:\/\/hoycordobaweb.com\/index.php\/wp-json\/wp\/v2\/tags?post=98982"}],"curies":[{"name":"wp","href":"https:\/\/api.w.org\/{rel}","templated":true}]}}