{"id":98890,"date":"2025-03-07T01:09:59","date_gmt":"2025-03-07T01:09:59","guid":{"rendered":"https:\/\/www.ole.com.ar\/seleccion\/messi-baja-partidos-perdio-eliminatorias-llega_0_cwubgsN3yk.html"},"modified":"2025-03-07T01:09:59","modified_gmt":"2025-03-07T01:09:59","slug":"que-partidos-se-perdio-messi-en-el-ano-y-que-le-queda-hasta-las-eliminatorias","status":"publish","type":"post","link":"http:\/\/hoycordobaweb.com\/index.php\/2025\/03\/07\/que-partidos-se-perdio-messi-en-el-ano-y-que-le-queda-hasta-las-eliminatorias\/","title":{"rendered":"Qu\u00e9 partidos se perdi\u00f3 Messi en el a\u00f1o y qu\u00e9 le queda hasta las Eliminatorias"},"content":{"rendered":"<p><img src=\"http:\/\/hoycordobaweb.com\/wp-content\/uploads\/2025\/03\/que-partidos-se-perdio-messi-en-el-ano-y-que-le-queda-hasta-las-eliminatorias.jpg\"><\/p>\n<p><time class=\"createDate\" datetime=\"2025-03-06T22:09:59-03:00\">06\/03\/2025 22:09hs.<\/time><\/p>\n<div id=\"storyBody\">\n<div class=\"custom-text \" readability=\"23.178082191781\">\n<p>Nuevamente los fan\u00e1ticos del f\u00fatbol se quedaron con las ganas de ver a <strong><a href=\"https:\/\/www.ole.com.ar\/tema\/lionel-messi.html\" title=\"Lionel Messi\" alt=\"Lionel Messi\" class=\"slug\">Lionel Messi<\/a> <\/strong>en acci\u00f3n. Luego de una semana en la que siempre estuvo en duda su presencia ante Cavalier FC de Jamaica por los octavos de final de la Concachampions, la mala noticia se termin\u00f3 confirmando minutos antes: <a href=\"https:\/\/www.ole.com.ar\/usa\/concachampions\/juega-o-no-lionel-messi-hoy-inter-miami-vs-cavalier-sc-concachampions_0_XzEYYwxwWu.html\" target=\"_self\" title=\"el capit\u00e1n de la Selecci\u00f3n no formar\u00eda ni siquiera parte del banco por una sobrecarga muscular que viene arrastrando desde hace varios d\u00edas.\" alt=\"el capit\u00e1n de la Selecci\u00f3n no formar\u00eda ni siquiera parte del banco por una sobrecarga muscular que viene arrastrando desde hace varios d\u00edas.\" rel=\"noopener noreferrer\">el capit\u00e1n de la Selecci\u00f3n no formar\u00eda ni siquiera parte del banco por una sobrecarga muscular que viene arrastrando desde hace varios d\u00edas.<\/a><\/p>\n<\/div>\n<div class=\"custom-text \" readability=\"35.477419354839\">\n<p>As\u00ed, para el partido de ida, <a href=\"https:\/\/www.ole.com.ar\/tema\/javier-mascherano.html\" title=\"Javier Mascherano\" alt=\"Javier Mascherano\" class=\"slug\">Javier Mascherano<\/a> decidi\u00f3 nuevamente no arriesgar a Messi en el inicio de una temporada exigente en la que el <a href=\"https:\/\/www.ole.com.ar\/tema\/inter-miami.html\" title=\"Inter Miami\" alt=\"Inter Miami\" class=\"slug\">Inter Miami <\/a>buscar\u00e1 pelear por el t\u00edtulo de la MLS y Concachampions, adem\u00e1s de su participaci\u00f3n en el Mundial de Clubes. Por eso,<strong> tambi\u00e9n <a href=\"https:\/\/www.ole.com.ar\/tema\/lionel-scaloni.html\" title=\"Lionel Scaloni\" alt=\"Lionel Scaloni\" class=\"slug\">Lionel Scaloni<\/a> pone la mirada sobre el estado f\u00edsico del 10 para ver en qu\u00e9 condiciones lo encontrar\u00e1 de cara a la primera doble fecha de Eliminatorias que se viene en este a\u00f1o.<\/strong><\/p>\n<\/div>\n<div class=\"sc-e7b891c4-0 ifHnQL image-embed\"><img alt=\"Ya son dos los partidos en los que Messi no estuvo presente (REUTERS\/Yoseph Amaya(.\" loading=\"lazy\" width=\"720\" height=\"100\" decoding=\"async\" data-nimg=\"1\" src=\"http:\/\/hoycordobaweb.com\/wp-content\/uploads\/2025\/03\/que-partidos-se-perdio-messi-en-el-ano-y-que-le-queda-hasta-las-eliminatorias-2.jpg\"><span class=\"epigraphe\">Ya son dos los partidos en los que Messi no estuvo presente (REUTERS\/Yoseph Amaya(.<\/span><\/div>\n<p><h2><strong>Qu\u00e9 partidos se perdi\u00f3 Messi en el a\u00f1o<\/strong><\/h2>\n<\/p>\n<div class=\"custom-text \" readability=\"39\">\n<p>Lo cierto es que esta es la segunda vez que Messi no integra ni siquiera el banco de suplentes del Inter Miami<strong>. Y es que ya ven\u00eda de no ser convocado en la victoria 4-1 a Houston por la fecha 2 de la MLS<\/strong>, el pasado domingo. \u00bfLa raz\u00f3n? Exactamente la misma, esta sobrecarga muscular que no es nada grave pero que, si se lo somete a la alta intensidad que conlleva la competencia, <strong>puede derivar en un desgarro o cualquier tipo de lesi\u00f3n de esa \u00edndole que demandar\u00eda m\u00e1s tiempo de recuperaci\u00f3n.<\/strong><\/p>\n<\/div>\n<div class=\"custom-text \" readability=\"41\">\n<p>En la contraparte<strong>, Messi hab\u00eda arrancado el 2025 con bastante actividad. <\/strong>Primero realiz\u00f3 la pretemporada con el equipo, la cual era muy importante para \u00e9l para no estar tanto tiempo parado como le ocurri\u00f3 durante el 2024. Adem\u00e1s, particip\u00f3 de los cinco amistosos preparatorios, disput\u00f3 la ida y la vuelta de la serie ante Kansas City en la primera fase de la Concachampions y estuvo en el debut de su equipo en la MLS que termin\u00f3 en un apasionante empate 2-2, en donde el 10 brind\u00f3 dos asistencias<strong>. Ahora lleg\u00f3 el momento de resguardarse por precauci\u00f3n y as\u00ed estar presente para lo que viene, tanto con el Inter Miami como con la Selecci\u00f3n.<\/strong><\/p>\n<\/div>\n<p><h2><strong> Qu\u00e9 le queda a Messi antes de las Eliminatorias<\/strong><\/h2>\n<\/p>\n<div class=\"sc-e7b891c4-0 ifHnQL image-embed\"><img alt=\"Antes de las Eliminatorias Messi deber\u00eda jugar tres partidos. (AP Photo\/Rebecca Blackwell)\" loading=\"lazy\" width=\"720\" height=\"100\" decoding=\"async\" data-nimg=\"1\" src=\"http:\/\/hoycordobaweb.com\/wp-content\/uploads\/2025\/03\/que-partidos-se-perdio-messi-en-el-ano-y-que-le-queda-hasta-las-eliminatorias-3.jpg\"><span class=\"epigraphe\">Antes de las Eliminatorias Messi deber\u00eda jugar tres partidos. (AP Photo\/Rebecca Blackwell)<\/span><\/div>\n<div class=\"custom-text \" readability=\"45\">\n<p>Lo cierto es que antes de la fecha FIFA, al Inter Miami le quedan tres compromisos por delante. <strong>El 9 de marzo enfrentar\u00e1 al Charlotte por la fecha 3 de la MLS, partido en que si est\u00e1 mejor, probablemente Messi sea parte. <\/strong>Luego, el 13 de marzo, estar\u00e1 la vuelta ante Cavalier en Jamaica, donde su equipo buscar\u00e1 sellar el pase a cuartos, mientras que, el 16\/3, <strong>las Garzas se juegan un partido picante contra el siempre dif\u00edcil Atlanta United. Si Messi est\u00e1 bien, se espera que sea una fija en este partido.<\/strong><\/p>\n<\/div>\n<div class=\"custom-text \" readability=\"34.34025974026\">\n<p>Despu\u00e9s de eso ya vendr\u00e1 la acci\u00f3n con la Selecci\u00f3n, que es a donde Messi aspira llegar en \u00f3ptimas condiciones. Y es que en esta fecha FIFA al equipo de Scaloni le tocar\u00e1 jugar dos cl\u00e1sicos: <strong>primero ante Uruguay en Montevideo<\/strong>, el 21 de marzo,<strong> y luego la Selecci\u00f3n recibir\u00e1 a Brasil<\/strong> (<a href=\"https:\/\/www.ole.com.ar\/futbol-internacional\/neymar-brasil-eliminatorias-convocatoria-seleccion-argentina-dorivaljunior-colombia_0_HCadnjTL4X.html\" target=\"_self\" title=\"que cuenta nuevamente con Neymar en sus filas)\" alt=\"que cuenta nuevamente con Neymar en sus filas)\" rel=\"noopener noreferrer\">que cuenta nuevamente con Neymar en sus filas)<\/a> en el Monumental, el 25\/3. Agenda cargadita&#8230;<\/p>\n<\/div>\n<div class=\"sc-a7166897-0 eoLsBE\" readability=\"6\">\n<section readability=\"2\"><picture><img alt=\"\u00bfPor qu\u00e9 no juega Messi en Inter Miami vs. Cavalier por la Champions Cup?\" loading=\"lazy\" width=\"290\" height=\"290\" decoding=\"async\" data-nimg=\"1\" src=\"http:\/\/hoycordobaweb.com\/wp-content\/uploads\/2025\/03\/que-partidos-se-perdio-messi-en-el-ano-y-que-le-queda-hasta-las-eliminatorias-4.jpg\"><\/picture>\n<p><span>Mir\u00e1 tambi\u00e9n<\/span><\/p>\n<hr>\n<h3>\u00bfPor qu\u00e9 no juega Messi en Inter Miami vs. Cavalier por la Champions Cup?<\/h3>\n<\/p>\n<\/section>\n<\/div>\n<div class=\"sc-a7166897-0 eoLsBE\" readability=\"6\">\n<section readability=\"2\"><picture><img alt=\"As\u00ed le fue a Guillermo Barros Schelotto desde que se fue de Boca\" loading=\"lazy\" width=\"290\" height=\"290\" decoding=\"async\" data-nimg=\"1\" src=\"http:\/\/hoycordobaweb.com\/wp-content\/uploads\/2025\/03\/que-partidos-se-perdio-messi-en-el-ano-y-que-le-queda-hasta-las-eliminatorias-5.jpg\"><\/picture>\n<p><span>Mir\u00e1 tambi\u00e9n<\/span><\/p>\n<hr>\n<h3>As\u00ed le fue a Guillermo Barros Schelotto desde que se fue de Boca<\/h3>\n<\/p>\n<\/section>\n<\/div>\n<div class=\"sc-a7166897-0 eoLsBE\" readability=\"6\">\n<section readability=\"2\"><picture><img alt=\"River necesita volver al futuro\" loading=\"lazy\" width=\"290\" height=\"290\" decoding=\"async\" data-nimg=\"1\" src=\"http:\/\/hoycordobaweb.com\/wp-content\/uploads\/2025\/03\/que-partidos-se-perdio-messi-en-el-ano-y-que-le-queda-hasta-las-eliminatorias-6.jpg\"><\/picture>\n<p><span>Mir\u00e1 tambi\u00e9n<\/span><\/p>\n<hr>\n<h3>River necesita volver al futuro<\/h3>\n<\/p>\n<\/section>\n<\/div>\n<div class=\"sc-a7166897-0 eoLsBE\" readability=\"6.5\">\n<section readability=\"3\"><picture><img alt=\"Europa y Conference League: resultados de la ida de octavos y cu\u00e1ndo se juegan las revanchas\" loading=\"lazy\" width=\"290\" height=\"290\" decoding=\"async\" data-nimg=\"1\" src=\"http:\/\/hoycordobaweb.com\/wp-content\/uploads\/2025\/03\/que-partidos-se-perdio-messi-en-el-ano-y-que-le-queda-hasta-las-eliminatorias-7.jpg\"><\/picture>\n<p><span>Mir\u00e1 tambi\u00e9n<\/span><\/p>\n<hr>\n<h3>Europa y Conference League: resultados de la ida de octavos y cu\u00e1ndo se juegan las revanchas<\/h3>\n<\/p>\n<\/section>\n<\/div>\n<div class=\"sc-a7166897-0 eoLsBE\" readability=\"7\">\n<section readability=\"4\"><picture><img alt=\"Festeja Scaloni: Enzo, Tagliafico y m\u00e1s goles argentinos en Europa y Conference League\" loading=\"lazy\" width=\"290\" height=\"290\" decoding=\"async\" data-nimg=\"1\" src=\"http:\/\/hoycordobaweb.com\/wp-content\/uploads\/2025\/03\/que-partidos-se-perdio-messi-en-el-ano-y-que-le-queda-hasta-las-eliminatorias-8.jpg\"><\/picture>\n<p><span>Mir\u00e1 tambi\u00e9n<\/span><\/p>\n<hr>\n<h3>Festeja Scaloni: Enzo, Tagliafico y m\u00e1s goles argentinos en Europa y Conference League<\/h3>\n<\/p>\n<\/section>\n<\/div>\n<\/div>\n","protected":false},"excerpt":{"rendered":"<p>06\/03\/2025 22:09hs. Nuevamente los fan\u00e1ticos del f\u00fatbol se quedaron con las ganas de ver a Lionel Messi en acci\u00f3n. Luego de una semana en la que siempre estuvo en duda su presencia ante Cavalier FC de Jamaica por los octavos de final de la Concachampions, la mala noticia se termin\u00f3 confirmando minutos antes: el capit\u00e1n [&hellip;]<\/p>\n","protected":false},"author":1,"featured_media":98891,"comment_status":"open","ping_status":"closed","sticky":false,"template":"","format":"standard","meta":[],"categories":[16],"tags":[],"_links":{"self":[{"href":"http:\/\/hoycordobaweb.com\/index.php\/wp-json\/wp\/v2\/posts\/98890"}],"collection":[{"href":"http:\/\/hoycordobaweb.com\/index.php\/wp-json\/wp\/v2\/posts"}],"about":[{"href":"http:\/\/hoycordobaweb.com\/index.php\/wp-json\/wp\/v2\/types\/post"}],"author":[{"embeddable":true,"href":"http:\/\/hoycordobaweb.com\/index.php\/wp-json\/wp\/v2\/users\/1"}],"replies":[{"embeddable":true,"href":"http:\/\/hoycordobaweb.com\/index.php\/wp-json\/wp\/v2\/comments?post=98890"}],"version-history":[{"count":0,"href":"http:\/\/hoycordobaweb.com\/index.php\/wp-json\/wp\/v2\/posts\/98890\/revisions"}],"wp:featuredmedia":[{"embeddable":true,"href":"http:\/\/hoycordobaweb.com\/index.php\/wp-json\/wp\/v2\/media\/98891"}],"wp:attachment":[{"href":"http:\/\/hoycordobaweb.com\/index.php\/wp-json\/wp\/v2\/media?parent=98890"}],"wp:term":[{"taxonomy":"category","embeddable":true,"href":"http:\/\/hoycordobaweb.com\/index.php\/wp-json\/wp\/v2\/categories?post=98890"},{"taxonomy":"post_tag","embeddable":true,"href":"http:\/\/hoycordobaweb.com\/index.php\/wp-json\/wp\/v2\/tags?post=98890"}],"curies":[{"name":"wp","href":"https:\/\/api.w.org\/{rel}","templated":true}]}}