{"id":98798,"date":"2025-03-06T12:35:19","date_gmt":"2025-03-06T12:35:19","guid":{"rendered":"http:\/\/hoycordobaweb.com\/index.php\/2025\/03\/06\/se-retiro-despues-de-jugar-una-final-con-la-seleccion-argentina-y-volvio-al-futbol-con-41-anos\/"},"modified":"2025-03-06T12:35:19","modified_gmt":"2025-03-06T12:35:19","slug":"se-retiro-despues-de-jugar-una-final-con-la-seleccion-argentina-y-volvio-al-futbol-con-41-anos","status":"publish","type":"post","link":"http:\/\/hoycordobaweb.com\/index.php\/2025\/03\/06\/se-retiro-despues-de-jugar-una-final-con-la-seleccion-argentina-y-volvio-al-futbol-con-41-anos\/","title":{"rendered":"Se retir\u00f3 despu\u00e9s de jugar una final con la Selecci\u00f3n <b>Argentina<\/b> y volvi\u00f3 al <b>f\u00fatbol<\/b> con 41 a\u00f1os"},"content":{"rendered":"<p>Fue uno de los mimados por Diego Armando Maradona en el Mundial 2010 y jug\u00f3 en los mejores equipos de Europa. \u00bfDe qui\u00e9n se trata? <\/p>\n","protected":false},"excerpt":{"rendered":"<p>Fue uno de los mimados por Diego Armando Maradona en el Mundial 2010 y jug\u00f3 en los mejores equipos de Europa. \u00bfDe qui\u00e9n se trata?<\/p>\n","protected":false},"author":1,"featured_media":0,"comment_status":"closed","ping_status":"closed","sticky":false,"template":"","format":"standard","meta":[],"categories":[22],"tags":[],"_links":{"self":[{"href":"http:\/\/hoycordobaweb.com\/index.php\/wp-json\/wp\/v2\/posts\/98798"}],"collection":[{"href":"http:\/\/hoycordobaweb.com\/index.php\/wp-json\/wp\/v2\/posts"}],"about":[{"href":"http:\/\/hoycordobaweb.com\/index.php\/wp-json\/wp\/v2\/types\/post"}],"author":[{"embeddable":true,"href":"http:\/\/hoycordobaweb.com\/index.php\/wp-json\/wp\/v2\/users\/1"}],"replies":[{"embeddable":true,"href":"http:\/\/hoycordobaweb.com\/index.php\/wp-json\/wp\/v2\/comments?post=98798"}],"version-history":[{"count":0,"href":"http:\/\/hoycordobaweb.com\/index.php\/wp-json\/wp\/v2\/posts\/98798\/revisions"}],"wp:attachment":[{"href":"http:\/\/hoycordobaweb.com\/index.php\/wp-json\/wp\/v2\/media?parent=98798"}],"wp:term":[{"taxonomy":"category","embeddable":true,"href":"http:\/\/hoycordobaweb.com\/index.php\/wp-json\/wp\/v2\/categories?post=98798"},{"taxonomy":"post_tag","embeddable":true,"href":"http:\/\/hoycordobaweb.com\/index.php\/wp-json\/wp\/v2\/tags?post=98798"}],"curies":[{"name":"wp","href":"https:\/\/api.w.org\/{rel}","templated":true}]}}