{"id":98717,"date":"2025-03-05T13:08:55","date_gmt":"2025-03-05T13:08:55","guid":{"rendered":"https:\/\/www.ole.com.ar\/boca-juniors\/marchesin-silencio-polemico-penales-copa-libertadores-puertas-adentro_0_o0JMClpJuy.html"},"modified":"2025-03-05T13:08:55","modified_gmt":"2025-03-05T13:08:55","slug":"marchesin-tras-la-polemica-en-los-penales-de-la-copa-su-silencio-lo-que-dice-puertas-adentro-y-el-reclamo-de-una-explicacion","status":"publish","type":"post","link":"http:\/\/hoycordobaweb.com\/index.php\/2025\/03\/05\/marchesin-tras-la-polemica-en-los-penales-de-la-copa-su-silencio-lo-que-dice-puertas-adentro-y-el-reclamo-de-una-explicacion\/","title":{"rendered":"Marchesin, tras la pol\u00e9mica en los penales de la Copa: su silencio, lo que dice puertas adentro y el reclamo de una explicaci\u00f3n"},"content":{"rendered":"<p><img src=\"http:\/\/hoycordobaweb.com\/wp-content\/uploads\/2025\/03\/marchesin-tras-la-polemica-en-los-penales-de-la-copa-su-silencio-lo-que-dice-puertas-adentro-y-el-reclamo-de-una-explicacion.jpg\"><\/p>\n<p><time class=\"createDate\" datetime=\"2025-03-05T10:08:55-03:00\">05\/03\/2025 10:08hs.<\/time><\/p>\n<div id=\"storyBody\">\n<div class=\"custom-text \" readability=\"39.889081455806\">\n<p><strong>Todav\u00eda no habl\u00f3. Y es, en definitiva, la otra voz que falta para terminar de cerrar la historia.<\/strong> <a href=\"https:\/\/www.ole.com.ar\/tema\/agustin-marchesin.html\" title=\"Agustin Marchesin\" alt=\"Agustin Marchesin\" class=\"slug\">Agust\u00edn Marchesin<\/a>, por ahora, eligi\u00f3 el silencio. Y que el tiempo pase. Incluso, ni siquiera dijo nada cuando el d\u00eda despu\u00e9s de la eliminaci\u00f3n de la Copa, un peque\u00f1o hinchas xeneize lo par\u00f3 en la entrada de <a href=\"https:\/\/www.ole.com.ar\/tema\/boca-predio.html\" title=\"Boca Predio\" alt=\"Boca Predio\" class=\"slug\">Boca Predio<\/a> y le pregunt\u00f3 por qu\u00e9 hab\u00eda salido antes de la tanda de penales. <strong>Su rostro se le puso serio: fue la \u00fanica reacci\u00f3n. Pero entendi\u00f3 que lo que dijera ah\u00ed se iba a tomar como una respuesta. \u201cTen\u00edas que quedarte vos\u201d, fue el reclamo del ni\u00f1o.<\/strong><\/p>\n<\/div>\n<div class=\"custom-text \" readability=\"41\">\n<p>El temblor, igual, parece haber pasado para Marche. Porque al partido siguiente ante Central, la Bombonera lo aplaudi\u00f3 y <strong>de alguna manera pareci\u00f3 sacarlo de esa escena en la que decidi\u00f3 no afrontar la tanda de penales<\/strong> <strong>ante Alianza Lima<\/strong> y le cedi\u00f3 su lugar a Leandro Brey, quien finalmente no pudo atajar ninguno. Incluso, ante el Canalla, sostuvo la victoria que le dio otra vida a Gago al tapar ese mano a mano sobre el final del encuentro.<\/p>\n<\/div>\n<div class=\"sc-734b4696-1 kFfZtB\">\n<div class=\"sc-d00d9e74-0 hnHYbk\" type=\"embed\">\n<div class=\"sc-d00d9e74-1 iKVbz videoText\" id=\"contentTitleembedbB4Y5cmV\" type=\"embed\"><svg fill=\"#ffffff\"><symbol id=\"play\" viewBox=\"0 0 512 512\"><path d=\"M512 256C512 397.4 397.4 512 256 512C114.6 512 0 397.4 0 256C0 114.6 114.6 0 256 0C397.4 0 512 114.6 512 256zM176 168V344C176 352.7 180.7 360.7 188.3 364.9C195.8 369.2 205.1 369 212.5 364.5L356.5 276.5C363.6 272.1 368 264.4 368 256C368 247.6 363.6 239.9 356.5 235.5L212.5 147.5C205.1 142.1 195.8 142.8 188.3 147.1C180.7 151.3 176 159.3 176 168V168z\" \/><\/symbol><use xlink:href=\"#play\" \/><\/svg><\/p>\n<div class=\"right\">\n<p>Rosario Central<!-- --> &#8211; <span>&nbsp;<\/span><\/p>\n<h2 class=\"title-vid\">Atajad\u00f3n mano a mano de Marchesin para salvar a Boca<\/h2>\n<\/div>\n<\/div>\n<p><span class=\"back\" id=\"spanBackembedbB4Y5cmV\"><\/span><\/div>\n<\/div>\n<div class=\"custom-text \" readability=\"37\">\n<p>Sin embargo, <strong>todav\u00eda hay hinchas que se siguen preguntando por qu\u00e9 no tom\u00f3 esa responsabilidad,<\/strong> teniendo en cuenta que ven\u00eda siendo la figura de Boca en la serie. Por eso, se espera que en alg\u00fan momento el arquero aclare esa situaci\u00f3n.<\/p>\n<\/div>\n<div class=\"sc-734b4696-1 kFfZtB\">\n<div class=\"sc-d00d9e74-0 hnHYbk vertical\" type=\"embed\">\n<div class=\"sc-d00d9e74-1 iKVbz videoText\" id=\"contentTitleembedW5JnPss1\" type=\"embed\"><svg fill=\"#ffffff\"><symbol id=\"play\" viewBox=\"0 0 512 512\"><path d=\"M512 256C512 397.4 397.4 512 256 512C114.6 512 0 397.4 0 256C0 114.6 114.6 0 256 0C397.4 0 512 114.6 512 256zM176 168V344C176 352.7 180.7 360.7 188.3 364.9C195.8 369.2 205.1 369 212.5 364.5L356.5 276.5C363.6 272.1 368 264.4 368 256C368 247.6 363.6 239.9 356.5 235.5L212.5 147.5C205.1 142.1 195.8 142.8 188.3 147.1C180.7 151.3 176 159.3 176 168V168z\" \/><\/symbol><use xlink:href=\"#play\" \/><\/svg><\/p>\n<div class=\"right\">\n<p>Agustin Marchesin<!-- --> &#8211; <span>&nbsp;<\/span><\/p>\n<h2 class=\"title-vid\">Aplausos para Marchesin en la Bombonera<\/h2>\n<\/div>\n<\/div>\n<p><span class=\"back\" id=\"spanBackembedW5JnPss1\"><\/span><\/div>\n<div class=\"JWvideoNota_title\">\n<p>Fuente: Ol\u00e9<\/p>\n<\/div>\n<\/div>\n<div class=\"custom-text \" readability=\"41\">\n<p>Mientras tanto, <strong>puertas adentro, Marche est\u00e1 convencido de la decisi\u00f3n que tom\u00f3.<\/strong> Sigue pensando que fue lo mejor para el equipo, porque entendi\u00f3 que Brey ten\u00eda mayor capacidad para atajar penales, algo que \u00e9l ve como un d\u00e9ficit personal. De hecho, tiene el 17,5% de efectividad en el rubro (ataj\u00f3 7 de los 40 penales que le patearon).<\/p>\n<\/div>\n<p><h2><strong>Hablado o no hablado, sigue la duda<\/strong><\/h2>\n<\/p>\n<div class=\"custom-text \" readability=\"40\">\n<p>Es m\u00e1s, <strong>en la intimidad tambi\u00e9n explic\u00f3 que fue algo que hab\u00eda hablado d\u00edas antes con el Tigre Mu\u00f1oz, entrenador de arqueros, y tambi\u00e9n con el propio Brey.<\/strong> Incluso, fue Gago el que sostuvo que estaba conversado de antemano. Aunque <strong>eso se contrapone con la sorpresa que gener\u00f3 la decisi\u00f3n en ese momento, como si nadie la esperara ah\u00ed mismo.<\/strong><\/p>\n<\/div>\n<div class=\"custom-text \" readability=\"18.574898785425\">\n<p><a href=\"https:\/\/www.ole.com.ar\/boca-juniors\/gayoso-boca-penales-libertadores_0_vnWlXjkfwt.html\" target=\"_self\" title=\"Fernando Gayoso, incluso, le cont\u00f3 a Ol\u00e9 que fue parte del estudio de los pateadores en la \u00faltima serie ante Alianza Lim\" alt=\"Fernando Gayoso, incluso, le cont\u00f3 a Ol\u00e9 que fue parte del estudio de los pateadores en la \u00faltima serie ante Alianza Lim\" rel=\"noopener noreferrer\">Fernando Gayoso, incluso, le cont\u00f3 a Ol\u00e9 que fue parte del estudio de los pateadores en la \u00faltima serie ante Alianza Lim<\/a>a, la que termin\u00f3 con el pol\u00e9mico cambio de Leandro Brey por Agust\u00edn Marchesin y una derrota 5-4 sin poder tapar ninguno.<\/p>\n<\/div>\n<div class=\"sc-734b4696-1 kFfZtB\">\n<div class=\"sc-d00d9e74-0 hnHYbk\" type=\"embed\">\n<div class=\"sc-d00d9e74-1 iKVbz videoText\" id=\"contentTitleembedEBRMH92L\" type=\"embed\"><svg fill=\"#ffffff\"><symbol id=\"play\" viewBox=\"0 0 512 512\"><path d=\"M512 256C512 397.4 397.4 512 256 512C114.6 512 0 397.4 0 256C0 114.6 114.6 0 256 0C397.4 0 512 114.6 512 256zM176 168V344C176 352.7 180.7 360.7 188.3 364.9C195.8 369.2 205.1 369 212.5 364.5L356.5 276.5C363.6 272.1 368 264.4 368 256C368 247.6 363.6 239.9 356.5 235.5L212.5 147.5C205.1 142.1 195.8 142.8 188.3 147.1C180.7 151.3 176 159.3 176 168V168z\" \/><\/symbol><use xlink:href=\"#play\" \/><\/svg><\/p>\n<div class=\"right\">\n<p>Fernando Gago<!-- --> &#8211; <span>&nbsp;<\/span><\/p>\n<h2 class=\"title-vid\">La charla de Gago con su CT antes del cambio de Brey por Marches\u00edn<\/h2>\n<\/div>\n<\/div>\n<p><span class=\"back\" id=\"spanBackembedEBRMH92L\"><\/span><\/div>\n<div class=\"JWvideoNota_title\">\n<p>Fuente: ESPN<\/p>\n<\/div>\n<\/div>\n<div class=\"custom-text \" readability=\"34\">\n<p>Por lo pronto, Marche parece estar a salvo de los platos rotos de la eliminaci\u00f3n. Pero falta su explicaci\u00f3n&#8230;<\/p>\n<\/div>\n<div class=\"sc-a7166897-0 eoLsBE\" readability=\"7\">\n<section readability=\"4\"><picture><img alt=\"Gayoso con Ol\u00e9: su nuevo rol en Boca por la enfermedad, el secreto de los penales y lo que pas\u00f3 vs. Alianza\" loading=\"lazy\" width=\"290\" height=\"290\" decoding=\"async\" data-nimg=\"1\" src=\"http:\/\/hoycordobaweb.com\/wp-content\/uploads\/2025\/03\/marchesin-tras-la-polemica-en-los-penales-de-la-copa-su-silencio-lo-que-dice-puertas-adentro-y-el-reclamo-de-una-explicacion-2.jpg\"><\/picture>\n<p><span>Mir\u00e1 tambi\u00e9n<\/span><\/p>\n<hr>\n<h3>Gayoso con Ol\u00e9: su nuevo rol en Boca por la enfermedad, el secreto de los penales y lo que pas\u00f3 vs. Alianza<\/h3>\n<\/p>\n<\/section>\n<\/div>\n<div class=\"sc-a7166897-0 eoLsBE\" readability=\"6\">\n<section readability=\"2\"><picture><img alt=\"El jugador de Boca que recibi\u00f3 su primera citaci\u00f3n para una selecci\u00f3n de Europa\" loading=\"lazy\" width=\"290\" height=\"290\" decoding=\"async\" data-nimg=\"1\" src=\"http:\/\/hoycordobaweb.com\/wp-content\/uploads\/2025\/03\/marchesin-tras-la-polemica-en-los-penales-de-la-copa-su-silencio-lo-que-dice-puertas-adentro-y-el-reclamo-de-una-explicacion-3.jpg\"><\/picture>\n<p><span>Mir\u00e1 tambi\u00e9n<\/span><\/p>\n<hr>\n<h3>El jugador de Boca que recibi\u00f3 su primera citaci\u00f3n para una selecci\u00f3n de Europa<\/h3>\n<\/p>\n<\/section>\n<\/div>\n<div class=\"sc-a7166897-0 eoLsBE\" readability=\"6\">\n<section readability=\"2\"><picture><img alt=\"La verdad sobre el video viral de dos jugadores de Boca en un boliche\" loading=\"lazy\" width=\"290\" height=\"290\" decoding=\"async\" data-nimg=\"1\" src=\"http:\/\/hoycordobaweb.com\/wp-content\/uploads\/2025\/03\/marchesin-tras-la-polemica-en-los-penales-de-la-copa-su-silencio-lo-que-dice-puertas-adentro-y-el-reclamo-de-una-explicacion-4.jpg\"><\/picture>\n<p><span>Mir\u00e1 tambi\u00e9n<\/span><\/p>\n<hr>\n<h3>La verdad sobre el video viral de dos jugadores de Boca en un boliche<\/h3>\n<\/p>\n<\/section>\n<\/div>\n<div class=\"sc-a7166897-0 eoLsBE\" readability=\"6.5\">\n<section readability=\"3\"><picture><img alt=\"Con m\u00e1s dudas que bajas, el panorama que tiene Gago para el pr\u00f3ximo partido de Boca\" loading=\"lazy\" width=\"290\" height=\"290\" decoding=\"async\" data-nimg=\"1\" src=\"http:\/\/hoycordobaweb.com\/wp-content\/uploads\/2025\/03\/marchesin-tras-la-polemica-en-los-penales-de-la-copa-su-silencio-lo-que-dice-puertas-adentro-y-el-reclamo-de-una-explicacion-5.jpg\"><\/picture>\n<p><span>Mir\u00e1 tambi\u00e9n<\/span><\/p>\n<hr>\n<h3>Con m\u00e1s dudas que bajas, el panorama que tiene Gago para el pr\u00f3ximo partido de Boca<\/h3>\n<\/p>\n<\/section>\n<\/div>\n<div class=\"sc-a7166897-0 eoLsBE\" readability=\"6\">\n<section readability=\"2\"><picture><img alt=\"Alianza Lima gan\u00f3 de visitante y se siente en fase de grupos\" loading=\"lazy\" width=\"290\" height=\"290\" decoding=\"async\" data-nimg=\"1\" src=\"http:\/\/hoycordobaweb.com\/wp-content\/uploads\/2025\/03\/marchesin-tras-la-polemica-en-los-penales-de-la-copa-su-silencio-lo-que-dice-puertas-adentro-y-el-reclamo-de-una-explicacion-6.jpg\"><\/picture>\n<p><span>Mir\u00e1 tambi\u00e9n<\/span><\/p>\n<hr>\n<h3>Alianza Lima gan\u00f3 de visitante y se siente en fase de grupos<\/h3>\n<\/p>\n<\/section>\n<\/div>\n<\/div>\n","protected":false},"excerpt":{"rendered":"<p>05\/03\/2025 10:08hs. Todav\u00eda no habl\u00f3. Y es, en definitiva, la otra voz que falta para terminar de cerrar la historia. Agust\u00edn Marchesin, por ahora, eligi\u00f3 el silencio. Y que el tiempo pase. Incluso, ni siquiera dijo nada cuando el d\u00eda despu\u00e9s de la eliminaci\u00f3n de la Copa, un peque\u00f1o hinchas xeneize lo par\u00f3 en la [&hellip;]<\/p>\n","protected":false},"author":1,"featured_media":98718,"comment_status":"open","ping_status":"closed","sticky":false,"template":"","format":"standard","meta":[],"categories":[16],"tags":[],"_links":{"self":[{"href":"http:\/\/hoycordobaweb.com\/index.php\/wp-json\/wp\/v2\/posts\/98717"}],"collection":[{"href":"http:\/\/hoycordobaweb.com\/index.php\/wp-json\/wp\/v2\/posts"}],"about":[{"href":"http:\/\/hoycordobaweb.com\/index.php\/wp-json\/wp\/v2\/types\/post"}],"author":[{"embeddable":true,"href":"http:\/\/hoycordobaweb.com\/index.php\/wp-json\/wp\/v2\/users\/1"}],"replies":[{"embeddable":true,"href":"http:\/\/hoycordobaweb.com\/index.php\/wp-json\/wp\/v2\/comments?post=98717"}],"version-history":[{"count":0,"href":"http:\/\/hoycordobaweb.com\/index.php\/wp-json\/wp\/v2\/posts\/98717\/revisions"}],"wp:featuredmedia":[{"embeddable":true,"href":"http:\/\/hoycordobaweb.com\/index.php\/wp-json\/wp\/v2\/media\/98718"}],"wp:attachment":[{"href":"http:\/\/hoycordobaweb.com\/index.php\/wp-json\/wp\/v2\/media?parent=98717"}],"wp:term":[{"taxonomy":"category","embeddable":true,"href":"http:\/\/hoycordobaweb.com\/index.php\/wp-json\/wp\/v2\/categories?post=98717"},{"taxonomy":"post_tag","embeddable":true,"href":"http:\/\/hoycordobaweb.com\/index.php\/wp-json\/wp\/v2\/tags?post=98717"}],"curies":[{"name":"wp","href":"https:\/\/api.w.org\/{rel}","templated":true}]}}