{"id":98461,"date":"2025-03-02T00:10:49","date_gmt":"2025-03-02T00:10:49","guid":{"rendered":"https:\/\/www.ole.com.ar\/futbol-internacional\/gustavo-quinteros-dt-campeon-velez-expulsado-brasil-golpear-jugador_0_QjRdqKU953.html"},"modified":"2025-03-02T00:10:49","modified_gmt":"2025-03-02T00:10:49","slug":"el-dt-campeon-con-velez-fue-expulsado-en-brasil-por-golpear-a-un-jugador-rival","status":"publish","type":"post","link":"http:\/\/hoycordobaweb.com\/index.php\/2025\/03\/02\/el-dt-campeon-con-velez-fue-expulsado-en-brasil-por-golpear-a-un-jugador-rival\/","title":{"rendered":"El DT campe\u00f3n con V\u00e9lez fue expulsado en Brasil por golpear a un jugador rival"},"content":{"rendered":"<p><img src=\"http:\/\/hoycordobaweb.com\/wp-content\/uploads\/2025\/03\/el-dt-campeon-con-velez-fue-expulsado-en-brasil-por-golpear-a-un-jugador-rival.jpg\"><\/p>\n<p><time class=\"createDate\" datetime=\"2025-03-01T21:10:49-03:00\">01\/03\/2025 21:10hs.<\/time><\/p>\n<div id=\"storyBody\">\n<div class=\"custom-text \" readability=\"30.810810810811\">\n<p><strong><a href=\"https:\/\/www.ole.com.ar\/tema\/gustavo-quinteros.html\" target=\"_self\" title=\"Gustavo Quinteros\" alt=\"Gustavo Quinteros\" rel=\"noopener noreferrer\">Gustavo Quinteros<\/a><\/strong>, el director de orquesta detr\u00e1s del <strong><a href=\"https:\/\/www.ole.com.ar\/futbol-de-primera\/definicion-liga-profesional-hoy-vivo-huracan-velez-talleres-newells-definen-campeon-torneo_0_w1kX6UaBQw.html\" target=\"_self\" title=\"V\u00e9lez que gan\u00f3 la Liga Profesional 2024\" alt=\"V\u00e9lez que gan\u00f3 la Liga Profesional 2024\" rel=\"noopener noreferrer\">V\u00e9lez<\/a><\/strong><a href=\"https:\/\/www.ole.com.ar\/futbol-de-primera\/definicion-liga-profesional-hoy-vivo-huracan-velez-talleres-newells-definen-campeon-torneo_0_w1kX6UaBQw.html\" target=\"_self\" title=\"V\u00e9lez que gan\u00f3 la Liga Profesional 2024\" alt=\"V\u00e9lez que gan\u00f3 la Liga Profesional 2024\" rel=\"noopener noreferrer\"> que gan\u00f3 la Liga Profesional 2024<\/a>, se fue expulsado del encuentro que <strong><a href=\"https:\/\/www.ole.com.ar\/tema\/gremio.html\" target=\"_self\" title=\"Gremio\" alt=\"Gremio\" rel=\"noopener noreferrer\">Gremio<\/a> y Juventude<\/strong> protagonizaron este 1\u00b0 de marzo, por la vuelta de las semifinales del Campeonato Gaucho. \u00bfEl motivo de la roja? <strong>Un golpe que el entrenador argentino le asest\u00f3 a un jugador rival<\/strong>.<\/p>\n<\/div>\n<div class=\"custom-text \" readability=\"41\">\n<p>El hecho tuvo lugar sobre el final del compromiso, cuando el tiempo de reposici\u00f3n ya se hab\u00eda acabado y un c\u00famulo de futbolistas rodeaban al \u00e1rbitro, con protestas de toda clase. A ese grupo se sum\u00f3 m\u00e1s adelante el det\u00e9 del tricolor, aunque<strong> \u00canio<\/strong> (extremo izquierdo de la Papada) <strong>lo intercept\u00f3 tom\u00e1ndolo del brazo<\/strong>. Esto deriv\u00f3 en un forcejeo entre ambos, con Quinteros observando al colegiado e intentando hablarle. Sin embargo, en el hartazgo, <strong>le peg\u00f3 al atacante con el dorso de la mano<\/strong>.<\/p>\n<\/div>\n<div class=\"custom-text \" readability=\"39\">\n<p>Desde luego que <strong>esto embraveci\u00f3 a\u00fan m\u00e1s las aguas<\/strong>, obligando incluso a la intervenci\u00f3n policial. Varios de Juventude fueron a increpar al santafesino, mientras que sus dirigidos aparecieron para protegerlo. Concluida la gresca, el hombre del silbato decidi\u00f3 echarlo. M\u00e1s adelante se pudo observar que<strong> dialog\u00f3 con el delantero<\/strong>: las c\u00e1maras enfocaban como este \u00faltimo le ense\u00f1aba el labio superior aparentemente partido, mientras que Quinteros le explicaba de forma airada su punto de vista.<\/p>\n<\/div>\n<p><h2>Video: as\u00ed fue el golpe de Quinteros a un jugador rival<\/h2>\n<\/p>\n<div class=\"sc-734b4696-1 kFfZtB\" readability=\"7\">\n<div class=\"sc-d00d9e74-0 hnHYbk\" type=\"embed\">\n<div class=\"sc-d00d9e74-1 iKVbz videoText\" id=\"contentTitleembedRD94Mty4\" type=\"embed\"><svg fill=\"#ffffff\"><symbol id=\"play\" viewBox=\"0 0 512 512\"><path d=\"M512 256C512 397.4 397.4 512 256 512C114.6 512 0 397.4 0 256C0 114.6 114.6 0 256 0C397.4 0 512 114.6 512 256zM176 168V344C176 352.7 180.7 360.7 188.3 364.9C195.8 369.2 205.1 369 212.5 364.5L356.5 276.5C363.6 272.1 368 264.4 368 256C368 247.6 363.6 239.9 356.5 235.5L212.5 147.5C205.1 142.1 195.8 142.8 188.3 147.1C180.7 151.3 176 159.3 176 168V168z\" \/><\/symbol><use xlink:href=\"#play\" \/><\/svg><\/p>\n<div class=\"right\">\n<p>Gustavo Quinteros<!-- --> &#8211; <span>&nbsp;<\/span><\/p>\n<h2 class=\"title-vid\">\u00a1Quinteros golpe\u00f3 a un rival!<\/h2>\n<\/div>\n<\/div>\n<p><span class=\"back\" id=\"spanBackembedRD94Mty4\"><\/span><\/div>\n<div class=\"JWvideoNota_title\" readability=\"9\">\n<p>El DT, campe\u00f3n con V\u00e9lez y hoy en Gremio, le asest\u00f3 un golpe a un jugador de Juventude.<\/p>\n<\/div>\n<\/div>\n<p><h2>\u00bfC\u00f3mo sigue el Gremio de Quinteros?<\/h2>\n<\/p>\n<div class=\"custom-text \" readability=\"41\">\n<p>Tras superar las semifinales, Gremio espera en la final del <strong>Campeonato Gaucho<\/strong> al ganador de la otra llave, que enfrenta al <strong>Internacional<\/strong> contra Caxias. En la ida fue victoria del conjunto de Puerto Alegre en condici\u00f3n de visitante, por 2-0, por lo que tiene pie y medio en el cruce decisivo. Sin embargo, antes deber\u00e1n afrontar la vuelta, este s\u00e1bado desde las 21:30.<\/p>\n<\/div>\n<div class=\"custom-text \" readability=\"41\">\n<p>Por la <strong>Copa de Brasil<\/strong>, el Tricolor se medir\u00e1 ante <strong>Athletic Club de S\u00e3o Jo\u00e3o del-Rei<\/strong>, el mi\u00e9rcoles 12 de marzo a partir de las 19:30. Finalmente, en lo que al <strong>Brasileir\u00e3o<\/strong> respecta, este iniciar\u00e1 el <strong>29 de marzo<\/strong>. \u00bfLa primera parada de Quinteros y sus dirigidos? Contra Atl\u00e9tico Mineiro, en casa, con horario a\u00fan por definir.<\/p>\n<\/div>\n<div class=\"sc-a7166897-0 eoLsBE\" readability=\"6\">\n<section readability=\"2\"><picture><img alt=\"Video: el abrazo de Braian Romero con Sebasti\u00e1n Dom\u00ednguez luego del gol\" loading=\"lazy\" width=\"290\" height=\"290\" decoding=\"async\" data-nimg=\"1\" src=\"http:\/\/hoycordobaweb.com\/wp-content\/uploads\/2025\/03\/el-dt-campeon-con-velez-fue-expulsado-en-brasil-por-golpear-a-un-jugador-rival-2.jpg\"><\/picture>\n<p><span>Mir\u00e1 tambi\u00e9n<\/span><\/p>\n<hr>\n<h3>Video: el abrazo de Braian Romero con Sebasti\u00e1n Dom\u00ednguez luego del gol<\/h3>\n<\/p>\n<\/section>\n<\/div>\n<div class=\"sc-a7166897-0 eoLsBE\" readability=\"6\">\n<section readability=\"2\"><picture><img alt=\"Sebasti\u00e1n Dom\u00ednguez: de su primera victoria en V\u00e9lez al caso Valent\u00edn G\u00f3mez\" loading=\"lazy\" width=\"290\" height=\"290\" decoding=\"async\" data-nimg=\"1\" src=\"http:\/\/hoycordobaweb.com\/wp-content\/uploads\/2025\/03\/el-dt-campeon-con-velez-fue-expulsado-en-brasil-por-golpear-a-un-jugador-rival-3.jpg\"><\/picture>\n<p><span>Mir\u00e1 tambi\u00e9n<\/span><\/p>\n<hr>\n<h3>Sebasti\u00e1n Dom\u00ednguez: de su primera victoria en V\u00e9lez al caso Valent\u00edn G\u00f3mez<\/h3>\n<\/p>\n<\/section>\n<\/div>\n<div class=\"sc-a7166897-0 eoLsBE\" readability=\"6\">\n<section readability=\"2\"><picture><img alt=\"V\u00e9lez cort\u00f3 su peor racha de la historia de 846 minutos sin convertir goles\" loading=\"lazy\" width=\"290\" height=\"290\" decoding=\"async\" data-nimg=\"1\" src=\"http:\/\/hoycordobaweb.com\/wp-content\/uploads\/2025\/03\/el-dt-campeon-con-velez-fue-expulsado-en-brasil-por-golpear-a-un-jugador-rival-4.jpg\"><\/picture>\n<p><span>Mir\u00e1 tambi\u00e9n<\/span><\/p>\n<hr>\n<h3>V\u00e9lez cort\u00f3 su peor racha de la historia de 846 minutos sin convertir goles<\/h3>\n<\/p>\n<\/section>\n<\/div>\n<\/div>\n","protected":false},"excerpt":{"rendered":"<p>01\/03\/2025 21:10hs. Gustavo Quinteros, el director de orquesta detr\u00e1s del V\u00e9lez que gan\u00f3 la Liga Profesional 2024, se fue expulsado del encuentro que Gremio y Juventude protagonizaron este 1\u00b0 de marzo, por la vuelta de las semifinales del Campeonato Gaucho. \u00bfEl motivo de la roja? Un golpe que el entrenador argentino le asest\u00f3 a un [&hellip;]<\/p>\n","protected":false},"author":1,"featured_media":98462,"comment_status":"open","ping_status":"closed","sticky":false,"template":"","format":"standard","meta":[],"categories":[16],"tags":[],"_links":{"self":[{"href":"http:\/\/hoycordobaweb.com\/index.php\/wp-json\/wp\/v2\/posts\/98461"}],"collection":[{"href":"http:\/\/hoycordobaweb.com\/index.php\/wp-json\/wp\/v2\/posts"}],"about":[{"href":"http:\/\/hoycordobaweb.com\/index.php\/wp-json\/wp\/v2\/types\/post"}],"author":[{"embeddable":true,"href":"http:\/\/hoycordobaweb.com\/index.php\/wp-json\/wp\/v2\/users\/1"}],"replies":[{"embeddable":true,"href":"http:\/\/hoycordobaweb.com\/index.php\/wp-json\/wp\/v2\/comments?post=98461"}],"version-history":[{"count":0,"href":"http:\/\/hoycordobaweb.com\/index.php\/wp-json\/wp\/v2\/posts\/98461\/revisions"}],"wp:featuredmedia":[{"embeddable":true,"href":"http:\/\/hoycordobaweb.com\/index.php\/wp-json\/wp\/v2\/media\/98462"}],"wp:attachment":[{"href":"http:\/\/hoycordobaweb.com\/index.php\/wp-json\/wp\/v2\/media?parent=98461"}],"wp:term":[{"taxonomy":"category","embeddable":true,"href":"http:\/\/hoycordobaweb.com\/index.php\/wp-json\/wp\/v2\/categories?post=98461"},{"taxonomy":"post_tag","embeddable":true,"href":"http:\/\/hoycordobaweb.com\/index.php\/wp-json\/wp\/v2\/tags?post=98461"}],"curies":[{"name":"wp","href":"https:\/\/api.w.org\/{rel}","templated":true}]}}