{"id":98453,"date":"2025-03-02T12:12:49","date_gmt":"2025-03-02T12:12:49","guid":{"rendered":"https:\/\/www.ole.com.ar\/colon\/colon-banjul-equipo-gambia-historia_0_WAmVOe21qG.html"},"modified":"2025-03-02T12:12:49","modified_gmt":"2025-03-02T12:12:49","slug":"colon-de-banjul-la-historia-del-sabalero-africano","status":"publish","type":"post","link":"http:\/\/hoycordobaweb.com\/index.php\/2025\/03\/02\/colon-de-banjul-la-historia-del-sabalero-africano\/","title":{"rendered":"Col\u00f3n de Banjul: la historia del Sabalero africano"},"content":{"rendered":"<p><img src=\"http:\/\/hoycordobaweb.com\/wp-content\/uploads\/2025\/03\/colon-de-banjul-la-historia-del-sabalero-africano.jpg\"><\/p>\n<p><span class=\"createDate\">02\/03\/2025 09:12hs.<\/span><time class=\"modificatedDate\" datetime=\"2025-03-02T09:14:30-03:00\"> Actualizado al 02\/03\/2025 09:14hs.<\/time><\/p>\n<div id=\"storyBody\">\n<div class=\"custom-text \" readability=\"36.610101010101\">\n<p>Los <strong>clubes hom\u00f3logos<\/strong> abundan en el mundo del f\u00fatbol. Equipos que toman el nombre de otros como una suerte de tributo. En Argentina, por caso, hay varios <strong><a href=\"https:\/\/www.ole.com.ar\/tema\/boca-juniors.html\" target=\"_self\" title=\"Boca Juniors\" alt=\"Boca Juniors\" rel=\"noopener noreferrer\">Boca Juniors<\/a><\/strong> (en Azul o R\u00edo Gallegos); <strong><a href=\"https:\/\/www.ole.com.ar\/colon\/colon-banjul-equipo-gambia-historia_0_WAmVOe21qG.html\" target=\"_self\" title=\"River Plate\" alt=\"River Plate\" rel=\"noopener noreferrer\">River Plate<\/a> <\/strong>(de Bell Ville o Chepes); <strong><a href=\"https:\/\/www.ole.com.ar\/independiente\" target=\"_self\" title=\"Independiente\" alt=\"Independiente\" rel=\"noopener noreferrer\">Independiente<\/a><\/strong> (Chivilcoy o Trelew); <strong><a href=\"https:\/\/www.ole.com.ar\/racing\" target=\"_self\" title=\"Racing\" alt=\"Racing\" rel=\"noopener noreferrer\">Racing<\/a><\/strong> (C\u00f3rdoba o Puerto San Juli\u00e1n) o <strong><a href=\"https:\/\/www.ole.com.ar\/san-lorenzo\" target=\"_self\" title=\"San Lorenzo\" alt=\"San Lorenzo\" rel=\"noopener noreferrer\">San Lorenzo<\/a><\/strong> (el de Alem, en Catamarca, o el de Perito Moreno). <strong>Col\u00f3n<\/strong> tambi\u00e9n los hay, como el de Chivilcoy, aunque sobre el filo del 2024 naci\u00f3 uno m\u00e1s que particular: el de <strong>Banjul<\/strong>.<\/p>\n<\/div>\n<div class=\"custom-text \" readability=\"39\">\n<p>Banjul est\u00e1 lejos de nuestra patria. Bastante lejos. A m\u00e1s de <strong>6.800 kil\u00f3metros<\/strong> en l\u00ednea recta, para ser exactos. Se trata de la capital de <strong>Gambia<\/strong>, un peque\u00f1o pa\u00eds de la<strong> parte occidental de \u00c1frica<\/strong>, rodeado completamente por Senegal (aunque con salida al Atl\u00e1ntico). \u00bfPero qu\u00e9 hace en aquella parte del planeta una instituci\u00f3n que se inspira en el Sabalero? La clave est\u00e1 en un coterr\u00e1neo, desde luego.<\/p>\n<\/div>\n<p><h2>As\u00ed naci\u00f3 Col\u00f3n de Banjul<\/h2>\n<\/p>\n<div class=\"sc-e7b891c4-0 ifHnQL image-embed\"><img alt=\"Col\u00f3n de Banjul, con la indumentaria roja y blanca que ten\u00edan previo a la recaudaci\u00f3n. (FOTO: Pablo Degli Antoni).\" loading=\"lazy\" width=\"1290\" height=\"760\" decoding=\"async\" data-nimg=\"1\" src=\"http:\/\/hoycordobaweb.com\/wp-content\/uploads\/2025\/03\/colon-de-banjul-la-historia-del-sabalero-africano-2.jpg\"><span class=\"epigraphe\">Col\u00f3n de Banjul, con la indumentaria roja y blanca que ten\u00edan previo a la recaudaci\u00f3n. (FOTO: Pablo Degli Antoni).<\/span><\/div>\n<div class=\"custom-text \" readability=\"45\">\n<p><strong>Pablo Degli Antoni <\/strong>es gustoso del Football Manager (un videojuego de f\u00fatbol con alto grado de realidad y detalle) y trabaja para ellos como<em> head researcher<\/em>. \u00abCubro Senegal desde hace unos cinco a\u00f1os y Gambia desde hace unos tres\u00bb, explic\u00f3 en di\u00e1logo con <strong>Ol\u00e9<\/strong>. \u00abHacer el <em>research<\/em> es muy dif\u00edcil, hay muy poca informaci\u00f3n, entonces lo que uno va haciendo es conociendo gente. Buscando periodistas, algunos jugadores, directores t\u00e9cnicos, lo que sea, para que uno pueda hacer un mejor relevamiento. Esto es en cuanto a los jugadores que usa cada equipo, como forma, los resultados\u00bb, detall\u00f3.<\/p>\n<\/div>\n<div class=\"custom-text \" readability=\"44\">\n<p>\u00abConociendo gente me pas\u00f3 de encontrarme hace tres a\u00f1os a <strong>Ebrima Wally<\/strong>, un chico de Gambia que vive en Lamin, una ciudad a las afueras de la capital. Estudi\u00f3 para ser DT y arm\u00f3 su propio equipo, all\u00e1 hay canchas de 11 en todos los barrios y cada uno tiene su propio equipo de f\u00fatbol, como un seleccionado\u00bb, se\u00f1al\u00f3. \u00ab\u00c9l ven\u00eda de tratar de clasificar a la <strong>tercera divisi\u00f3n de Gambia<\/strong>, que es un torneo a eliminaci\u00f3n simple muy complejo: sacan a sorteo donde vas a jugar, solo ese partido, a matar o morir. Usualmente son entre 40 y 50 equipos que intentan entrar. El a\u00f1o pasado el equipo de Ebrima lleg\u00f3 a semifinales\u00bb, cont\u00f3.<\/p>\n<\/div>\n<div class=\"sc-e7b891c4-0 ifHnQL image-embed\"><img alt=\"Pablo Degli Antoni y Ebrima Wally dan indicaciones a los jugadores de Col\u00f3n de Banjul. (FOTO: Pablo Degli Antoni).\" loading=\"lazy\" width=\"1290\" height=\"760\" decoding=\"async\" data-nimg=\"1\" src=\"http:\/\/hoycordobaweb.com\/wp-content\/uploads\/2025\/03\/colon-de-banjul-la-historia-del-sabalero-africano-3.jpg\"><span class=\"epigraphe\">Pablo Degli Antoni y Ebrima Wally dan indicaciones a los jugadores de Col\u00f3n de Banjul. (FOTO: Pablo Degli Antoni).<\/span><\/div>\n<div class=\"custom-text \" readability=\"43\">\n<p>A pesar de la instancia alcanzada, la desaz\u00f3n de estar tan cerca del objetivo desmoron\u00f3 al joven africano que no supera los 25 a\u00f1os. \u00ab<strong>Ebrima entr\u00f3 en un per\u00edodo de depresi\u00f3n<\/strong>, as\u00ed que estuvimos mucho en contacto. Yo le insist\u00eda, porque lo sent\u00eda muy baj\u00f3n. A finales del a\u00f1o pasado \u00e9l quiso retomar el entrenamiento de sus chicos del barrio y <strong>decidimos que pod\u00edamos hacer alg\u00fan enganche con Argentina<\/strong>, entonces lo \u00abrefundamos\u00bb con el nombre del club del que soy hincha, Col\u00f3n. Le cambiamos el nombre (antes se llamaba Soccer Pro FC), le pusimos el logo y le armamos las redes sociales. La idea era generar algo diferente para la gente de ac\u00e1 y all\u00e1, conectar pa\u00edses\u00bb, narr\u00f3.<\/p>\n<\/div>\n<p><h2>El v\u00ednculo con Col\u00f3n de Santa Fe<\/h2>\n<\/p>\n<div class=\"custom-text \" readability=\"46\">\n<p>Con respecto a la repercusi\u00f3n que tuvo el surgimiento de Col\u00f3n de Banjul, cont\u00f3: \u00abLa gente se cop\u00f3, muchos Sabaleros se engancharon un mont\u00f3n. Algunos se quejaron por nuestras camisetas que eran blancas y rojas a rayas (como las de Uni\u00f3n, el rival de toda la vida)\u00bb. Debido a esto \u00faltimo, realizaron una colecta en Argentina para poder comprar otra indumentaria. \u00ab<strong>Logramos recaudar 650 d\u00f3lares<\/strong>, hace un par de semanas viaj\u00e9 para all\u00e1 y con eso compramos un mont\u00f3n de cosas. <strong>Ahora tienen camisetas, remera de entrenamiento, short, unas pelotas, conos<\/strong>, de todo\u00bb, sostuvo.<\/p>\n<\/div>\n<div class=\"sc-e7b891c4-0 ifHnQL image-embed\"><img alt=\"Pablo Degli Antoni junto a Ebrima Wally, DT de Col\u00f3n de Banjul. (FOTO: Pablo Degli Antoni).\" loading=\"lazy\" width=\"300\" height=\"390\" decoding=\"async\" data-nimg=\"1\" src=\"http:\/\/hoycordobaweb.com\/wp-content\/uploads\/2025\/03\/colon-de-banjul-la-historia-del-sabalero-africano-4.jpg\"><span class=\"epigraphe\">Pablo Degli Antoni junto a Ebrima Wally, DT de Col\u00f3n de Banjul. (FOTO: Pablo Degli Antoni).<\/span><\/div>\n<div class=\"custom-text \" readability=\"38\">\n<p>Tras mencionar que con la instituci\u00f3n santafesina no han tenido comunicaci\u00f3n, revel\u00f3 que le transmite a los jugadores informaci\u00f3n sobre ella: \u00abEmpezamos comparti\u00e9ndoles a los chicos <strong>resultados y formaciones de Col\u00f3n de Santa Fe<\/strong> en estas fechas iniciales de la Primera Nacional. Ahora les hago un <strong>peque\u00f1o an\u00e1lisis de partido, un poco m\u00e1s t\u00e9cnico<\/strong>, para que vean detalles\u00bb.<\/p>\n<\/div>\n<div class=\"custom-text \" readability=\"37\">\n<p>Los clasificatorios del 2025 para la tercera divisi\u00f3n de Gambia comenzar\u00e1n entre octubre y noviembre, por lo que el \u00abSabalero gambiano\u00bb se preparar\u00e1 durante el a\u00f1o de cara a ese momento, con la mente puesta en lograr el ascenso, un <strong>objetivo compartido con el equipo al que rinden tributo<\/strong>.<\/p>\n<\/div>\n<div class=\"sc-a7166897-0 eoLsBE\" readability=\"6\">\n<section readability=\"2\"><picture><img alt=\"Col\u00f3n le gan\u00f3 a Mitre y al calor extremo de Santiago del Estero\" loading=\"lazy\" width=\"290\" height=\"290\" decoding=\"async\" data-nimg=\"1\" src=\"http:\/\/hoycordobaweb.com\/wp-content\/uploads\/2025\/03\/colon-de-banjul-la-historia-del-sabalero-africano-5.jpg\"><\/picture>\n<p><span>Mir\u00e1 tambi\u00e9n<\/span><\/p>\n<hr>\n<h3>Col\u00f3n le gan\u00f3 a Mitre y al calor extremo de Santiago del Estero<\/h3>\n<\/p>\n<\/section>\n<\/div>\n<div class=\"sc-a7166897-0 eoLsBE\" readability=\"6.5\">\n<section readability=\"3\"><picture><img alt=\"Con la vuelta de Gigliotti, Col\u00f3n no pas\u00f3 del cero ante Temperley\" loading=\"lazy\" width=\"290\" height=\"290\" decoding=\"async\" data-nimg=\"1\" src=\"http:\/\/hoycordobaweb.com\/wp-content\/uploads\/2025\/03\/colon-de-banjul-la-historia-del-sabalero-africano-6.jpg\"><\/picture>\n<p><span>Mir\u00e1 tambi\u00e9n<\/span><\/p>\n<hr>\n<h3>Con la vuelta de Gigliotti, Col\u00f3n no pas\u00f3 del cero ante Temperley<\/h3>\n<\/p>\n<\/section>\n<\/div>\n<div class=\"sc-a7166897-0 eoLsBE\" readability=\"6\">\n<section readability=\"2\"><picture><img alt=\"Bombazo en el Ascenso: las Inferiores de Col\u00f3n y Ferro jugar\u00e1n en Primera\" loading=\"lazy\" width=\"290\" height=\"290\" decoding=\"async\" data-nimg=\"1\" src=\"http:\/\/hoycordobaweb.com\/wp-content\/uploads\/2025\/03\/colon-de-banjul-la-historia-del-sabalero-africano-7.jpg\"><\/picture>\n<p><span>Mir\u00e1 tambi\u00e9n<\/span><\/p>\n<hr>\n<h3>Bombazo en el Ascenso: las Inferiores de Col\u00f3n y Ferro jugar\u00e1n en Primera<\/h3>\n<\/p>\n<\/section>\n<\/div>\n<\/div>\n","protected":false},"excerpt":{"rendered":"<p>02\/03\/2025 09:12hs. Actualizado al 02\/03\/2025 09:14hs. Los clubes hom\u00f3logos abundan en el mundo del f\u00fatbol. Equipos que toman el nombre de otros como una suerte de tributo. En Argentina, por caso, hay varios Boca Juniors (en Azul o R\u00edo Gallegos); River Plate (de Bell Ville o Chepes); Independiente (Chivilcoy o Trelew); Racing (C\u00f3rdoba o Puerto [&hellip;]<\/p>\n","protected":false},"author":1,"featured_media":98454,"comment_status":"open","ping_status":"closed","sticky":false,"template":"","format":"standard","meta":[],"categories":[16],"tags":[],"_links":{"self":[{"href":"http:\/\/hoycordobaweb.com\/index.php\/wp-json\/wp\/v2\/posts\/98453"}],"collection":[{"href":"http:\/\/hoycordobaweb.com\/index.php\/wp-json\/wp\/v2\/posts"}],"about":[{"href":"http:\/\/hoycordobaweb.com\/index.php\/wp-json\/wp\/v2\/types\/post"}],"author":[{"embeddable":true,"href":"http:\/\/hoycordobaweb.com\/index.php\/wp-json\/wp\/v2\/users\/1"}],"replies":[{"embeddable":true,"href":"http:\/\/hoycordobaweb.com\/index.php\/wp-json\/wp\/v2\/comments?post=98453"}],"version-history":[{"count":0,"href":"http:\/\/hoycordobaweb.com\/index.php\/wp-json\/wp\/v2\/posts\/98453\/revisions"}],"wp:featuredmedia":[{"embeddable":true,"href":"http:\/\/hoycordobaweb.com\/index.php\/wp-json\/wp\/v2\/media\/98454"}],"wp:attachment":[{"href":"http:\/\/hoycordobaweb.com\/index.php\/wp-json\/wp\/v2\/media?parent=98453"}],"wp:term":[{"taxonomy":"category","embeddable":true,"href":"http:\/\/hoycordobaweb.com\/index.php\/wp-json\/wp\/v2\/categories?post=98453"},{"taxonomy":"post_tag","embeddable":true,"href":"http:\/\/hoycordobaweb.com\/index.php\/wp-json\/wp\/v2\/tags?post=98453"}],"curies":[{"name":"wp","href":"https:\/\/api.w.org\/{rel}","templated":true}]}}