{"id":98303,"date":"2025-02-28T22:48:00","date_gmt":"2025-02-28T22:48:00","guid":{"rendered":"https:\/\/cordobaturismo.gov.ar\/?p=896395"},"modified":"2025-02-28T22:48:00","modified_gmt":"2025-02-28T22:48:00","slug":"cordoba-se-promociono-en-anato-2025-y-afianza-vinculos-con-el-mercado-colombiano","status":"publish","type":"post","link":"http:\/\/hoycordobaweb.com\/index.php\/2025\/02\/28\/cordoba-se-promociono-en-anato-2025-y-afianza-vinculos-con-el-mercado-colombiano\/","title":{"rendered":"C\u00f3rdoba se promocion\u00f3 en Anato 2025 y afianza v\u00ednculos con el mercado colombiano"},"content":{"rendered":"<p>En el marco de la feria tur\u00edstica Anato 2025 en Colombia, el presidente de la Agencia C\u00f3rdoba Turismo, Dar\u00edo Capitani, llev\u00f3 a cabo una serie de reuniones estrat\u00e9gicas. Entre las m\u00e1s destacadas fue con representantes de la aerol\u00ednea Avianca, donde se avanz\u00f3 significativamente en la concreci\u00f3n del vuelo directo C\u00f3rdoba-Bogot\u00e1-Guayaquil, programado con 3 frecuencias semanales.<\/p>\n<p><strong><em>\u00abEstos avances en la concreci\u00f3n del vuelo C\u00f3rdoba-Bogot\u00e1 son parte fundamental de la pol\u00edtica impulsada por el gobernador Mart\u00edn Llaryora desde el primer d\u00eda, fortaleciendo el hub a\u00e9reo de C\u00f3rdoba y consolidando nuestra provincia como un punto estrat\u00e9gico para conexiones comerciales y tur\u00edsticas internacionales\u00bb,<\/em><\/strong> destac\u00f3 Capitani. Asimismo, subray\u00f3: <strong><em>\u00abEste nuevo vuelo entre C\u00f3rdoba y Bogot\u00e1 marcar\u00e1 un avance significativo en nuestras relaciones con toda la regi\u00f3n\u00bb.<\/em><\/strong><\/p>\n<figure class=\"wp-block-image size-large\"><img loading=\"lazy\" fetchpriority=\"high\" decoding=\"async\" width=\"1024\" height=\"988\" src=\"http:\/\/hoycordobaweb.com\/wp-content\/uploads\/2025\/03\/cordoba-se-promociono-en-anato-2025-y-afianza-vinculos-con-el-mercado-colombiano.jpg\" alt class=\"wp-image-896396\" srcset=\"http:\/\/hoycordobaweb.com\/wp-content\/uploads\/2025\/03\/cordoba-se-promociono-en-anato-2025-y-afianza-vinculos-con-el-mercado-colombiano.jpg 1024w, http:\/\/hoycordobaweb.com\/wp-content\/uploads\/2025\/03\/cordoba-se-promociono-en-anato-2025-y-afianza-vinculos-con-el-mercado-colombiano-2.jpg 300w, http:\/\/hoycordobaweb.com\/wp-content\/uploads\/2025\/03\/cordoba-se-promociono-en-anato-2025-y-afianza-vinculos-con-el-mercado-colombiano-3.jpg 768w, http:\/\/hoycordobaweb.com\/wp-content\/uploads\/2025\/03\/cordoba-se-promociono-en-anato-2025-y-afianza-vinculos-con-el-mercado-colombiano-4.jpg 1057w\" sizes=\"(max-width: 1024px) 100vw, 1024px\"><\/figure>\n<p>Adem\u00e1s, se confirmaron reuniones con el Instituto Distrital de Turismo de Bogot\u00e1, con quien la Agencia C\u00f3rdoba Turismo tiene un convenio de asistencia rec\u00edproca, as\u00ed como gestiones con otras aerol\u00edneas como Aerorep\u00fablica. &nbsp;Tambi\u00e9n se llevaron a cabo encuentros con operadores tur\u00edsticos especializados en golf y turismo religioso, dos segmentos con alto potencial para la provincia.<\/p>\n<p>Junto a RedeTur (Redes de Turismo Religioso de Colombia) se afianzaron los lineamientos de trabajo en turismo religioso. Desde la provincia de C\u00f3rdoba al mundo, el Santo Cura Gabriel del Rosario Brochero es ampliamente conocido en muchos puntos del exterior. Con Colombia, se trabajar\u00e1 en sinergia permanente para crear un un circuito que permita a turistas de todo el mundo conocer los destinos colombianos y gracias a la conectividad a\u00e9rea, seguir su recorrido conociendo C\u00f3rtdoba y viviendo la experiencia Brochero en la provincia.\u00e1<\/p>\n<p>El mercado colombiano es prioritario para el turismo receptivo argentino, con un crecimiento interanual del 5% en la llegada de turistas de ese pa\u00eds en 2024. En este contexto, la participaci\u00f3n en ANATO 2025 representa una oportunidad estrat\u00e9gica para fortalecer la posici\u00f3n de C\u00f3rdoba como destino tur\u00edstico de excelencia en el mercado latinoamericano, mediante alianzas comerciales y la promoci\u00f3n de sus m\u00faltiples atractivos.<\/p>\n<figure class=\"wp-block-image size-large\"><img loading=\"lazy\" decoding=\"async\" width=\"1024\" height=\"768\" src=\"http:\/\/hoycordobaweb.com\/wp-content\/uploads\/2025\/03\/cordoba-se-promociono-en-anato-2025-y-afianza-vinculos-con-el-mercado-colombiano-1.jpg\" alt class=\"wp-image-896397\" srcset=\"http:\/\/hoycordobaweb.com\/wp-content\/uploads\/2025\/03\/cordoba-se-promociono-en-anato-2025-y-afianza-vinculos-con-el-mercado-colombiano-1.jpg 1024w, http:\/\/hoycordobaweb.com\/wp-content\/uploads\/2025\/03\/cordoba-se-promociono-en-anato-2025-y-afianza-vinculos-con-el-mercado-colombiano-5.jpg 300w, http:\/\/hoycordobaweb.com\/wp-content\/uploads\/2025\/03\/cordoba-se-promociono-en-anato-2025-y-afianza-vinculos-con-el-mercado-colombiano-6.jpg 768w, http:\/\/hoycordobaweb.com\/wp-content\/uploads\/2025\/03\/cordoba-se-promociono-en-anato-2025-y-afianza-vinculos-con-el-mercado-colombiano-7.jpg 1482w\" sizes=\"(max-width: 1024px) 100vw, 1024px\"><\/figure>\n<p>Como parte de la agenda en ANATO 2025, adem\u00e1s, se llev\u00f3 a cabo \u00abC\u00f3rdoba Night\u00bb, un evento especial donde se destacaron los productos gastron\u00f3micos de la provincia. A trav\u00e9s de una degustaci\u00f3n de vinos y sabores t\u00edpicos cordobeses, se ofreci\u00f3 a los asistentes una experiencia sensorial que reflejo la identidad y riqueza culinaria del destino.<\/p>\n<p>Dar\u00edo Capitani forma parte de la delegaci\u00f3n argentina encabezada por el secretario de Turismo, Deporte y Medio Ambiente de la Naci\u00f3n, Daniel Scioli; el presidente de la C\u00e1mara Argentina de Turismo (CAT), Gustavo Hani; y el presidente de la Federaci\u00f3n Argentina de Asociaciones de Empresas de Viajes y Turismo (FAEVYT), Andr\u00e9s Dey\u00e1. Tambi\u00e9n integran la delegaci\u00f3n el presidente de la Federaci\u00f3n Empresaria Hotelera Gastron\u00f3mica de la Rep\u00fablica Argentina (FEHGRA), Fernando Desbots, y el director de la Agencia C\u00f3rdoba Turismo, Diego Barberis.<\/p>\n<p>Vale destacar que la Vitrina Tur\u00edstica Anato 2025 congrega a aerol\u00edneas, hoteleros, tour operadores, oficinas de representaci\u00f3n tur\u00edstica y agentes de viajes de Colombia y otros pa\u00edses. Su objetivo es dinamizar el turismo receptivo y fomentar el intercambio comercial entre los destinos participantes.<\/p>\n","protected":false},"excerpt":{"rendered":"<p>En el marco de la feria tur\u00edstica Anato 2025 en Colombia, el presidente de la Agencia C\u00f3rdoba Turismo, Dar\u00edo Capitani, llev\u00f3 a cabo una serie de reuniones estrat\u00e9gicas. Entre las m\u00e1s destacadas fue con representantes de la aerol\u00ednea Avianca, donde se avanz\u00f3 significativamente en la concreci\u00f3n del vuelo directo C\u00f3rdoba-Bogot\u00e1-Guayaquil, programado con 3 frecuencias semanales. [&hellip;]<\/p>\n","protected":false},"author":1,"featured_media":98304,"comment_status":"closed","ping_status":"closed","sticky":false,"template":"","format":"standard","meta":[],"categories":[19],"tags":[],"_links":{"self":[{"href":"http:\/\/hoycordobaweb.com\/index.php\/wp-json\/wp\/v2\/posts\/98303"}],"collection":[{"href":"http:\/\/hoycordobaweb.com\/index.php\/wp-json\/wp\/v2\/posts"}],"about":[{"href":"http:\/\/hoycordobaweb.com\/index.php\/wp-json\/wp\/v2\/types\/post"}],"author":[{"embeddable":true,"href":"http:\/\/hoycordobaweb.com\/index.php\/wp-json\/wp\/v2\/users\/1"}],"replies":[{"embeddable":true,"href":"http:\/\/hoycordobaweb.com\/index.php\/wp-json\/wp\/v2\/comments?post=98303"}],"version-history":[{"count":0,"href":"http:\/\/hoycordobaweb.com\/index.php\/wp-json\/wp\/v2\/posts\/98303\/revisions"}],"wp:featuredmedia":[{"embeddable":true,"href":"http:\/\/hoycordobaweb.com\/index.php\/wp-json\/wp\/v2\/media\/98304"}],"wp:attachment":[{"href":"http:\/\/hoycordobaweb.com\/index.php\/wp-json\/wp\/v2\/media?parent=98303"}],"wp:term":[{"taxonomy":"category","embeddable":true,"href":"http:\/\/hoycordobaweb.com\/index.php\/wp-json\/wp\/v2\/categories?post=98303"},{"taxonomy":"post_tag","embeddable":true,"href":"http:\/\/hoycordobaweb.com\/index.php\/wp-json\/wp\/v2\/tags?post=98303"}],"curies":[{"name":"wp","href":"https:\/\/api.w.org\/{rel}","templated":true}]}}