{"id":98274,"date":"2025-02-28T12:08:35","date_gmt":"2025-02-28T12:08:35","guid":{"rendered":"https:\/\/ladecimaweb.com\/?p=31300"},"modified":"2025-02-28T12:08:35","modified_gmt":"2025-02-28T12:08:35","slug":"allanamientos-y-detenciones-en-joison-y-villa-el-libertador-por-delitos-contra-conductores-de-apps","status":"publish","type":"post","link":"http:\/\/hoycordobaweb.com\/index.php\/2025\/02\/28\/allanamientos-y-detenciones-en-joison-y-villa-el-libertador-por-delitos-contra-conductores-de-apps\/","title":{"rendered":"Allanamientos y detenciones en Joison y Villa El Libertador por delitos contra conductores de Apps"},"content":{"rendered":"<div class=\"boldgrid-section\">\n<div class=\"container\">\n<div class=\"row\">\n<div class=\"col-md-12 col-xs-12 col-sm-12\">\n<p class=\"\">En las \u00faltimas horas, personal de la Direcci\u00f3n General de Investigaciones Criminales, bajo directivas de la Fiscal\u00eda interviniente, realiz\u00f3 una serie de <strong>allanamientos en los barrios G\u00fcemes, Villa El Libertador y Joison,<\/strong> entre otros.<\/p>\n<p class=\"\">Durante estos operativos, <strong>se detuvo a cuatro personas, una de ellas menor de edad y se incautaron varias armas de fuego<\/strong>, tel\u00e9fonos celulares y otros elementos de inter\u00e9s para la causa.<\/p>\n<p class=\"\"><img loading=\"lazy\" class=\"wp-image-31301 aligncenter\" src=\"http:\/\/hoycordobaweb.com\/wp-content\/uploads\/2025\/02\/allanamientos-y-detenciones-en-joison-y-villa-el-libertador-por-delitos-contra-conductores-de-apps.jpg\" alt=\"\" width=\"376\" height=\"294\" srcset=\"http:\/\/hoycordobaweb.com\/wp-content\/uploads\/2025\/02\/allanamientos-y-detenciones-en-joison-y-villa-el-libertador-por-delitos-contra-conductores-de-apps.jpg 901w, http:\/\/hoycordobaweb.com\/wp-content\/uploads\/2025\/02\/allanamientos-y-detenciones-en-joison-y-villa-el-libertador-por-delitos-contra-conductores-de-apps-1.jpg 567w, http:\/\/hoycordobaweb.com\/wp-content\/uploads\/2025\/02\/allanamientos-y-detenciones-en-joison-y-villa-el-libertador-por-delitos-contra-conductores-de-apps-2.jpg 768w\" sizes=\"(max-width: 376px) 100vw, 376px\" \/><\/p>\n<p class=\"\">Estas personas fueron imputadas como supuestos&nbsp;de operatividad no acreditada y extorsi\u00f3n.<\/p>\n<p class=\"\">Los detenidos estar\u00edan presuntamente vinculados a<strong> diversos robos y extorsiones<\/strong> cometidos entre octubre y noviembre del a\u00f1o pasado, donde <strong>las v\u00edctimas fueron choferes de distintas aplicaciones de viajes. <\/strong><\/p>\n<p class=\"\">Cabe mencionar que, en relaci\u00f3n con esta causa, ya se encuentra detenido un hombre mayor de edad.<\/p>\n<p>&nbsp;<\/p>\n<div class=\"ubm_banner\"><a href=\"https:\/\/www.cba.gov.ar\/dengue\/\" target=\"_blank\" rel=\"dofollow noopener noreferrer\"><img src=\"http:\/\/hoycordobaweb.com\/wp-content\/uploads\/2025\/02\/allanamientos-y-detenciones-en-joison-y-villa-el-libertador-por-delitos-contra-conductores-de-apps.gif\" alt=\"\"><\/a><\/div>\n<\/div>\n<\/div>\n<\/div>\n<\/div>\n<p>La entrada <a rel=\"nofollow\" href=\"https:\/\/ladecimaweb.com\/allanamientos-y-detenciones-en-joison-y-villa-el-libertador-por-delitos-contra-conductores-de-apps\/\">Allanamientos y detenciones en Joison y Villa El Libertador por delitos contra conductores de Apps<\/a> se public\u00f3 primero en <a rel=\"nofollow\" href=\"https:\/\/ladecimaweb.com\">LaDecima<\/a>.<\/p>\n","protected":false},"excerpt":{"rendered":"<p>En las \u00faltimas horas, personal de la Direcci\u00f3n General de Investigaciones Criminales, bajo directivas de la Fiscal\u00eda interviniente, realiz\u00f3 una serie de allanamientos en los barrios G\u00fcemes, Villa El Libertador y Joison, entre otros. Durante estos operativos, se detuvo a cuatro personas, una de ellas menor de edad y se incautaron varias armas de fuego, [&hellip;]<\/p>\n","protected":false},"author":1,"featured_media":0,"comment_status":"closed","ping_status":"closed","sticky":false,"template":"","format":"standard","meta":[],"categories":[32],"tags":[],"_links":{"self":[{"href":"http:\/\/hoycordobaweb.com\/index.php\/wp-json\/wp\/v2\/posts\/98274"}],"collection":[{"href":"http:\/\/hoycordobaweb.com\/index.php\/wp-json\/wp\/v2\/posts"}],"about":[{"href":"http:\/\/hoycordobaweb.com\/index.php\/wp-json\/wp\/v2\/types\/post"}],"author":[{"embeddable":true,"href":"http:\/\/hoycordobaweb.com\/index.php\/wp-json\/wp\/v2\/users\/1"}],"replies":[{"embeddable":true,"href":"http:\/\/hoycordobaweb.com\/index.php\/wp-json\/wp\/v2\/comments?post=98274"}],"version-history":[{"count":0,"href":"http:\/\/hoycordobaweb.com\/index.php\/wp-json\/wp\/v2\/posts\/98274\/revisions"}],"wp:attachment":[{"href":"http:\/\/hoycordobaweb.com\/index.php\/wp-json\/wp\/v2\/media?parent=98274"}],"wp:term":[{"taxonomy":"category","embeddable":true,"href":"http:\/\/hoycordobaweb.com\/index.php\/wp-json\/wp\/v2\/categories?post=98274"},{"taxonomy":"post_tag","embeddable":true,"href":"http:\/\/hoycordobaweb.com\/index.php\/wp-json\/wp\/v2\/tags?post=98274"}],"curies":[{"name":"wp","href":"https:\/\/api.w.org\/{rel}","templated":true}]}}