{"id":98203,"date":"2025-02-27T15:54:25","date_gmt":"2025-02-27T15:54:25","guid":{"rendered":"https:\/\/www.mujerhoy.com\/moda\/no-te-pierdas\/zara-lanza-coleccion-chaquetas-entretiempo-primavera-20250227165301-nt.html"},"modified":"2025-02-27T15:54:25","modified_gmt":"2025-02-27T15:54:25","slug":"zara-lanza-toda-una-coleccion-de-chaquetas-ideales-para-el-entretiempo-a-buen-precio","status":"publish","type":"post","link":"http:\/\/hoycordobaweb.com\/index.php\/2025\/02\/27\/zara-lanza-toda-una-coleccion-de-chaquetas-ideales-para-el-entretiempo-a-buen-precio\/","title":{"rendered":"Zara lanza toda una colecci\u00f3n de chaquetas ideales para el entretiempo a buen precio"},"content":{"rendered":"<p><!-- AUTHOR --> <\/p>\n<div class=\"voc-author-timesocial \"> <!-- AUTHOR --> <\/p>\n<div class=\"voc-author-timesocial__signature \">\n<div class=\"voc-author-timesocial__img-c\"> <!-- IMAGE AUTHOR --> <picture class=\"voc-image-signature\"> <img class=\"voc-image-signature__img\" src=\"http:\/\/hoycordobaweb.com\/wp-content\/uploads\/2025\/02\/zara-lanza-toda-una-coleccion-de-chaquetas-ideales-para-el-entretiempo-a-buen-precio.jpg\" alt=\"Carla Dom\u00ednguez\"> <\/picture> <\/div>\n<p> <!-- INFO AUTHOR --> <\/div><\/div>\n<p> <!-- COMPONENTS --> <\/p>\n<p class=\"voc-paragraph\" data-mrf-recirculation=\"Link art\u00edculo\">La temporada de entretiempo est\u00e1 aqu\u00ed y toca pensar en las chaquetas que luciremos este a\u00f1o. Aunque <a data-voc-vtm-id=\"in-text-traffic\" href=\"https:\/\/www.mujerhoy.com\/moda\/tendencias\/cinco-gabardinas-llevaras-temporada-otono-fondo-armario-otono-20240923131418-nt.html\" data-mrf-link=\"https:\/\/www.mujerhoy.com\/moda\/tendencias\/cinco-gabardinas-llevaras-temporada-otono-fondo-armario-otono-20240923131418-nt.html\">las gabardinas regresan con fuerza<\/a><br \/>\n, esta primavera tambi\u00e9n veremos nuevas opciones. Habr\u00e1 chaquetas de todo los estilos y acabados: desde <a data-voc-vtm-id=\"in-text-traffic\" href=\"https:\/\/www.mujerhoy.com\/moda\/no-te-pierdas\/mejores-chaquetas-ante-tendencia-rebajas-enero-zara-20250103091751-nt.html\" data-mrf-link=\"https:\/\/www.mujerhoy.com\/moda\/no-te-pierdas\/mejores-chaquetas-ante-tendencia-rebajas-enero-zara-20250103091751-nt.html\">chaquetas con ante<\/a><br \/>\n, de pana y en colores llamativos como el verde.\n<\/p>\n<p class=\"voc-paragraph\" data-mrf-recirculation=\"Link art\u00edculo\">Si est\u00e1s buscando nuevas opciones para la temporada de primavera, te ense\u00f1amos algunas de <strong>nuestras propuestas favoritas<\/strong>. Hemos seleccionado algunas chaquetas de nueva colecci\u00f3n que te acompa\u00f1ar\u00e1n todos estos meses y <a data-voc-vtm-id=\"in-text-traffic\" href=\"https:\/\/www.mujerhoy.com\/moda\/no-te-pierdas\/novedades-zara-primavera-chaquetas-entretiempo-compras-baratas-20250204030257-nt.html\" data-mrf-link=\"https:\/\/www.mujerhoy.com\/moda\/no-te-pierdas\/novedades-zara-primavera-chaquetas-entretiempo-compras-baratas-20250204030257-nt.html\">est\u00e1n disponibles en Zara.<\/a>\n<\/p>\n<p><h3 class=\"voc-detail__title\"> Las mejores chaquetas de primavera de Zara<br \/>\n<\/h3>\n<\/p>\n<div class=\"voc-detail-photo-zoom\"> <picture data-toggle=\"modal\" data-target=\"#photoZoomModal-830\" target=\"modal\">\n<div class=\"voc-img-icon-link\"> <img loading=\"lazy\" src=\"http:\/\/hoycordobaweb.com\/wp-content\/uploads\/2025\/02\/zara-lanza-toda-una-coleccion-de-chaquetas-ideales-para-el-entretiempo-a-buen-precio-1.jpg\" width=\"650\" height=\"900\" alt=\"Chaqueta bomber con estampado de rayas de Zara.\"> <noscript> <img src=\"http:\/\/hoycordobaweb.com\/wp-content\/uploads\/2025\/02\/zara-lanza-toda-una-coleccion-de-chaquetas-ideales-para-el-entretiempo-a-buen-precio-1.jpg\" alt=\"Chaqueta bomber con estampado de rayas de Zara.\"> <\/noscript> <i class=\"voc-icons zoom voc-multimedia-box voc-ico-l\"><\/i> <\/div><figcaption class=\"figure-caption\">Chaqueta bomber con estampado de rayas de Zara.<\/figcaption><\/picture>\n<\/div>\n<div id=\"photoZoomModal-830\" class=\"voc-lightbox modal fade voc-lightbox--photo-zoom\" role=\"dialog\" data-voc-photozoom-lightbox>\n<div class=\"voc-lightbox__dialog\" role=\"document\">\n<div class=\"voc-lightbox__content\"> <!-- Modal header --> <!-- Modal content --> <\/p>\n<div class=\"voc-lightbox__photo-container\"> <picture class> <img loading=\"lazy\" src=\"http:\/\/hoycordobaweb.com\/wp-content\/uploads\/2025\/02\/zara-lanza-toda-una-coleccion-de-chaquetas-ideales-para-el-entretiempo-a-buen-precio-1.jpg\" alt=\"Chaqueta bomber con estampado de rayas de Zara.\"> <noscript> <img src=\"http:\/\/hoycordobaweb.com\/wp-content\/uploads\/2025\/02\/zara-lanza-toda-una-coleccion-de-chaquetas-ideales-para-el-entretiempo-a-buen-precio-1.jpg\" alt=\"Chaqueta bomber con estampado de rayas de Zara.\"> <\/noscript> <\/picture> <\/div><\/div><\/div>\n<\/div>\n<p class=\"voc-paragraph\" data-mrf-recirculation=\"Link art\u00edculo\"><strong>Chaqueta bomber con estampado de rayas<\/strong>. Una de nuestras primeras propuestas es esta chaqueta ideal (ref:5247\/734\/809) con dise\u00f1o bomber. Es una chaqueta con estampado de rayas y color gris. Es una chaqueta que cuesta 49,95 euros.\n<\/p>\n<div class=\"voc-detail-photo-zoom\"> <picture data-toggle=\"modal\" data-target=\"#photoZoomModal-991\" target=\"modal\">\n<div class=\"voc-img-icon-link\"> <img loading=\"lazy\" src=\"http:\/\/hoycordobaweb.com\/wp-content\/uploads\/2025\/02\/zara-lanza-toda-una-coleccion-de-chaquetas-ideales-para-el-entretiempo-a-buen-precio-2.jpg\" width=\"650\" height=\"900\" alt=\"Chaqueta de ante en color verde de Zara.\"> <noscript> <img src=\"http:\/\/hoycordobaweb.com\/wp-content\/uploads\/2025\/02\/zara-lanza-toda-una-coleccion-de-chaquetas-ideales-para-el-entretiempo-a-buen-precio-2.jpg\" alt=\"Chaqueta de ante en color verde de Zara.\"> <\/noscript> <i class=\"voc-icons zoom voc-multimedia-box voc-ico-l\"><\/i> <\/div><figcaption class=\"figure-caption\">Chaqueta de ante en color verde de Zara.<\/figcaption><\/picture>\n<\/div>\n<div id=\"photoZoomModal-991\" class=\"voc-lightbox modal fade voc-lightbox--photo-zoom\" role=\"dialog\" data-voc-photozoom-lightbox>\n<div class=\"voc-lightbox__dialog\" role=\"document\">\n<div class=\"voc-lightbox__content\"> <!-- Modal header --> <!-- Modal content --> <\/p>\n<div class=\"voc-lightbox__photo-container\"> <picture class> <img loading=\"lazy\" src=\"http:\/\/hoycordobaweb.com\/wp-content\/uploads\/2025\/02\/zara-lanza-toda-una-coleccion-de-chaquetas-ideales-para-el-entretiempo-a-buen-precio-2.jpg\" alt=\"Chaqueta de ante en color verde de Zara.\"> <noscript> <img src=\"http:\/\/hoycordobaweb.com\/wp-content\/uploads\/2025\/02\/zara-lanza-toda-una-coleccion-de-chaquetas-ideales-para-el-entretiempo-a-buen-precio-2.jpg\" alt=\"Chaqueta de ante en color verde de Zara.\"> <\/noscript> <\/picture> <\/div><\/div><\/div>\n<\/div>\n<p class=\"voc-paragraph\" data-mrf-recirculation=\"Link art\u00edculo\"><strong>Chaqueta de ante en color verde.<\/strong> Otra de las nuevas incorporaciones de Zara es esta chaqueta ideal en tejido de ante. Es una chaqueta (ref: 4344\/155\/533) estilo bomber con cuello solapa y manga larga tipo murcielago. Precio: 49,95 euros.\n<\/p>\n<div class=\"voc-detail-photo-zoom\"> <picture data-toggle=\"modal\" data-target=\"#photoZoomModal-759\" target=\"modal\">\n<div class=\"voc-img-icon-link\"> <img loading=\"lazy\" src=\"http:\/\/hoycordobaweb.com\/wp-content\/uploads\/2025\/02\/zara-lanza-toda-una-coleccion-de-chaquetas-ideales-para-el-entretiempo-a-buen-precio-3.jpg\" width=\"650\" height=\"900\" alt=\"Chaqueta estilo bomber con manga abullonada de Zara.\"> <noscript> <img src=\"http:\/\/hoycordobaweb.com\/wp-content\/uploads\/2025\/02\/zara-lanza-toda-una-coleccion-de-chaquetas-ideales-para-el-entretiempo-a-buen-precio-3.jpg\" alt=\"Chaqueta estilo bomber con manga abullonada de Zara.\"> <\/noscript> <i class=\"voc-icons zoom voc-multimedia-box voc-ico-l\"><\/i> <\/div><figcaption class=\"figure-caption\">Chaqueta estilo bomber con manga abullonada de Zara.<\/figcaption><\/picture>\n<\/div>\n<div id=\"photoZoomModal-759\" class=\"voc-lightbox modal fade voc-lightbox--photo-zoom\" role=\"dialog\" data-voc-photozoom-lightbox>\n<div class=\"voc-lightbox__dialog\" role=\"document\">\n<div class=\"voc-lightbox__content\"> <!-- Modal header --> <!-- Modal content --> <\/p>\n<div class=\"voc-lightbox__photo-container\"> <picture class> <img loading=\"lazy\" src=\"http:\/\/hoycordobaweb.com\/wp-content\/uploads\/2025\/02\/zara-lanza-toda-una-coleccion-de-chaquetas-ideales-para-el-entretiempo-a-buen-precio-3.jpg\" alt=\"Chaqueta estilo bomber con manga abullonada de Zara.\"> <noscript> <img src=\"http:\/\/hoycordobaweb.com\/wp-content\/uploads\/2025\/02\/zara-lanza-toda-una-coleccion-de-chaquetas-ideales-para-el-entretiempo-a-buen-precio-3.jpg\" alt=\"Chaqueta estilo bomber con manga abullonada de Zara.\"> <\/noscript> <\/picture> <\/div><\/div><\/div>\n<\/div>\n<p class=\"voc-paragraph\" data-mrf-recirculation=\"Link art\u00edculo\"><strong>Chaqueta estilo bomber con manga abullonada.<\/strong> Esta bomber cuenta con cremallera y es comod\u00edsima para lucir con vaqueros. Se trata de una chaqueta con cuello redondo y manga larga. Es una chaqueta (ref: 3046\/274\/706) disponible en m\u00e1s tonalidades que tiene un precio de 29,95 euros.\n<\/p>\n<div class=\"voc-detail-photo-zoom\"> <picture data-toggle=\"modal\" data-target=\"#photoZoomModal-741\" target=\"modal\">\n<div class=\"voc-img-icon-link\"> <img loading=\"lazy\" src=\"http:\/\/hoycordobaweb.com\/wp-content\/uploads\/2025\/02\/zara-lanza-toda-una-coleccion-de-chaquetas-ideales-para-el-entretiempo-a-buen-precio-4.jpg\" width=\"650\" height=\"900\" alt=\"Chaqueta ligera en tejido denim de Zara.\"> <noscript> <img src=\"http:\/\/hoycordobaweb.com\/wp-content\/uploads\/2025\/02\/zara-lanza-toda-una-coleccion-de-chaquetas-ideales-para-el-entretiempo-a-buen-precio-4.jpg\" alt=\"Chaqueta ligera en tejido denim de Zara.\"> <\/noscript> <i class=\"voc-icons zoom voc-multimedia-box voc-ico-l\"><\/i> <\/div><figcaption class=\"figure-caption\">Chaqueta ligera en tejido denim de Zara.<\/figcaption><\/picture>\n<\/div>\n<div id=\"photoZoomModal-741\" class=\"voc-lightbox modal fade voc-lightbox--photo-zoom\" role=\"dialog\" data-voc-photozoom-lightbox>\n<div class=\"voc-lightbox__dialog\" role=\"document\">\n<div class=\"voc-lightbox__content\"> <!-- Modal header --> <!-- Modal content --> <\/p>\n<div class=\"voc-lightbox__photo-container\"> <picture class> <img loading=\"lazy\" src=\"http:\/\/hoycordobaweb.com\/wp-content\/uploads\/2025\/02\/zara-lanza-toda-una-coleccion-de-chaquetas-ideales-para-el-entretiempo-a-buen-precio-4.jpg\" alt=\"Chaqueta ligera en tejido denim de Zara.\"> <noscript> <img src=\"http:\/\/hoycordobaweb.com\/wp-content\/uploads\/2025\/02\/zara-lanza-toda-una-coleccion-de-chaquetas-ideales-para-el-entretiempo-a-buen-precio-4.jpg\" alt=\"Chaqueta ligera en tejido denim de Zara.\"> <\/noscript> <\/picture> <\/div><\/div><\/div>\n<\/div>\n<p class=\"voc-paragraph\" data-mrf-recirculation=\"Link art\u00edculo\"><strong>Chaqueta ligera en tejido denim.<\/strong> Las cazadoras vaqueras regresan. La temporada de entretiempo es la mejor \u00e9poca para lucirlas. Nos quedamos con esta chaqueta ideal de manga larga acabada en pu\u00f1o con pliegue. Precio: 39,95 euros.\n<\/p>\n<div class=\"voc-detail-photo-zoom\"> <picture data-toggle=\"modal\" data-target=\"#photoZoomModal-78\" target=\"modal\">\n<div class=\"voc-img-icon-link\"> <img loading=\"lazy\" src=\"http:\/\/hoycordobaweb.com\/wp-content\/uploads\/2025\/02\/zara-lanza-toda-una-coleccion-de-chaquetas-ideales-para-el-entretiempo-a-buen-precio-5.jpg\" width=\"650\" height=\"900\" alt=\"Chaqueta con tejido de ante en burdeos de Zara.\"> <noscript> <img src=\"http:\/\/hoycordobaweb.com\/wp-content\/uploads\/2025\/02\/zara-lanza-toda-una-coleccion-de-chaquetas-ideales-para-el-entretiempo-a-buen-precio-5.jpg\" alt=\"Chaqueta con tejido de ante en burdeos de Zara.\"> <\/noscript> <i class=\"voc-icons zoom voc-multimedia-box voc-ico-l\"><\/i> <\/div><figcaption class=\"figure-caption\">Chaqueta con tejido de ante en burdeos de Zara.<\/figcaption><\/picture>\n<\/div>\n<div id=\"photoZoomModal-78\" class=\"voc-lightbox modal fade voc-lightbox--photo-zoom\" role=\"dialog\" data-voc-photozoom-lightbox>\n<div class=\"voc-lightbox__dialog\" role=\"document\">\n<div class=\"voc-lightbox__content\"> <!-- Modal header --> <!-- Modal content --> <\/p>\n<div class=\"voc-lightbox__photo-container\"> <picture class> <img loading=\"lazy\" src=\"http:\/\/hoycordobaweb.com\/wp-content\/uploads\/2025\/02\/zara-lanza-toda-una-coleccion-de-chaquetas-ideales-para-el-entretiempo-a-buen-precio-5.jpg\" alt=\"Chaqueta con tejido de ante en burdeos de Zara.\"> <noscript> <img src=\"http:\/\/hoycordobaweb.com\/wp-content\/uploads\/2025\/02\/zara-lanza-toda-una-coleccion-de-chaquetas-ideales-para-el-entretiempo-a-buen-precio-5.jpg\" alt=\"Chaqueta con tejido de ante en burdeos de Zara.\"> <\/noscript> <\/picture> <\/div><\/div><\/div>\n<\/div>\n<p class=\"voc-paragraph\" data-mrf-recirculation=\"Link art\u00edculo\"><strong>Chaqueta con tejido de ante en burdeos.<\/strong> Esta chaqueta de ante ha sido todo un descubrimiento y est\u00e1 ahora rebajada (ref: 4344\/622\/681) en Zara. Se trata de una chaqueta con botones en carey, bolsillos fronatles y tejido de ante. Es una chaqueta disponible en color burdeos. Precio: 22,99 euros.\n<\/p>\n<div class=\"voc-detail-photo-zoom\"> <picture data-toggle=\"modal\" data-target=\"#photoZoomModal-71\" target=\"modal\">\n<div class=\"voc-img-icon-link\"> <img loading=\"lazy\" src=\"http:\/\/hoycordobaweb.com\/wp-content\/uploads\/2025\/02\/zara-lanza-toda-una-coleccion-de-chaquetas-ideales-para-el-entretiempo-a-buen-precio-6.jpg\" width=\"650\" height=\"900\" alt=\"Chaqueta de pana en color verde de Zara.\"> <noscript> <img src=\"http:\/\/hoycordobaweb.com\/wp-content\/uploads\/2025\/02\/zara-lanza-toda-una-coleccion-de-chaquetas-ideales-para-el-entretiempo-a-buen-precio-6.jpg\" alt=\"Chaqueta de pana en color verde de Zara.\"> <\/noscript> <i class=\"voc-icons zoom voc-multimedia-box voc-ico-l\"><\/i> <\/div><figcaption class=\"figure-caption\">Chaqueta de pana en color verde de Zara.<\/figcaption><\/picture>\n<\/div>\n<div id=\"photoZoomModal-71\" class=\"voc-lightbox modal fade voc-lightbox--photo-zoom\" role=\"dialog\" data-voc-photozoom-lightbox>\n<div class=\"voc-lightbox__dialog\" role=\"document\">\n<div class=\"voc-lightbox__content\"> <!-- Modal header --> <!-- Modal content --> <\/p>\n<div class=\"voc-lightbox__photo-container\"> <picture class> <img loading=\"lazy\" src=\"http:\/\/hoycordobaweb.com\/wp-content\/uploads\/2025\/02\/zara-lanza-toda-una-coleccion-de-chaquetas-ideales-para-el-entretiempo-a-buen-precio-6.jpg\" alt=\"Chaqueta de pana en color verde de Zara.\"> <noscript> <img src=\"http:\/\/hoycordobaweb.com\/wp-content\/uploads\/2025\/02\/zara-lanza-toda-una-coleccion-de-chaquetas-ideales-para-el-entretiempo-a-buen-precio-6.jpg\" alt=\"Chaqueta de pana en color verde de Zara.\"> <\/noscript> <\/picture> <\/div><\/div><\/div>\n<\/div>\n<p class=\"voc-paragraph\" data-mrf-recirculation=\"Link art\u00edculo\"><strong>Chaqueta de pana en color verde<\/strong>. El verde es un color que destaca mucho y lo veremos bastante en primavera. Para la \u00e9poca de entretiempo, nada como esta chaqueta de estilo cropped en este tono de la nueva colecci\u00f3n de Zara. Precio: 39,95 euros.\n<\/p>\n<p> <!-- TOPICS --> <\/p>\n","protected":false},"excerpt":{"rendered":"<p>La temporada de entretiempo est\u00e1 aqu\u00ed y toca pensar en las chaquetas que luciremos este a\u00f1o. Aunque las gabardinas regresan con fuerza , esta primavera tambi\u00e9n veremos nuevas opciones. Habr\u00e1 chaquetas de todo los estilos y acabados: desde chaquetas con ante , de pana y en colores llamativos como el verde. Si est\u00e1s buscando nuevas [&hellip;]<\/p>\n","protected":false},"author":1,"featured_media":98204,"comment_status":"closed","ping_status":"closed","sticky":false,"template":"","format":"standard","meta":[],"categories":[],"tags":[],"_links":{"self":[{"href":"http:\/\/hoycordobaweb.com\/index.php\/wp-json\/wp\/v2\/posts\/98203"}],"collection":[{"href":"http:\/\/hoycordobaweb.com\/index.php\/wp-json\/wp\/v2\/posts"}],"about":[{"href":"http:\/\/hoycordobaweb.com\/index.php\/wp-json\/wp\/v2\/types\/post"}],"author":[{"embeddable":true,"href":"http:\/\/hoycordobaweb.com\/index.php\/wp-json\/wp\/v2\/users\/1"}],"replies":[{"embeddable":true,"href":"http:\/\/hoycordobaweb.com\/index.php\/wp-json\/wp\/v2\/comments?post=98203"}],"version-history":[{"count":0,"href":"http:\/\/hoycordobaweb.com\/index.php\/wp-json\/wp\/v2\/posts\/98203\/revisions"}],"wp:featuredmedia":[{"embeddable":true,"href":"http:\/\/hoycordobaweb.com\/index.php\/wp-json\/wp\/v2\/media\/98204"}],"wp:attachment":[{"href":"http:\/\/hoycordobaweb.com\/index.php\/wp-json\/wp\/v2\/media?parent=98203"}],"wp:term":[{"taxonomy":"category","embeddable":true,"href":"http:\/\/hoycordobaweb.com\/index.php\/wp-json\/wp\/v2\/categories?post=98203"},{"taxonomy":"post_tag","embeddable":true,"href":"http:\/\/hoycordobaweb.com\/index.php\/wp-json\/wp\/v2\/tags?post=98203"}],"curies":[{"name":"wp","href":"https:\/\/api.w.org\/{rel}","templated":true}]}}