{"id":98125,"date":"2025-02-25T12:13:17","date_gmt":"2025-02-25T12:13:17","guid":{"rendered":"https:\/\/enfermeria.fcm.unc.edu.ar\/?p=5391"},"modified":"2025-02-25T12:13:17","modified_gmt":"2025-02-25T12:13:17","slug":"importante-cambio-de-modalidad-desde-17-al-21-de-marzo-del-2025","status":"publish","type":"post","link":"http:\/\/hoycordobaweb.com\/index.php\/2025\/02\/25\/importante-cambio-de-modalidad-desde-17-al-21-de-marzo-del-2025\/","title":{"rendered":"Importante! CAMBIO DE MODALIDAD Desde 17 al 21 de marzo del 2025"},"content":{"rendered":"<div class=\"post-content\" readability=\"42.389658356417\">\n<p><strong><em>CAMBIO DE MODALIDAD <\/em><\/strong><\/p>\n<p>La Secretar\u00eda Acad\u00e9mica, Comisi\u00f3n de Seguimiento Acad\u00e9mico y el \u00c1rea de Educaci\u00f3n a Distancia informan que desde el&nbsp;<strong> 17 al 21 de marzo<\/strong> de 09:00 a 12:00 horas se llevar\u00e1 a cabo la recepci\u00f3n de documentaci\u00f3n para quienes deseen optar por el <strong>Cambio de modalidad<\/strong> para comenzar el Ciclo lectivo 2025.<\/p>\n<p>Para realizarlo, deben presentar el formulario solicitud de cambio de modalidad&nbsp; por duplicado y copia del historial acad\u00e9mico en la Oficina de Educaci\u00f3n a Distancia, el cual pueden descargar por el link que se adjunta a continuaci\u00f3n.<\/p>\n<p><strong>IMPORTANTE<\/strong><\/p>\n<ul>\n<li>Solo podr\u00e1n cambiarse de modalidad quienes <strong>no hayan <\/strong>cursado el cuarto a\u00f1o y que lo deseen comenzar a partir de este ciclo.<\/li>\n<li>Quienes ya han cursado alguna asignatura de la Licenciatura deber\u00e1n <strong>tener aprobado<\/strong> el cuarto a\u00f1o y all\u00ed, optar por cambiar de modalidad tal como lo establece la reglamentaci\u00f3n vigente (RHCD-2024-786-E-UNC-DEC#DIR-EE)<\/li>\n<\/ul>\n<p>Para descargar la documentaci\u00f3n ingrese&nbsp;aqu\u00ed:&nbsp;<a href=\"https:\/\/linktr.ee\/seguimientoacademico\">https:\/\/linktr.ee\/seguimientoacademico<\/a><\/p>\n<p>Por dudas y\/o consultas: <a href=\"mailto:seguimiento.academico@enfermeria.fcm.unc.edu.ar\">seguimiento.academico@enfermeria.fcm.unc.edu.ar<\/a><\/p>\n<p><img loading=\"lazy\" fetchpriority=\"high\" decoding=\"async\" class=\"alignnone size-large wp-image-5392\" src=\"https:\/\/enfermeria.fcm.unc.edu.ar\/wp-content\/uploads\/sites\/15\/2025\/02\/CAMBIO-MODALIDAD-1024x576.png\" alt width=\"1024\" height=\"576\" srcset=\"https:\/\/enfermeria.fcm.unc.edu.ar\/wp-content\/uploads\/sites\/15\/2025\/02\/CAMBIO-MODALIDAD-200x113.png 200w, https:\/\/enfermeria.fcm.unc.edu.ar\/wp-content\/uploads\/sites\/15\/2025\/02\/CAMBIO-MODALIDAD-300x169.png 300w, https:\/\/enfermeria.fcm.unc.edu.ar\/wp-content\/uploads\/sites\/15\/2025\/02\/CAMBIO-MODALIDAD-400x225.png 400w, https:\/\/enfermeria.fcm.unc.edu.ar\/wp-content\/uploads\/sites\/15\/2025\/02\/CAMBIO-MODALIDAD-600x338.png 600w, https:\/\/enfermeria.fcm.unc.edu.ar\/wp-content\/uploads\/sites\/15\/2025\/02\/CAMBIO-MODALIDAD-768x432.png 768w, https:\/\/enfermeria.fcm.unc.edu.ar\/wp-content\/uploads\/sites\/15\/2025\/02\/CAMBIO-MODALIDAD-800x450.png 800w, https:\/\/enfermeria.fcm.unc.edu.ar\/wp-content\/uploads\/sites\/15\/2025\/02\/CAMBIO-MODALIDAD-1024x576.png 1024w, https:\/\/enfermeria.fcm.unc.edu.ar\/wp-content\/uploads\/sites\/15\/2025\/02\/CAMBIO-MODALIDAD-1200x675.png 1200w, https:\/\/enfermeria.fcm.unc.edu.ar\/wp-content\/uploads\/sites\/15\/2025\/02\/CAMBIO-MODALIDAD-1536x864.png 1536w, https:\/\/enfermeria.fcm.unc.edu.ar\/wp-content\/uploads\/sites\/15\/2025\/02\/CAMBIO-MODALIDAD.png 1920w\" sizes=\"(max-width: 1024px) 100vw, 1024px\"><\/p>\n<\/p><\/div>\n","protected":false},"excerpt":{"rendered":"<p>CAMBIO DE MODALIDAD La Secretar\u00eda Acad\u00e9mica, Comisi\u00f3n de Seguimiento Acad\u00e9mico y el \u00c1rea de Educaci\u00f3n a Distancia informan que desde el&nbsp; 17 al 21 de marzo de 09:00 a 12:00 horas se llevar\u00e1 a cabo la recepci\u00f3n de documentaci\u00f3n para quienes deseen optar por el Cambio de modalidad para comenzar el Ciclo lectivo 2025. Para [&hellip;]<\/p>\n","protected":false},"author":1,"featured_media":98126,"comment_status":"closed","ping_status":"closed","sticky":false,"template":"","format":"standard","meta":[],"categories":[17],"tags":[],"_links":{"self":[{"href":"http:\/\/hoycordobaweb.com\/index.php\/wp-json\/wp\/v2\/posts\/98125"}],"collection":[{"href":"http:\/\/hoycordobaweb.com\/index.php\/wp-json\/wp\/v2\/posts"}],"about":[{"href":"http:\/\/hoycordobaweb.com\/index.php\/wp-json\/wp\/v2\/types\/post"}],"author":[{"embeddable":true,"href":"http:\/\/hoycordobaweb.com\/index.php\/wp-json\/wp\/v2\/users\/1"}],"replies":[{"embeddable":true,"href":"http:\/\/hoycordobaweb.com\/index.php\/wp-json\/wp\/v2\/comments?post=98125"}],"version-history":[{"count":0,"href":"http:\/\/hoycordobaweb.com\/index.php\/wp-json\/wp\/v2\/posts\/98125\/revisions"}],"wp:featuredmedia":[{"embeddable":true,"href":"http:\/\/hoycordobaweb.com\/index.php\/wp-json\/wp\/v2\/media\/98126"}],"wp:attachment":[{"href":"http:\/\/hoycordobaweb.com\/index.php\/wp-json\/wp\/v2\/media?parent=98125"}],"wp:term":[{"taxonomy":"category","embeddable":true,"href":"http:\/\/hoycordobaweb.com\/index.php\/wp-json\/wp\/v2\/categories?post=98125"},{"taxonomy":"post_tag","embeddable":true,"href":"http:\/\/hoycordobaweb.com\/index.php\/wp-json\/wp\/v2\/tags?post=98125"}],"curies":[{"name":"wp","href":"https:\/\/api.w.org\/{rel}","templated":true}]}}