{"id":98121,"date":"2025-02-27T03:22:00","date_gmt":"2025-02-27T03:22:00","guid":{"rendered":"http:\/\/hoycordobaweb.com\/index.php\/2025\/02\/27\/la-corte-suprema-definira-la-semana-proxima-el-ingreso-de-lijo-y-garcia-mansilla\/"},"modified":"2025-02-27T03:22:00","modified_gmt":"2025-02-27T03:22:00","slug":"la-corte-suprema-definira-la-semana-proxima-el-ingreso-de-lijo-y-garcia-mansilla","status":"publish","type":"post","link":"http:\/\/hoycordobaweb.com\/index.php\/2025\/02\/27\/la-corte-suprema-definira-la-semana-proxima-el-ingreso-de-lijo-y-garcia-mansilla\/","title":{"rendered":"La Corte Suprema definir\u00e1 la semana pr\u00f3xima el ingreso de Lijo y Garc\u00eda-Mansilla"},"content":{"rendered":"<div class=\"media_block\"><\/div>\n<div><img src=\"http:\/\/hoycordobaweb.com\/wp-content\/uploads\/2025\/02\/la-corte-suprema-definira-la-semana-proxima-el-ingreso-de-lijo-y-garcia-mansilla.jpg\" class=\"ff-og-image-inserted\"><\/div>\n<p>Los tres integrantes de la <a target=\"_blank\" href=\"https:\/\/www.perfil.com\/noticias\/judiciales\/la-camara-federal-le-dio-licencia-como-juez-a-ariel-lijo-para-que-asuma-en-la-corte-suprema-en-comision.phtml\" rel=\"noopener noreferrer\"><strong>Corte Suprema de Justicia de la Naci\u00f3n<\/strong><\/a> comenzar\u00e1n a tratar este jueves la llegada de los dos jueces designados en \u201ccomisi\u00f3n\u201d por el presidente <a target=\"_blank\" href=\"https:\/\/www.perfil.com\/noticias\/economia\/volvio-a-caer-la-confianza-en-el-gobierno-de-javier-milei-segun-la-universidad-torcuato-di-tella.phtml\" rel=\"noopener noreferrer\"><strong>Javier Milei<\/strong><\/a>, pero no habr\u00eda una decisi\u00f3n definitiva hasta el pr\u00f3ximo encuentro, en la<strong> primera semana de marzo<\/strong>.<\/p>\n<p><strong> <a target=\"_blank\" href=\"https:\/\/www.perfil.com\/noticias\/politica\/ariel-lijo-el-juez-que-milei-quiere-para-una-corte-suprema-alineada-a-los-valores-dela-libertad.phtml\" rel=\"noopener noreferrer\">Ariel Lijo<\/a> y <a target=\"_blank\" href=\"https:\/\/www.perfil.com\/noticias\/politica\/corte-suprema-el-pro-anticipo-que-rechazara-la-designacion-por-decreto-de-ariel-lijo.phtml\" rel=\"noopener noreferrer\">Manuel Garc\u00eda-Mansilla<\/a><\/strong> no estar\u00edan presentes este s\u00e1bado en el discurso de Javier Milei durante la apertura de las <strong>sesiones ordinarias del Congreso<\/strong>, al menos si se mantiene la tradici\u00f3n de que solo puedan participar del juramento las actuales autoridades del m\u00e1ximo tribunal.<\/p>\n<p>Fuentes del Palacio de Justicia confirmaron a la agencia <em>Noticias Argentinas<\/em> que \u201cla semana pr\u00f3xima se tratar\u00e1n\u201d las nominaciones, pero <strong>no adelantaron cu\u00e1l ser\u00e1 su posici\u00f3n<\/strong> ante el decreto presidencial.<\/p>\n<div class=\"subscription\" readability=\"6.683257918552\">\n<p> Esto no les gusta a los autoritarios <\/p>\n<div class=\"subscription__container\" readability=\"6.1467391304348\">\n<div class=\"subscription__text-wrapper\" readability=\"31.20652173913\">\n<p> El ejercicio del periodismo profesional y cr\u00edtico es un pilar fundamental de la democracia. Por eso molesta a quienes creen ser los due\u00f1os de la verdad. <\/p>\n<\/p><\/div><\/div><\/div>\n<p>Lijo, designado juez de la Corte en comisi\u00f3n hasta fin de a\u00f1o, asegura que <strong>no va renunciar<\/strong> a su cargo como juez federal de primera instancia para jurar en el m\u00e1ximo tribunal, por ese motivo, para asumir su nuevo cargo<strong> es esencial que la Corte avale su licencia<\/strong>, ya sea por acci\u00f3n u omisi\u00f3n.<\/p>\n<p>En declaraciones a radio <em>Rivadavia<\/em>, el jefe de Gabinete, <strong>Guillermo Francos<\/strong>, justific\u00f3 la designaci\u00f3n por decreto de Lijo y Garc\u00eda-Mansilla: \u201cEl decreto f<strong>ue porque no hubo acuerdo, no porque no tuvi\u00e9ramos los votos<\/strong>. Siempre hay tironeos en la pol\u00edtica\u201d, sostuvo. <\/p>\n<h2>La licencia del juez federal Ariel Lijo<\/h2>\n<p>Este mi\u00e9rcoles, alrededor de las 16, la <strong>C\u00e1mara Federal porte\u00f1a<\/strong> acept\u00f3 conceder una \u00ab<strong>licencia extraordinaria sin goce de haberes <\/strong>para asumir como Ministro de la Corte Suprema de Justicia de la Naci\u00f3n, en virtud de la designaci\u00f3n en los t\u00e9rminos del art\u00edculo 99, incs. 4\u00b0 y 19\u00b0 de la Constituci\u00f3n Nacional, efectuada por decreto del Poder Ejecutivo Nacional N\u00b0 137\/2025 del 25\/2\/2025&#8243; a <strong>Ariel Lijo. <\/strong>La licencia lleva<strong> <\/strong>las firmas del presidente del Tribunal, Mariano Llorens, y de Roberto Boico, Leopoldo Bruglia, Pablo Bertuzzi, Eduardo Farah y Mart\u00edn Irurzun.<\/p>\n<p><em>HM\/ML<\/em><\/p>\n","protected":false},"excerpt":{"rendered":"<p>Los tres integrantes de la Corte Suprema de Justicia de la Naci\u00f3n comenzar\u00e1n a tratar este jueves la llegada de los dos jueces designados en \u201ccomisi\u00f3n\u201d por el presidente Javier Milei, pero no habr\u00eda una decisi\u00f3n definitiva hasta el pr\u00f3ximo encuentro, en la primera semana de marzo. Ariel Lijo y Manuel Garc\u00eda-Mansilla no estar\u00edan presentes [&hellip;]<\/p>\n","protected":false},"author":1,"featured_media":98122,"comment_status":"closed","ping_status":"closed","sticky":false,"template":"","format":"standard","meta":[],"categories":[19],"tags":[998,1000,170,80,999],"_links":{"self":[{"href":"http:\/\/hoycordobaweb.com\/index.php\/wp-json\/wp\/v2\/posts\/98121"}],"collection":[{"href":"http:\/\/hoycordobaweb.com\/index.php\/wp-json\/wp\/v2\/posts"}],"about":[{"href":"http:\/\/hoycordobaweb.com\/index.php\/wp-json\/wp\/v2\/types\/post"}],"author":[{"embeddable":true,"href":"http:\/\/hoycordobaweb.com\/index.php\/wp-json\/wp\/v2\/users\/1"}],"replies":[{"embeddable":true,"href":"http:\/\/hoycordobaweb.com\/index.php\/wp-json\/wp\/v2\/comments?post=98121"}],"version-history":[{"count":0,"href":"http:\/\/hoycordobaweb.com\/index.php\/wp-json\/wp\/v2\/posts\/98121\/revisions"}],"wp:featuredmedia":[{"embeddable":true,"href":"http:\/\/hoycordobaweb.com\/index.php\/wp-json\/wp\/v2\/media\/98122"}],"wp:attachment":[{"href":"http:\/\/hoycordobaweb.com\/index.php\/wp-json\/wp\/v2\/media?parent=98121"}],"wp:term":[{"taxonomy":"category","embeddable":true,"href":"http:\/\/hoycordobaweb.com\/index.php\/wp-json\/wp\/v2\/categories?post=98121"},{"taxonomy":"post_tag","embeddable":true,"href":"http:\/\/hoycordobaweb.com\/index.php\/wp-json\/wp\/v2\/tags?post=98121"}],"curies":[{"name":"wp","href":"https:\/\/api.w.org\/{rel}","templated":true}]}}