{"id":98101,"date":"2025-02-26T11:52:55","date_gmt":"2025-02-26T11:52:55","guid":{"rendered":"https:\/\/www.ole.com.ar\/boca-juniors\/reaccion-medios-peruanos-eliminacion-boca-alianza-silencio-bombonera_0_Vd74hfTavD.html"},"modified":"2025-02-26T11:52:55","modified_gmt":"2025-02-26T11:52:55","slug":"la-reaccion-de-los-medios-peruanos-tras-la-eliminacion-de-boca-alianza-silencio-la-bombonera","status":"publish","type":"post","link":"http:\/\/hoycordobaweb.com\/index.php\/2025\/02\/26\/la-reaccion-de-los-medios-peruanos-tras-la-eliminacion-de-boca-alianza-silencio-la-bombonera\/","title":{"rendered":"La reacci\u00f3n de los medios peruanos tras la eliminaci\u00f3n de Boca: \u00abAlianza silenci\u00f3 La Bombonera\u00bb"},"content":{"rendered":"<p><img src=\"http:\/\/hoycordobaweb.com\/wp-content\/uploads\/2025\/02\/la-reaccion-de-los-medios-peruanos-tras-la-eliminacion-de-boca-alianza-silencio-la-bombonera.jpg\"><\/p>\n<p><time class=\"createDate\" datetime=\"2025-02-26T08:52:55-03:00\">26\/02\/2025 08:52hs.<\/time><\/p>\n<div id=\"storyBody\">\n<div class=\"custom-text \" readability=\"34.638069705094\">\n<p><strong>Hizo historia\u00bb<\/strong>,<strong> <\/strong>fue la frase que m\u00e1s se ley\u00f3 durante la noche del martes y las<strong> <\/strong>primeras horas del mi\u00e9rcoles en los principales medios deportivos de Per\u00fa. Y no es para menos: <strong><a href=\"https:\/\/www.ole.com.ar\/tema\/alianza-lima.html\" title=\"Alianza Lima\" alt=\"Alianza Lima\" class=\"slug\">Alianza Lima<\/a><\/strong> venci\u00f3 por penales a <strong><a href=\"https:\/\/www.ole.com.ar\/tema\/boca-juniors.html\" title=\"Boca Juniors\" alt=\"Boca Juniors\" class=\"slug\">Boca <\/a><\/strong>en la Bombonera y, no s\u00f3lo se clasific\u00f3 a la Fase 3 de la <strong><a href=\"https:\/\/www.ole.com.ar\/tema\/copa-libertadores.html\" title=\"Copa Libertadores\" alt=\"Copa Libertadores\" class=\"slug\">Copa Libertadores<\/a><\/strong>, sino que encima <strong>dej\u00f3 en el camino a uno de los m\u00e1s grandes de Sudam\u00e9rica. <\/strong><\/p>\n<\/div>\n<div class=\"custom-text \" readability=\"38\">\n<p>Algunos, claro, fueron un poco m\u00e1s all\u00e1, como el diario El Comercio, que utiliz\u00f3 un t\u00edtulo a\u00fan m\u00e1s fuerte para graficar el batacazo: <strong>\u00abAlianza silenci\u00f3 La Bombonera: \u00edntimos derrotaron por penales a Boca por Copa Libertadores\u00bb. <\/strong><\/p>\n<\/div>\n<div class=\"sc-e7b891c4-0 ifHnQL image-embed\"><img alt=\"As\u00ed reaccion\u00f3 El Comercio a la eliminaci\u00f3n de Boca y el pase de Fase de Alianza Lima.\" loading=\"lazy\" width=\"720\" height=\"100\" decoding=\"async\" data-nimg=\"1\" src=\"http:\/\/hoycordobaweb.com\/wp-content\/uploads\/2025\/02\/la-reaccion-de-los-medios-peruanos-tras-la-eliminacion-de-boca-alianza-silencio-la-bombonera-2.jpg\"><span class=\"epigraphe\">As\u00ed reaccion\u00f3 El Comercio a la eliminaci\u00f3n de Boca y el pase de Fase de Alianza Lima.<\/span><\/div>\n<div class=\"custom-text \" readability=\"38\">\n<p>Por el lado de Depor, otros de los diarios deportivos m\u00e1s importantes del pa\u00eds, destacaron la importancia que tuvo para el f\u00fatbol peruano este triunfo de los Blanquiazules: <strong>\u00abAlianza Lima es el Per\u00fa: Elimin\u00f3 5-4 en la tanda de penales en la Bombonera\u00bb. Adem\u00e1s, ya en la nota remarcaron que Alianza Lima elimin\u00f3 \u00abal equipo de Fernando Gago en lo que es un partido para la historia del f\u00fatbol peruano\u00bb.-<\/strong><\/p>\n<\/div>\n<div class=\"sc-e7b891c4-0 ifHnQL image-embed\"><img alt=\"La portada de Depor, tras el triunfo por penales de Alianza Lima.\" loading=\"lazy\" width=\"720\" height=\"100\" decoding=\"async\" data-nimg=\"1\" src=\"http:\/\/hoycordobaweb.com\/wp-content\/uploads\/2025\/02\/la-reaccion-de-los-medios-peruanos-tras-la-eliminacion-de-boca-alianza-silencio-la-bombonera-3.jpg\"><span class=\"epigraphe\">La portada de Depor, tras el triunfo por penales de Alianza Lima.<\/span><\/div>\n<div class=\"custom-text \" readability=\"36\">\n<p>L\u00edbero tambi\u00e9n hizo foto en lo hist\u00f3rico de este partido y titul\u00f3: <strong>\u00ab\u00a1Alianza Lima hizo historia en La Bombonera! Elimin\u00f3 a Boca Juniors de la Copa Libertadores\u00bb.<\/strong> En el texto principal, detallaron: \u00abAlianza Lima celebra en La Bombonera. El cuadro blanquiazul gan\u00f3 5-4 a Boca Juniors en la definici\u00f3n por penales y clasific\u00f3 a la Fase 3 de la Copa Libertadores\u00bb. <\/p>\n<\/div>\n<div class=\"sc-e7b891c4-0 ifHnQL image-embed\"><img alt=\"As\u00ed reaccion\u00f3 L\u00edbero a la eliminaci\u00f3n de Boca y el pase de Fase de Alianza Lima.\" loading=\"lazy\" width=\"720\" height=\"100\" decoding=\"async\" data-nimg=\"1\" src=\"http:\/\/hoycordobaweb.com\/wp-content\/uploads\/2025\/02\/la-reaccion-de-los-medios-peruanos-tras-la-eliminacion-de-boca-alianza-silencio-la-bombonera-4.jpg\"><span class=\"epigraphe\">As\u00ed reaccion\u00f3 L\u00edbero a la eliminaci\u00f3n de Boca y el pase de Fase de Alianza Lima.<\/span><\/div>\n<div class=\"custom-text \" readability=\"37\">\n<p>El t\u00edtulo principal de la portada de Per\u00fa 21, a esta hora del mi\u00e9rcoles es: <strong>\u00abHIST\u00d3RICO: Alianza Lima elimin\u00f3 a Boca Juniors por penales en Libertadores\u00bb<\/strong>. Dentro de la nota, el t\u00edtulo ya fue un poco m\u00e1s jugado: \u00ab<strong>A pedir de Boca: Alianza Lima elimin\u00f3 a Boca Juniors por penales en Libertadores\u00bb. <\/strong><\/p>\n<\/div>\n<div class=\"sc-e7b891c4-0 ifHnQL image-embed\"><img alt=\"As\u00ed reaccion\u00f3 Per\u00fa 21 a la eliminaci\u00f3n de Boca y el pase de Fase de Alianza Lima.\" loading=\"lazy\" width=\"720\" height=\"100\" decoding=\"async\" data-nimg=\"1\" src=\"http:\/\/hoycordobaweb.com\/wp-content\/uploads\/2025\/02\/la-reaccion-de-los-medios-peruanos-tras-la-eliminacion-de-boca-alianza-silencio-la-bombonera-5.jpg\"><span class=\"epigraphe\">As\u00ed reaccion\u00f3 Per\u00fa 21 a la eliminaci\u00f3n de Boca y el pase de Fase de Alianza Lima.<\/span><\/div>\n<div class=\"custom-text \" readability=\"34\">\n<p>\u00ab<strong>Guillermo Viscarra ataj\u00f3 el \u00faltimo penal y dej\u00f3 en silencio a La Bombonera. Los \u00edntimos pasan a la Fase 3 y dejan en el camino a los Xeneizes\u00bb,<\/strong> remarcaron en la bajada. <\/p>\n<\/div>\n<div class=\"custom-text \" readability=\"35\">\n<p>Por el lado de La Rep\u00fablica, titul\u00f3: \u00ab<strong>Alianza hace historia en La Bombonera: elimin\u00f3 a Boca de la Libertadores y avanz\u00f3 a fase 3&#8243;. <\/strong>Y El Diez tambi\u00e9n public\u00f3: <strong>\u00abAlianza Lima hizo historia en La Bombonera y elimin\u00f3 a Boca Juniors de la Copa Libertadores\u00bb. <\/strong><\/p>\n<\/div>\n<div class=\"sc-e7b891c4-0 ifHnQL image-embed\"><img alt=\"As\u00ed reaccion\u00f3 La Rep\u00fablica a la eliminaci\u00f3n de Boca y el pase de Fase de Alianza Lima.\" loading=\"lazy\" width=\"720\" height=\"100\" decoding=\"async\" data-nimg=\"1\" src=\"http:\/\/hoycordobaweb.com\/wp-content\/uploads\/2025\/02\/la-reaccion-de-los-medios-peruanos-tras-la-eliminacion-de-boca-alianza-silencio-la-bombonera-6.jpg\"><span class=\"epigraphe\">As\u00ed reaccion\u00f3 La Rep\u00fablica a la eliminaci\u00f3n de Boca y el pase de Fase de Alianza Lima.<\/span><\/div>\n<div class=\"sc-e7b891c4-0 ifHnQL image-embed\"><img alt=\"As\u00ed reaccion\u00f3 El Diez a la eliminaci\u00f3n de Boca y el pase de Fase de Alianza Lima.\" loading=\"lazy\" width=\"720\" height=\"100\" decoding=\"async\" data-nimg=\"1\" src=\"http:\/\/hoycordobaweb.com\/wp-content\/uploads\/2025\/02\/la-reaccion-de-los-medios-peruanos-tras-la-eliminacion-de-boca-alianza-silencio-la-bombonera-7.jpg\"><span class=\"epigraphe\">As\u00ed reaccion\u00f3 El Diez a la eliminaci\u00f3n de Boca y el pase de Fase de Alianza Lima.<\/span><\/div>\n<div class=\"sc-a7166897-0 eoLsBE\" readability=\"6\">\n<section readability=\"2\"><picture><img alt=\"La sentencia de Gago sobre su futuro tras la eliminaci\u00f3n de la Libertadores\" loading=\"lazy\" width=\"290\" height=\"290\" decoding=\"async\" data-nimg=\"1\" src=\"http:\/\/hoycordobaweb.com\/wp-content\/uploads\/2025\/02\/la-reaccion-de-los-medios-peruanos-tras-la-eliminacion-de-boca-alianza-silencio-la-bombonera-8.jpg\"><\/picture>\n<p><span>Mir\u00e1 tambi\u00e9n<\/span><\/p>\n<hr>\n<h3>La sentencia de Gago sobre su futuro tras la eliminaci\u00f3n de la Libertadores<\/h3>\n<\/p>\n<\/section>\n<\/div>\n<div class=\"sc-a7166897-0 eoLsBE\" readability=\"6.5\">\n<section readability=\"3\"><picture><img alt=\"&quot;Fue puro biri biri&quot;: Alianza Lima chicane\u00f3 a Boca tras eliminarlo de la Libertadores\" loading=\"lazy\" width=\"290\" height=\"290\" decoding=\"async\" data-nimg=\"1\" src=\"http:\/\/hoycordobaweb.com\/wp-content\/uploads\/2025\/02\/la-reaccion-de-los-medios-peruanos-tras-la-eliminacion-de-boca-alianza-silencio-la-bombonera-9.jpg\"><\/picture>\n<p><span>Mir\u00e1 tambi\u00e9n<\/span><\/p>\n<hr>\n<h3>\u00abFue puro biri biri\u00bb: Alianza Lima chicane\u00f3 a Boca tras eliminarlo de la Libertadores<\/h3>\n<\/p>\n<\/section>\n<\/div>\n<div class=\"sc-a7166897-0 eoLsBE\" readability=\"6\">\n<section readability=\"2\"><picture><img alt=\"La chicana de D'Onofrio a Boca tras la eliminaci\u00f3n\" loading=\"lazy\" width=\"290\" height=\"290\" decoding=\"async\" data-nimg=\"1\" src=\"http:\/\/hoycordobaweb.com\/wp-content\/uploads\/2025\/02\/la-reaccion-de-los-medios-peruanos-tras-la-eliminacion-de-boca-alianza-silencio-la-bombonera-10.jpg\"><\/picture>\n<p><span>Mir\u00e1 tambi\u00e9n<\/span><\/p>\n<hr>\n<h3>La chicana de D&#8217;Onofrio a Boca tras la eliminaci\u00f3n<\/h3>\n<\/p>\n<\/section>\n<\/div>\n<\/div>\n","protected":false},"excerpt":{"rendered":"<p>26\/02\/2025 08:52hs. Hizo historia\u00bb, fue la frase que m\u00e1s se ley\u00f3 durante la noche del martes y las primeras horas del mi\u00e9rcoles en los principales medios deportivos de Per\u00fa. Y no es para menos: Alianza Lima venci\u00f3 por penales a Boca en la Bombonera y, no s\u00f3lo se clasific\u00f3 a la Fase 3 de la [&hellip;]<\/p>\n","protected":false},"author":1,"featured_media":98102,"comment_status":"open","ping_status":"closed","sticky":false,"template":"","format":"standard","meta":[],"categories":[16],"tags":[],"_links":{"self":[{"href":"http:\/\/hoycordobaweb.com\/index.php\/wp-json\/wp\/v2\/posts\/98101"}],"collection":[{"href":"http:\/\/hoycordobaweb.com\/index.php\/wp-json\/wp\/v2\/posts"}],"about":[{"href":"http:\/\/hoycordobaweb.com\/index.php\/wp-json\/wp\/v2\/types\/post"}],"author":[{"embeddable":true,"href":"http:\/\/hoycordobaweb.com\/index.php\/wp-json\/wp\/v2\/users\/1"}],"replies":[{"embeddable":true,"href":"http:\/\/hoycordobaweb.com\/index.php\/wp-json\/wp\/v2\/comments?post=98101"}],"version-history":[{"count":0,"href":"http:\/\/hoycordobaweb.com\/index.php\/wp-json\/wp\/v2\/posts\/98101\/revisions"}],"wp:featuredmedia":[{"embeddable":true,"href":"http:\/\/hoycordobaweb.com\/index.php\/wp-json\/wp\/v2\/media\/98102"}],"wp:attachment":[{"href":"http:\/\/hoycordobaweb.com\/index.php\/wp-json\/wp\/v2\/media?parent=98101"}],"wp:term":[{"taxonomy":"category","embeddable":true,"href":"http:\/\/hoycordobaweb.com\/index.php\/wp-json\/wp\/v2\/categories?post=98101"},{"taxonomy":"post_tag","embeddable":true,"href":"http:\/\/hoycordobaweb.com\/index.php\/wp-json\/wp\/v2\/tags?post=98101"}],"curies":[{"name":"wp","href":"https:\/\/api.w.org\/{rel}","templated":true}]}}