{"id":98019,"date":"2025-02-25T16:20:14","date_gmt":"2025-02-25T16:20:14","guid":{"rendered":"https:\/\/www.mujerhoy.com\/moda\/tendencias\/collares-maximalistas-tendenci-chunky-originales-unode50-aristocrazy-sezane-parfois-20250225171834-nt.html"},"modified":"2025-02-25T16:20:14","modified_gmt":"2025-02-25T16:20:14","slug":"los-collares-maximalistas-estan-de-moda-porque-elevan-cualquier-look-basico-y-son-muy-originales","status":"publish","type":"post","link":"http:\/\/hoycordobaweb.com\/index.php\/2025\/02\/25\/los-collares-maximalistas-estan-de-moda-porque-elevan-cualquier-look-basico-y-son-muy-originales\/","title":{"rendered":"Los collares maximalistas est\u00e1n de moda porque elevan cualquier look b\u00e1sico y son muy originales"},"content":{"rendered":"<p><!-- AUTHOR --> <\/p>\n<div class=\"voc-author-timesocial \"> <!-- AUTHOR --> <\/p>\n<div class=\"voc-author-timesocial__signature \">\n<div class=\"voc-author-timesocial__img-c\"> <!-- IMAGE AUTHOR --> <picture class=\"voc-image-signature\"> <img class=\"voc-image-signature__img\" src=\"http:\/\/hoycordobaweb.com\/wp-content\/uploads\/2025\/02\/los-collares-maximalistas-estan-de-moda-porque-elevan-cualquier-look-basico-y-son-muy-originales.jpg\" alt=\"Patricia Mart\u00edn\"> <\/picture> <\/div>\n<p> <!-- INFO AUTHOR --> <\/div><\/div>\n<p> <!-- COMPONENTS --> <\/p>\n<p class=\"voc-paragraph\" data-mrf-recirculation=\"Link art\u00edculo\"><strong>La joyer\u00eda <\/strong>se ha vuelto un must en todos mis looks. Ya sea para el d\u00eda a d\u00eda, o para un evento especial, nunca salgo de casa sin completar el estilismo con complementos como<br \/>\n<a data-voc-vtm-id=\"in-text-traffic\" href=\"https:\/\/www.mujerhoy.com\/moda\/tendencias\/tendencias-joyas-pendientes-anillos-collares-que-comprare-20240121135947-nt.html\" data-mrf-link=\"https:\/\/www.mujerhoy.com\/moda\/tendencias\/tendencias-joyas-pendientes-anillos-collares-que-comprare-20240121135947-nt.html\"> anillos, pendientes o collares.<\/a> Da igual lo que lleves, que si a\u00f1ades la joya adecuada te ver\u00e1s mucho m\u00e1s elegante y mejor vestida al instante. <\/p>\n<p class=\"voc-paragraph\" data-mrf-recirculation=\"Link art\u00edculo\">Esta temporada <a data-voc-vtm-id=\"in-text-traffic\" href=\"https:\/\/www.mujerhoy.com\/moda\/tendencias\/maxi-collar-grande-tendencia-accesorio-maxima-holanda-20240914130452-nt.html\" data-mrf-link=\"https:\/\/www.mujerhoy.com\/moda\/tendencias\/maxi-collar-grande-tendencia-accesorio-maxima-holanda-20240914130452-nt.html\">estoy obsesionada con los collares,<\/a> y cuanto m\u00e1s maximalistas sean mejor. Las cadenas grandes y gruesas van a ser las protagonistas del street style,<br \/>\n<strong> con eslabones y charms<\/strong> de diferentes estilos y colores. Perfectos para llevar con prendas b\u00e1sicas, como un vestido en un color neutro, una camisa blanca o un jersey finito.\n<\/p>\n<p class=\"voc-paragraph\" data-mrf-recirculation=\"Link art\u00edculo\">Mi consejo es atreverse a combinar diferentes estilos de collares. Jugar con los tama\u00f1os, los modelos, el material e incluso los colores. Un<br \/>\n<strong> truco de estilo <\/strong>que utilizan las mujeres m\u00e1s estilosas y que le da un toque diferente a tus looks. <\/p>\n<p><h3 class=\"voc-detail__title\"> Los collares m\u00e1s bonitos de la temporada<br \/>\n<\/h3>\n<\/p>\n<p class=\"voc-paragraph\" data-mrf-recirculation=\"Link art\u00edculo\">Confieso que, con los a\u00f1os, mi colecci\u00f3n de collares ha ido creciendo poco a poco, y cada a\u00f1o intento <strong>invertir en una pieza nueva de calidad<\/strong>, que sepa que me va a durar muchos a\u00f1os y que voy a utilizar en mi d\u00eda a d\u00eda. De cara a la nueva temporada, ya tengo fichados varios modelos que, tarde o temprano, a\u00f1adir\u00e9 a mi joyero.\n<\/p>\n<div class=\"voc-detail-photo-zoom\"> <picture data-toggle=\"modal\" data-target=\"#photoZoomModal-480\" target=\"modal\">\n<div class=\"voc-img-icon-link\"> <img loading=\"lazy\" src=\"http:\/\/hoycordobaweb.com\/wp-content\/uploads\/2025\/02\/los-collares-maximalistas-estan-de-moda-porque-elevan-cualquier-look-basico-y-son-muy-originales-1.jpg\" width=\"650\" height=\"900\" alt=\"Collares maximalistas (UNODE50)\"> <noscript> <img src=\"http:\/\/hoycordobaweb.com\/wp-content\/uploads\/2025\/02\/los-collares-maximalistas-estan-de-moda-porque-elevan-cualquier-look-basico-y-son-muy-originales-1.jpg\" alt=\"Collares maximalistas (UNODE50)\"> <\/noscript> <i class=\"voc-icons zoom voc-multimedia-box voc-ico-l\"><\/i> <\/div><figcaption class=\"figure-caption\">Collares maximalistas (UNODE50)<\/figcaption><\/picture>\n<\/div>\n<div id=\"photoZoomModal-480\" class=\"voc-lightbox modal fade voc-lightbox--photo-zoom\" role=\"dialog\" data-voc-photozoom-lightbox>\n<div class=\"voc-lightbox__dialog\" role=\"document\">\n<div class=\"voc-lightbox__content\"> <!-- Modal header --> <!-- Modal content --> <\/p>\n<div class=\"voc-lightbox__photo-container\"> <picture class> <img loading=\"lazy\" src=\"http:\/\/hoycordobaweb.com\/wp-content\/uploads\/2025\/02\/los-collares-maximalistas-estan-de-moda-porque-elevan-cualquier-look-basico-y-son-muy-originales-1.jpg\" alt=\"Collares maximalistas (UNODE50)\"> <noscript> <img src=\"http:\/\/hoycordobaweb.com\/wp-content\/uploads\/2025\/02\/los-collares-maximalistas-estan-de-moda-porque-elevan-cualquier-look-basico-y-son-muy-originales-1.jpg\" alt=\"Collares maximalistas (UNODE50)\"> <\/noscript> <\/picture> <\/div><\/div><\/div>\n<\/div>\n<p class=\"voc-paragraph\" data-mrf-recirculation=\"Link art\u00edculo\">Empezamos por <strong>este collar de UNOde50,<\/strong> que \u00faltimamente tiene unas piezas incre\u00edbles. Un dise\u00f1o de grandes eslabones ovalados, cada uno con un gran cristal facetado en su interior, color gris verdoso y gris plateado. El cierre de mosquet\u00f3n permite ajustarlo a la medida deseada (279,00 \u20ac). <\/p>\n<div class=\"voc-detail-photo-zoom\"> <picture data-toggle=\"modal\" data-target=\"#photoZoomModal-435\" target=\"modal\">\n<div class=\"voc-img-icon-link\"> <img loading=\"lazy\" src=\"http:\/\/hoycordobaweb.com\/wp-content\/uploads\/2025\/02\/los-collares-maximalistas-estan-de-moda-porque-elevan-cualquier-look-basico-y-son-muy-originales-2.jpg\" width=\"650\" height=\"900\" alt=\"Collares maximalistas (AGATHA PARIS)\"> <noscript> <img src=\"http:\/\/hoycordobaweb.com\/wp-content\/uploads\/2025\/02\/los-collares-maximalistas-estan-de-moda-porque-elevan-cualquier-look-basico-y-son-muy-originales-2.jpg\" alt=\"Collares maximalistas (AGATHA PARIS)\"> <\/noscript> <i class=\"voc-icons zoom voc-multimedia-box voc-ico-l\"><\/i> <\/div><figcaption class=\"figure-caption\">Collares maximalistas (AGATHA PARIS)<\/figcaption><\/picture>\n<\/div>\n<div id=\"photoZoomModal-435\" class=\"voc-lightbox modal fade voc-lightbox--photo-zoom\" role=\"dialog\" data-voc-photozoom-lightbox>\n<div class=\"voc-lightbox__dialog\" role=\"document\">\n<div class=\"voc-lightbox__content\"> <!-- Modal header --> <!-- Modal content --> <\/p>\n<div class=\"voc-lightbox__photo-container\"> <picture class> <img loading=\"lazy\" src=\"http:\/\/hoycordobaweb.com\/wp-content\/uploads\/2025\/02\/los-collares-maximalistas-estan-de-moda-porque-elevan-cualquier-look-basico-y-son-muy-originales-2.jpg\" alt=\"Collares maximalistas (AGATHA PARIS)\"> <noscript> <img src=\"http:\/\/hoycordobaweb.com\/wp-content\/uploads\/2025\/02\/los-collares-maximalistas-estan-de-moda-porque-elevan-cualquier-look-basico-y-son-muy-originales-2.jpg\" alt=\"Collares maximalistas (AGATHA PARIS)\"> <\/noscript> <\/picture> <\/div><\/div><\/div>\n<\/div>\n<p class=\"voc-paragraph\" data-mrf-recirculation=\"Link art\u00edculo\">En <strong>Agatha Paris<\/strong> tenemos este collar corto de eslabones articulados acabado en oro. La firma vuelve a sus or\u00edgenes con un collar que recuerda a sus eslabones m\u00e1s m\u00edticos y que captar\u00e1 todas las miradas (160,00 \u20ac). <\/p>\n<div class=\"voc-detail-photo-zoom\"> <picture data-toggle=\"modal\" data-target=\"#photoZoomModal-312\" target=\"modal\">\n<div class=\"voc-img-icon-link\"> <img loading=\"lazy\" src=\"http:\/\/hoycordobaweb.com\/wp-content\/uploads\/2025\/02\/los-collares-maximalistas-estan-de-moda-porque-elevan-cualquier-look-basico-y-son-muy-originales-3.jpg\" width=\"650\" height=\"900\" alt=\"Collares maximalistas (GOLDEN GOOSE)\"> <noscript> <img src=\"http:\/\/hoycordobaweb.com\/wp-content\/uploads\/2025\/02\/los-collares-maximalistas-estan-de-moda-porque-elevan-cualquier-look-basico-y-son-muy-originales-3.jpg\" alt=\"Collares maximalistas (GOLDEN GOOSE)\"> <\/noscript> <i class=\"voc-icons zoom voc-multimedia-box voc-ico-l\"><\/i> <\/div><figcaption class=\"figure-caption\">Collares maximalistas (GOLDEN GOOSE)<\/figcaption><\/picture>\n<\/div>\n<div id=\"photoZoomModal-312\" class=\"voc-lightbox modal fade voc-lightbox--photo-zoom\" role=\"dialog\" data-voc-photozoom-lightbox>\n<div class=\"voc-lightbox__dialog\" role=\"document\">\n<div class=\"voc-lightbox__content\"> <!-- Modal header --> <!-- Modal content --> <\/p>\n<div class=\"voc-lightbox__photo-container\"> <picture class> <img loading=\"lazy\" src=\"http:\/\/hoycordobaweb.com\/wp-content\/uploads\/2025\/02\/los-collares-maximalistas-estan-de-moda-porque-elevan-cualquier-look-basico-y-son-muy-originales-3.jpg\" alt=\"Collares maximalistas (GOLDEN GOOSE)\"> <noscript> <img src=\"http:\/\/hoycordobaweb.com\/wp-content\/uploads\/2025\/02\/los-collares-maximalistas-estan-de-moda-porque-elevan-cualquier-look-basico-y-son-muy-originales-3.jpg\" alt=\"Collares maximalistas (GOLDEN GOOSE)\"> <\/noscript> <\/picture> <\/div><\/div><\/div>\n<\/div>\n<p class=\"voc-paragraph\" data-mrf-recirculation=\"Link art\u00edculo\">De <strong>Golden Goose<\/strong> y realizado en lat\u00f3n de color oro antiguo, este collar de cadena con eslabones en tama\u00f1o degrad\u00e9 se caracteriza por su cierre con forma de estrella Golden. La cadena perfecta para llevar siempre en tus looks de diario (450,00 \u20ac). <\/p>\n<div class=\"voc-detail-photo-zoom\"> <picture data-toggle=\"modal\" data-target=\"#photoZoomModal-327\" target=\"modal\">\n<div class=\"voc-img-icon-link\"> <img loading=\"lazy\" src=\"http:\/\/hoycordobaweb.com\/wp-content\/uploads\/2025\/02\/los-collares-maximalistas-estan-de-moda-porque-elevan-cualquier-look-basico-y-son-muy-originales-4.jpg\" width=\"650\" height=\"900\" alt=\"Collares maximalistas (S\u00c9ZANE)\"> <noscript> <img src=\"http:\/\/hoycordobaweb.com\/wp-content\/uploads\/2025\/02\/los-collares-maximalistas-estan-de-moda-porque-elevan-cualquier-look-basico-y-son-muy-originales-4.jpg\" alt=\"Collares maximalistas (S\u00c9ZANE)\"> <\/noscript> <i class=\"voc-icons zoom voc-multimedia-box voc-ico-l\"><\/i> <\/div><figcaption class=\"figure-caption\">Collares maximalistas (S\u00c9ZANE)<\/figcaption><\/picture>\n<\/div>\n<div id=\"photoZoomModal-327\" class=\"voc-lightbox modal fade voc-lightbox--photo-zoom\" role=\"dialog\" data-voc-photozoom-lightbox>\n<div class=\"voc-lightbox__dialog\" role=\"document\">\n<div class=\"voc-lightbox__content\"> <!-- Modal header --> <!-- Modal content --> <\/p>\n<div class=\"voc-lightbox__photo-container\"> <picture class> <img loading=\"lazy\" src=\"http:\/\/hoycordobaweb.com\/wp-content\/uploads\/2025\/02\/los-collares-maximalistas-estan-de-moda-porque-elevan-cualquier-look-basico-y-son-muy-originales-4.jpg\" alt=\"Collares maximalistas (S\u00c9ZANE)\"> <noscript> <img src=\"http:\/\/hoycordobaweb.com\/wp-content\/uploads\/2025\/02\/los-collares-maximalistas-estan-de-moda-porque-elevan-cualquier-look-basico-y-son-muy-originales-4.jpg\" alt=\"Collares maximalistas (S\u00c9ZANE)\"> <\/noscript> <\/picture> <\/div><\/div><\/div>\n<\/div>\n<p class=\"voc-paragraph\" data-mrf-recirculation=\"Link art\u00edculo\"><strong>En S\u00e9zane<\/strong> me encanta el collar Joseph, con eslabones en lat\u00f3n reciclado dorado con oro fino, y un elegante colgante con forma de moneda que se puede retirar si quieres llevar la cadena sola. Perfecto para las m\u00e1s cl\u00e1sicas (120,00 \u20ac). <\/p>\n<div class=\"voc-detail-photo-zoom\"> <picture data-toggle=\"modal\" data-target=\"#photoZoomModal-5\" target=\"modal\">\n<div class=\"voc-img-icon-link\"> <img loading=\"lazy\" src=\"http:\/\/hoycordobaweb.com\/wp-content\/uploads\/2025\/02\/los-collares-maximalistas-estan-de-moda-porque-elevan-cualquier-look-basico-y-son-muy-originales-5.jpg\" width=\"650\" height=\"900\" alt=\"Collares maximalistas (ARISTOCRAZY)\"> <noscript> <img src=\"http:\/\/hoycordobaweb.com\/wp-content\/uploads\/2025\/02\/los-collares-maximalistas-estan-de-moda-porque-elevan-cualquier-look-basico-y-son-muy-originales-5.jpg\" alt=\"Collares maximalistas (ARISTOCRAZY)\"> <\/noscript> <i class=\"voc-icons zoom voc-multimedia-box voc-ico-l\"><\/i> <\/div><figcaption class=\"figure-caption\">Collares maximalistas (ARISTOCRAZY)<\/figcaption><\/picture>\n<\/div>\n<div id=\"photoZoomModal-5\" class=\"voc-lightbox modal fade voc-lightbox--photo-zoom\" role=\"dialog\" data-voc-photozoom-lightbox>\n<div class=\"voc-lightbox__dialog\" role=\"document\">\n<div class=\"voc-lightbox__content\"> <!-- Modal header --> <!-- Modal content --> <\/p>\n<div class=\"voc-lightbox__photo-container\"> <picture class> <img loading=\"lazy\" src=\"http:\/\/hoycordobaweb.com\/wp-content\/uploads\/2025\/02\/los-collares-maximalistas-estan-de-moda-porque-elevan-cualquier-look-basico-y-son-muy-originales-5.jpg\" alt=\"Collares maximalistas (ARISTOCRAZY)\"> <noscript> <img src=\"http:\/\/hoycordobaweb.com\/wp-content\/uploads\/2025\/02\/los-collares-maximalistas-estan-de-moda-porque-elevan-cualquier-look-basico-y-son-muy-originales-5.jpg\" alt=\"Collares maximalistas (ARISTOCRAZY)\"> <\/noscript> <\/picture> <\/div><\/div><\/div>\n<\/div>\n<p class=\"voc-paragraph\" data-mrf-recirculation=\"Link art\u00edculo\">Este <strong>colgante de Aristocrazy<\/strong> se inspira en las tendencias actuales para crear esta joya \u00fanica y atrevida de la colecci\u00f3n Malla. Toda una expresi\u00f3n de estilo y dise\u00f1o, para disfrutar de una joya \u00fanica creada de forma artesanal con el sello de la firma (449,00 \u20ac). <\/p>\n<div class=\"voc-detail-photo-zoom\"> <picture data-toggle=\"modal\" data-target=\"#photoZoomModal-255\" target=\"modal\">\n<div class=\"voc-img-icon-link\"> <img loading=\"lazy\" src=\"http:\/\/hoycordobaweb.com\/wp-content\/uploads\/2025\/02\/los-collares-maximalistas-estan-de-moda-porque-elevan-cualquier-look-basico-y-son-muy-originales-6.jpg\" width=\"650\" height=\"900\" alt=\"Collares maximalistas (PARFOIS)\"> <noscript> <img src=\"http:\/\/hoycordobaweb.com\/wp-content\/uploads\/2025\/02\/los-collares-maximalistas-estan-de-moda-porque-elevan-cualquier-look-basico-y-son-muy-originales-6.jpg\" alt=\"Collares maximalistas (PARFOIS)\"> <\/noscript> <i class=\"voc-icons zoom voc-multimedia-box voc-ico-l\"><\/i> <\/div><figcaption class=\"figure-caption\">Collares maximalistas (PARFOIS)<\/figcaption><\/picture>\n<\/div>\n<div id=\"photoZoomModal-255\" class=\"voc-lightbox modal fade voc-lightbox--photo-zoom\" role=\"dialog\" data-voc-photozoom-lightbox>\n<div class=\"voc-lightbox__dialog\" role=\"document\">\n<div class=\"voc-lightbox__content\"> <!-- Modal header --> <!-- Modal content --> <\/p>\n<div class=\"voc-lightbox__photo-container\"> <picture class> <img loading=\"lazy\" src=\"http:\/\/hoycordobaweb.com\/wp-content\/uploads\/2025\/02\/los-collares-maximalistas-estan-de-moda-porque-elevan-cualquier-look-basico-y-son-muy-originales-6.jpg\" alt=\"Collares maximalistas (PARFOIS)\"> <noscript> <img src=\"http:\/\/hoycordobaweb.com\/wp-content\/uploads\/2025\/02\/los-collares-maximalistas-estan-de-moda-porque-elevan-cualquier-look-basico-y-son-muy-originales-6.jpg\" alt=\"Collares maximalistas (PARFOIS)\"> <\/noscript> <\/picture> <\/div><\/div><\/div>\n<\/div>\n<p class=\"voc-paragraph\" data-mrf-recirculation=\"Link art\u00edculo\">Por \u00faltimo, un modelo low cost ideal para las m\u00e1s rom\u00e1nticas, este collar largo de <strong>eslabones maxi de Parfois<\/strong>, con forma ovalada y colgante de coraz\u00f3n. Se puede usar en dos vueltas y tiene un acabado dorado con efecto envejecido (45,99 \u20ac).\n<\/p>\n<p> <!-- TOPICS --> <\/p>\n","protected":false},"excerpt":{"rendered":"<p>La joyer\u00eda se ha vuelto un must en todos mis looks. Ya sea para el d\u00eda a d\u00eda, o para un evento especial, nunca salgo de casa sin completar el estilismo con complementos como anillos, pendientes o collares. Da igual lo que lleves, que si a\u00f1ades la joya adecuada te ver\u00e1s mucho m\u00e1s elegante y [&hellip;]<\/p>\n","protected":false},"author":1,"featured_media":98020,"comment_status":"closed","ping_status":"closed","sticky":false,"template":"","format":"standard","meta":[],"categories":[],"tags":[],"_links":{"self":[{"href":"http:\/\/hoycordobaweb.com\/index.php\/wp-json\/wp\/v2\/posts\/98019"}],"collection":[{"href":"http:\/\/hoycordobaweb.com\/index.php\/wp-json\/wp\/v2\/posts"}],"about":[{"href":"http:\/\/hoycordobaweb.com\/index.php\/wp-json\/wp\/v2\/types\/post"}],"author":[{"embeddable":true,"href":"http:\/\/hoycordobaweb.com\/index.php\/wp-json\/wp\/v2\/users\/1"}],"replies":[{"embeddable":true,"href":"http:\/\/hoycordobaweb.com\/index.php\/wp-json\/wp\/v2\/comments?post=98019"}],"version-history":[{"count":0,"href":"http:\/\/hoycordobaweb.com\/index.php\/wp-json\/wp\/v2\/posts\/98019\/revisions"}],"wp:featuredmedia":[{"embeddable":true,"href":"http:\/\/hoycordobaweb.com\/index.php\/wp-json\/wp\/v2\/media\/98020"}],"wp:attachment":[{"href":"http:\/\/hoycordobaweb.com\/index.php\/wp-json\/wp\/v2\/media?parent=98019"}],"wp:term":[{"taxonomy":"category","embeddable":true,"href":"http:\/\/hoycordobaweb.com\/index.php\/wp-json\/wp\/v2\/categories?post=98019"},{"taxonomy":"post_tag","embeddable":true,"href":"http:\/\/hoycordobaweb.com\/index.php\/wp-json\/wp\/v2\/tags?post=98019"}],"curies":[{"name":"wp","href":"https:\/\/api.w.org\/{rel}","templated":true}]}}