{"id":97941,"date":"2025-02-25T12:01:57","date_gmt":"2025-02-25T12:01:57","guid":{"rendered":"https:\/\/www.espinof.com\/reality\/soy-ahora-owen-wilson-inesperada-ventaja-que-jesus-calleja-consiguio-cuando-le-confundieron-actor-armaggedon"},"modified":"2025-02-25T12:01:57","modified_gmt":"2025-02-25T12:01:57","slug":"soy-desde-ahora-mismo-owen-wilson-la-inesperada-ventaja-que-jesus-calleja-consiguio-cuando-le-confundieron-con-el-actor-de-armaggedon","status":"publish","type":"post","link":"http:\/\/hoycordobaweb.com\/index.php\/2025\/02\/25\/soy-desde-ahora-mismo-owen-wilson-la-inesperada-ventaja-que-jesus-calleja-consiguio-cuando-le-confundieron-con-el-actor-de-armaggedon\/","title":{"rendered":"\u00abSoy desde ahora mismo Owen Wilson\u00bb. La inesperada ventaja que Jes\u00fas Calleja consigui\u00f3 cuando le confundieron con el actor de &#8216;Armaggedon&#8217;"},"content":{"rendered":"<p>En breve, Jes\u00fas Calleja partir\u00e1 al espacio como parte de su programa <a href=\"https:\/\/www.espinof.com\/tag\/calleja-en-el-espacio\">&#8216;Calleja en el espacio&#8217;<\/a>. A partir de las 15:45, Telecinco televisar\u00e1 el evento protagonizado por el presentador, que tiene no pocas an\u00e9cdotas de su experiencia como divulgador y explorador. Una de las m\u00e1s curiosas fue durante un vuelo, en el que <strong>acab\u00f3 en primera clase porque le confundieron con Owen Wilson<\/strong>.<\/p>\n<p><!-- BREAK 1 --> <\/p>\n<h2>\u00abSoy desde ahora mismo Owen Wilson\u00bb<\/h2>\n<p>Aunque Jes\u00fas Calleja se ha lanzado a la aventura en m\u00faltiples ocasiones, tambi\u00e9n le han sucedido cosas peculiares en sus desplazamientos m\u00e1s convencionales. Sin ir m\u00e1s lejos, vivi\u00f3 un momento de lo m\u00e1s curioso <strong>mientras viajaba en avi\u00f3n durante uno de sus trayectos<\/strong>.<\/p>\n<p><!-- BREAK 2 --><\/p>\n<div class=\"article-asset article-asset-normal article-asset-center\">\n<div class=\"desvio-container\">\n<div class=\"desvio\">\n<div class=\"desvio-figure js-desvio-figure\"> <a href=\"https:\/\/www.espinof.com\/documentales\/quieres-ver-a-jesus-calleja-viajando-al-espacio-directo-prime-video-tienes-este-documental-su-preparacion\" class=\"pivot-outboundlink\" data-vars-post-title=\"Si quieres ver a Jes\u00fas Calleja viajando al espacio en directo, en Prime Video tienes este documental con su preparaci\u00f3n \"> <img loading=\"lazy\" alt=\"Si quieres ver a Jes\u00fas Calleja viajando al espacio en directo, en Prime Video tienes este documental con su preparaci\u00f3n \" width=\"375\" height=\"142\" src=\"http:\/\/hoycordobaweb.com\/wp-content\/uploads\/2025\/02\/soy-desde-ahora-mismo-owen-wilson-la-inesperada-ventaja-que-jesus-calleja-consiguio-cuando-le-confundieron-con-el-actor-de-armaggedon.jpg\"> <\/a> <\/div><\/div><\/div>\n<\/div>\n<p>En ese vuelo, consigui\u00f3 &nbsp;que le pusieran en primera clase sin hacer nada, simplemente porque <strong>le confundieron con el actor Owen Wilson<\/strong>. As\u00ed lo cont\u00f3 en <a class=\"text-outboundlink\" href=\"https:\/\/www.espinof.com\/reality\/mediaset-cancela-manera-fulminante-martinez-hermanos-semanas-agonizando-audiencias-dani-martinez-se-despide-programa\" data-vars-post-title=\"Mediaset cancela de manera fulminante 'Mart\u00ednez y hermanos' tras semanas agonizando en audiencias y Dani Mart\u00ednez se despide del programa \" data-vars-post-url=\"https:\/\/www.espinof.com\/reality\/mediaset-cancela-manera-fulminante-martinez-hermanos-semanas-agonizando-audiencias-dani-martinez-se-despide-programa\">&#8216;Mart\u00ednez y Hermanos&#8217;<\/a> (cuando el programa de Dani Mart\u00ednez se emit\u00eda en Movistar Plus+):<\/p>\n<p><!-- BREAK 3 --> <\/p>\n<blockquote><p>\u00abIba yo en el avi\u00f3n de Qatar a Nepal, me viene una azafata y me dice: &#8216;Se\u00f1or Wilson, el comandante insiste en que ha debido de haber un error&#8217;. Yo estaba en bodeguilla cl\u00e1sica y me subi\u00f3 a primera (clase), no business. Y yo me dije: &#8216;Qu\u00e9 cojones, soy desde ahora mismo Owen Wilson. Empec\u00e9 a hablar por lo bajini para que no me pillaran el acento. Ten\u00eda un sue\u00f1o de muerte y no me dorm\u00ed por querer comer todo el rato\u00bb.<\/p><\/blockquote>\n<div class=\"article-asset-image article-asset-normal article-asset-center\">\n<div class=\"asset-content\"> <img class=\"centro_sinmarco\" height=\"556\" width=\"990\" loading=\"lazy\" decoding=\"async\" sizes=\"100vw\" fetchpriority=\"high\" srcset=\"http:\/\/hoycordobaweb.com\/wp-content\/uploads\/2025\/02\/soy-desde-ahora-mismo-owen-wilson-la-inesperada-ventaja-que-jesus-calleja-consiguio-cuando-le-confundieron-con-el-actor-de-armaggedon-1.jpg 450w, http:\/\/hoycordobaweb.com\/wp-content\/uploads\/2025\/02\/soy-desde-ahora-mismo-owen-wilson-la-inesperada-ventaja-que-jesus-calleja-consiguio-cuando-le-confundieron-con-el-actor-de-armaggedon-3.jpg 681w, http:\/\/hoycordobaweb.com\/wp-content\/uploads\/2025\/02\/soy-desde-ahora-mismo-owen-wilson-la-inesperada-ventaja-que-jesus-calleja-consiguio-cuando-le-confundieron-con-el-actor-de-armaggedon-4.jpg 1024w, http:\/\/hoycordobaweb.com\/wp-content\/uploads\/2025\/02\/soy-desde-ahora-mismo-owen-wilson-la-inesperada-ventaja-que-jesus-calleja-consiguio-cuando-le-confundieron-con-el-actor-de-armaggedon-5.jpg 1366w\" src=\"http:\/\/hoycordobaweb.com\/wp-content\/uploads\/2025\/02\/soy-desde-ahora-mismo-owen-wilson-la-inesperada-ventaja-que-jesus-calleja-consiguio-cuando-le-confundieron-con-el-actor-de-armaggedon-1.jpg\" alt=\"Parche\"> <noscript><img alt=\"Parche\" class=\"centro_sinmarco\" src=\"http:\/\/hoycordobaweb.com\/wp-content\/uploads\/2025\/02\/soy-desde-ahora-mismo-owen-wilson-la-inesperada-ventaja-que-jesus-calleja-consiguio-cuando-le-confundieron-con-el-actor-de-armaggedon-1.jpg\"><\/noscript> <\/div>\n<\/div>\n<p>Si bien hay cierto parecido entre el presentador y el actor de <a class=\"text-outboundlink\" href=\"https:\/\/www.espinof.com\/estrenos\/de-boda-en-boda-de-bodrio-en-bodrio\" data-vars-post-title=\"'De Boda en Boda', de bodrio en bodrio\" data-vars-post-url=\"https:\/\/www.espinof.com\/estrenos\/de-boda-en-boda-de-bodrio-en-bodrio\">&#8216;De boda en boda&#8217;<\/a>, ni el propio Calleja esperar\u00eda que eso le fuera a reportar ning\u00fan tipo de ventaja, y mucho menos poder disfrutar de ese servicio. Para rizar el rizo, <strong>el nombre del actor ha vuelto a relacionarse con el suyo a ra\u00edz del nuevo programa<\/strong>.<\/p>\n<p><!-- BREAK 4 --><\/p>\n<p>Se sabe que la tripulaci\u00f3n de la nave que llevar\u00e1 a Calleja a la luna estar\u00e1 compuesta por \u00e9l, Lane Bess, Elaine Chia Hyde, el Dr. Richard Scott, Tushar Shah y <strong>\u00abun sexto miembro de la tripulaci\u00f3n no revelado\u00bb<\/strong>&#8230; pero cuyo apellido aparece en <a rel=\"noopener, noreferrer\" href=\"https:\/\/www.20minutos.es\/noticia\/5685188\/0\/es-owen-wilson-sexto-misterioso-tripulante-que-ira-con-jesus-calleja-espacio\/\">el parche<\/a> de la misi\u00f3n que los re\u00fane a todos, y no es otro que Wilson. \u00bfEs posible que el actor sea ese miembro restante? Bastante improbable, aunque ser\u00eda una feliz coincidencia.<\/p>\n<p><!-- BREAK 5 --><\/p>\n<p>En Espinof | <a class=\"text-outboundlink\" href=\"https:\/\/www.espinof.com\/criticas\/pekin-express-ha-vuelto-mejor-que-como-se-fue-hecho-bueno-que-no-necesita-llamar-atencion-a-base-famosetes\" data-vars-post-title=\"'Pek\u00edn Express' ha vuelto mejor que como se fue. De hecho, es tan bueno que no necesita llamar la atenci\u00f3n a base de famosetes\" data-vars-post-url=\"https:\/\/www.espinof.com\/criticas\/pekin-express-ha-vuelto-mejor-que-como-se-fue-hecho-bueno-que-no-necesita-llamar-atencion-a-base-famosetes\">&#8216;Pek\u00edn Express&#8217; ha vuelto mejor que como se fue. De hecho, es tan bueno que no necesita llamar la atenci\u00f3n a base de famosetes<\/a><\/p>\n<p>En Espinof | <a class=\"text-outboundlink\" href=\"https:\/\/www.espinof.com\/listas\/mejores-peliculas-terror-2024-ahora\" data-vars-post-title=\"Las 31 mejores pel\u00edculas de terror de 2024\" data-vars-post-url=\"https:\/\/www.espinof.com\/listas\/mejores-peliculas-terror-2024-ahora\">Las mejores pel\u00edculas de terror de 2024<\/a><\/p>\n","protected":false},"excerpt":{"rendered":"<p>En breve, Jes\u00fas Calleja partir\u00e1 al espacio como parte de su programa &#8216;Calleja en el espacio&#8217;. A partir de las 15:45, Telecinco televisar\u00e1 el evento protagonizado por el presentador, que tiene no pocas an\u00e9cdotas de su experiencia como divulgador y explorador. Una de las m\u00e1s curiosas fue durante un vuelo, en el que acab\u00f3 en [&hellip;]<\/p>\n","protected":false},"author":1,"featured_media":97942,"comment_status":"open","ping_status":"closed","sticky":false,"template":"","format":"standard","meta":[],"categories":[10],"tags":[],"_links":{"self":[{"href":"http:\/\/hoycordobaweb.com\/index.php\/wp-json\/wp\/v2\/posts\/97941"}],"collection":[{"href":"http:\/\/hoycordobaweb.com\/index.php\/wp-json\/wp\/v2\/posts"}],"about":[{"href":"http:\/\/hoycordobaweb.com\/index.php\/wp-json\/wp\/v2\/types\/post"}],"author":[{"embeddable":true,"href":"http:\/\/hoycordobaweb.com\/index.php\/wp-json\/wp\/v2\/users\/1"}],"replies":[{"embeddable":true,"href":"http:\/\/hoycordobaweb.com\/index.php\/wp-json\/wp\/v2\/comments?post=97941"}],"version-history":[{"count":0,"href":"http:\/\/hoycordobaweb.com\/index.php\/wp-json\/wp\/v2\/posts\/97941\/revisions"}],"wp:featuredmedia":[{"embeddable":true,"href":"http:\/\/hoycordobaweb.com\/index.php\/wp-json\/wp\/v2\/media\/97942"}],"wp:attachment":[{"href":"http:\/\/hoycordobaweb.com\/index.php\/wp-json\/wp\/v2\/media?parent=97941"}],"wp:term":[{"taxonomy":"category","embeddable":true,"href":"http:\/\/hoycordobaweb.com\/index.php\/wp-json\/wp\/v2\/categories?post=97941"},{"taxonomy":"post_tag","embeddable":true,"href":"http:\/\/hoycordobaweb.com\/index.php\/wp-json\/wp\/v2\/tags?post=97941"}],"curies":[{"name":"wp","href":"https:\/\/api.w.org\/{rel}","templated":true}]}}