{"id":97929,"date":"2025-02-24T21:31:56","date_gmt":"2025-02-24T21:31:56","guid":{"rendered":"https:\/\/www.trendencias.com\/sneakers\/adidas-skechers-merkal-tiene-zapatillas-puma-bonitas-para-estrenar-primavera"},"modified":"2025-02-24T21:31:56","modified_gmt":"2025-02-24T21:31:56","slug":"ni-adidas-ni-skechers-merkal-tiene-las-zapatillas-puma-mas-bonitas-para-estrenar-en-primavera","status":"publish","type":"post","link":"http:\/\/hoycordobaweb.com\/index.php\/2025\/02\/24\/ni-adidas-ni-skechers-merkal-tiene-las-zapatillas-puma-mas-bonitas-para-estrenar-en-primavera\/","title":{"rendered":"Ni Adidas ni Skechers, Merkal tiene las zapatillas Puma m\u00e1s bonitas para estrenar en primavera"},"content":{"rendered":"<p>Las <strong>zapatillas en color blanco <\/strong>son un b\u00e1sico de calzado y las m\u00e1s vers\u00e1tiles. No es ning\u00fan secreto. Una apuesta muy f\u00e1cil de lucir en un color universal, que aunque sea el m\u00e1s &#8216;sucio&#8217;, es el m\u00e1s vers\u00e1til, al que m\u00e1s partido le vas a sacar y uno de los m\u00e1s bonitos.<\/p>\n<p><!-- BREAK 1 --> <\/p>\n<p>En la nueva colecci\u00f3n de <strong>Merkal <\/strong>he fichado uno de los modelos que viene dispuesto a arrasar. Un modelo retro que combina con todos tus looks de entretiempo.<\/p>\n<p><!-- BREAK 2 --><\/p>\n<div class=\"article-asset article-asset-normal article-asset-center\">\n<div class=\"desvio-container\">\n<div class=\"desvio\">\n<div class=\"desvio-figure js-desvio-figure\"> <a href=\"https:\/\/www.trendencias.com\/gourmet\/que-gente-esta-revendiendo-su-thermomix-tirando-1500-euros-a-basura\" class=\"pivot-outboundlink\" data-vars-post-title=\"Wallapop se llena de gente desesperada por vender su Thermomix despu\u00e9s de haberse gastado m\u00e1s de mil euros en una\"> <img loading=\"lazy\" alt=\"Wallapop se llena de gente desesperada por vender su Thermomix despu\u00e9s de haberse gastado m\u00e1s de mil euros en una\" width=\"375\" height=\"142\" src=\"http:\/\/hoycordobaweb.com\/wp-content\/uploads\/2025\/02\/ni-adidas-ni-skechers-merkal-tiene-las-zapatillas-puma-mas-bonitas-para-estrenar-en-primavera.jpg\"> <\/a> <\/div><\/div><\/div>\n<\/div>\n<div class=\"article-asset-image article-asset-normal article-asset-center\">\n<div class=\"asset-content\"> <img class=\"centro_sinmarco\" height=\"1340\" width=\"1382\" loading=\"lazy\" decoding=\"async\" sizes=\"100vw\" fetchpriority=\"high\" srcset=\"http:\/\/hoycordobaweb.com\/wp-content\/uploads\/2025\/02\/ni-adidas-ni-skechers-merkal-tiene-las-zapatillas-puma-mas-bonitas-para-estrenar-en-primavera.png 450w, http:\/\/hoycordobaweb.com\/wp-content\/uploads\/2025\/02\/ni-adidas-ni-skechers-merkal-tiene-las-zapatillas-puma-mas-bonitas-para-estrenar-en-primavera-2.png 681w, http:\/\/hoycordobaweb.com\/wp-content\/uploads\/2025\/02\/ni-adidas-ni-skechers-merkal-tiene-las-zapatillas-puma-mas-bonitas-para-estrenar-en-primavera-3.png 1024w, http:\/\/hoycordobaweb.com\/wp-content\/uploads\/2025\/02\/ni-adidas-ni-skechers-merkal-tiene-las-zapatillas-puma-mas-bonitas-para-estrenar-en-primavera-4.png 1366w\" src=\"http:\/\/hoycordobaweb.com\/wp-content\/uploads\/2025\/02\/ni-adidas-ni-skechers-merkal-tiene-las-zapatillas-puma-mas-bonitas-para-estrenar-en-primavera.png\" alt=\"zapatillas Puma\"> <noscript><img alt=\"zapatillas Puma\" class=\"centro_sinmarco\" src=\"http:\/\/hoycordobaweb.com\/wp-content\/uploads\/2025\/02\/ni-adidas-ni-skechers-merkal-tiene-las-zapatillas-puma-mas-bonitas-para-estrenar-en-primavera.png\"><\/noscript> <\/div>\n<\/div>\n<p><strong>Las zapatillas<\/strong> se han convertido en el calzado m\u00e1s repetido en el <em>street-style,<\/em> la opci\u00f3n m\u00e1s vers\u00e1til para combinar con <em>outfits<\/em> <em>casual <\/em>y de oficina. Expertas en moda e <em>influencers<\/em> lucen zapatillas a diario con todos sus estilismos, incluidos para ir a la oficina, ya que quedan ideales tambi\u00e9n con los m\u00e1s formales como el traje de pantal\u00f3n y chaqueta.<\/p>\n<p><!-- BREAK 3 --> <\/p>\n<div class=\"article-asset-image article-asset-normal article-asset-center\">\n<div class=\"asset-content\"> <img class=\"centro_sinmarco\" height=\"1328\" width=\"1400\" loading=\"lazy\" decoding=\"async\" sizes=\"100vw\" fetchpriority=\"high\" srcset=\"http:\/\/hoycordobaweb.com\/wp-content\/uploads\/2025\/02\/ni-adidas-ni-skechers-merkal-tiene-las-zapatillas-puma-mas-bonitas-para-estrenar-en-primavera-1.png 450w, http:\/\/hoycordobaweb.com\/wp-content\/uploads\/2025\/02\/ni-adidas-ni-skechers-merkal-tiene-las-zapatillas-puma-mas-bonitas-para-estrenar-en-primavera-5.png 681w, http:\/\/hoycordobaweb.com\/wp-content\/uploads\/2025\/02\/ni-adidas-ni-skechers-merkal-tiene-las-zapatillas-puma-mas-bonitas-para-estrenar-en-primavera-6.png 1024w, http:\/\/hoycordobaweb.com\/wp-content\/uploads\/2025\/02\/ni-adidas-ni-skechers-merkal-tiene-las-zapatillas-puma-mas-bonitas-para-estrenar-en-primavera-7.png 1366w\" src=\"http:\/\/hoycordobaweb.com\/wp-content\/uploads\/2025\/02\/ni-adidas-ni-skechers-merkal-tiene-las-zapatillas-puma-mas-bonitas-para-estrenar-en-primavera-1.png\" alt=\"zapatillas Puma\"> <noscript><img alt=\"zapatillas Puma\" class=\"centro_sinmarco\" src=\"http:\/\/hoycordobaweb.com\/wp-content\/uploads\/2025\/02\/ni-adidas-ni-skechers-merkal-tiene-las-zapatillas-puma-mas-bonitas-para-estrenar-en-primavera-1.png\"><\/noscript> <\/div>\n<\/div>\n<p>En la nueva colecci\u00f3n de <strong>Merkal<\/strong> he fichado este dise\u00f1o de ante blanco con toques en rosa muy coqueto, que se va a convertir en uno de los m\u00e1s vendidos. Un modelo femenino y muy c\u00f3modo con suela de goma, inspirado en la cultura de las gradas, que queda ideal con vestido, falda y pantal\u00f3n. Una apuesta perfecta para estrenar en primavera y apuntarte a la tendencia <em>coquette.<\/em><\/p>\n<p><!-- BREAK 4 --><\/p>\n<p>Da igual si tu estilo es cl\u00e1sico o rompedor y atrevido, las zapatillas blancas son una apuesta que nunca falla. Y este modelo es elegante, atemporal, vers\u00e1til y, adem\u00e1s, combinan con todo. En definitiva, son las zapatillas minimal todoterreno para lucir a todas horas. Est\u00e1n disponible desde el n\u00fameros 36 hasta el 42. Su precio es de <a rel=\"nofollow, sponsored, noopener, noreferrer noopener\" target=\"_blank\" class=\"js-ecommerce\" id=\"link-ecommerce-1\" href=\"https:\/\/www.trendencias.com\/redirect?url=https%3A%2F%2Fwww.merkal.com%2Fdeportiva-club-ii-suede-beige-puma%3Fcode%3DP_5639394107_1000&amp;category=sneakers&amp;ecomPostExpiration=everlasting&amp;postId=640386\" data-vars-affiliate-url=\"https:\/\/www.merkal.com\/deportiva-club-ii-suede-beige-puma?code=P_5639394107_1000\">60,99 euros.<\/a><\/p>\n<p><!-- BREAK 5 --><\/p>\n<p>Fotos | <a rel=\"nofollow, sponsored, noopener, noreferrer noopener\" target=\"_blank\" class=\"js-ecommerce\" id=\"link-ecommerce-2\" href=\"https:\/\/www.trendencias.com\/redirect?url=https%3A%2F%2Fwww.merkal.com%2Fdeportiva-club-ii-suede-beige-puma%3Fcode%3DP_5639394107_1000&amp;category=sneakers&amp;ecomPostExpiration=everlasting&amp;postId=640386\" data-vars-affiliate-url=\"https:\/\/www.merkal.com\/deportiva-club-ii-suede-beige-puma?code=P_5639394107_1000\">Merkal<\/a>, <a rel=\"noopener, noreferrer\" href=\"https:\/\/www.instagram.com\/p\/DGTiIh8NF_C\/?img_index=2\">@lulandco<\/a><\/p>\n<p>En Trendencias | <a class=\"text-outboundlink\" href=\"https:\/\/www.trendencias.com\/propuestas-y-consejos\/gafas-graduadas-que-seran-tendencia-2023-modelos-retro-marcaran-pauta\" data-vars-post-title=\"Gafas graduadas que son tendencia en 2025: los modelos retro marcan la pauta\" data-vars-post-url=\"https:\/\/www.trendencias.com\/propuestas-y-consejos\/gafas-graduadas-que-seran-tendencia-2023-modelos-retro-marcaran-pauta\">Gafas graduadas que son tendencia en 2025: los modelos retro marcan la pauta<\/a>.<\/p>\n<p>En Trendencias | <a class=\"text-outboundlink\" href=\"https:\/\/www.trendencias.com\/propuestas-y-consejos\/chaquetas-que-tendencia-este-otono-invierno-2022-2023-larga-vida-a-bomber-a-cazadora-vaquera\" data-vars-post-title=\"Chaquetas que son tendencia: de la americana marr\u00f3n chocolate a la cl\u00e1sica bomber\" data-vars-post-url=\"https:\/\/www.trendencias.com\/propuestas-y-consejos\/chaquetas-que-tendencia-este-otono-invierno-2022-2023-larga-vida-a-bomber-a-cazadora-vaquera\">Chaquetas que son tendencia: larga vida a la bomber y a la cazadora vaquera<\/a><\/p>\n<p>En Trendencias | <a class=\"text-outboundlink\" href=\"https:\/\/www.trendencias.com\/belleza\/25-mejores-cremas-antiarrugas-recomendadas-su-precio\" data-vars-post-title=\"Las 29 mejores cremas antiarrugas recomendadas seg\u00fan su precio\" data-vars-post-url=\"https:\/\/www.trendencias.com\/belleza\/25-mejores-cremas-antiarrugas-recomendadas-su-precio\">Las 29 mejores cremas antiarrugas recomendadas seg\u00fan su precio<\/a>.<\/p>\n","protected":false},"excerpt":{"rendered":"<p>Las zapatillas en color blanco son un b\u00e1sico de calzado y las m\u00e1s vers\u00e1tiles. No es ning\u00fan secreto. Una apuesta muy f\u00e1cil de lucir en un color universal, que aunque sea el m\u00e1s &#8216;sucio&#8217;, es el m\u00e1s vers\u00e1til, al que m\u00e1s partido le vas a sacar y uno de los m\u00e1s bonitos. En la nueva [&hellip;]<\/p>\n","protected":false},"author":1,"featured_media":97930,"comment_status":"closed","ping_status":"closed","sticky":false,"template":"","format":"standard","meta":[],"categories":[],"tags":[],"_links":{"self":[{"href":"http:\/\/hoycordobaweb.com\/index.php\/wp-json\/wp\/v2\/posts\/97929"}],"collection":[{"href":"http:\/\/hoycordobaweb.com\/index.php\/wp-json\/wp\/v2\/posts"}],"about":[{"href":"http:\/\/hoycordobaweb.com\/index.php\/wp-json\/wp\/v2\/types\/post"}],"author":[{"embeddable":true,"href":"http:\/\/hoycordobaweb.com\/index.php\/wp-json\/wp\/v2\/users\/1"}],"replies":[{"embeddable":true,"href":"http:\/\/hoycordobaweb.com\/index.php\/wp-json\/wp\/v2\/comments?post=97929"}],"version-history":[{"count":0,"href":"http:\/\/hoycordobaweb.com\/index.php\/wp-json\/wp\/v2\/posts\/97929\/revisions"}],"wp:featuredmedia":[{"embeddable":true,"href":"http:\/\/hoycordobaweb.com\/index.php\/wp-json\/wp\/v2\/media\/97930"}],"wp:attachment":[{"href":"http:\/\/hoycordobaweb.com\/index.php\/wp-json\/wp\/v2\/media?parent=97929"}],"wp:term":[{"taxonomy":"category","embeddable":true,"href":"http:\/\/hoycordobaweb.com\/index.php\/wp-json\/wp\/v2\/categories?post=97929"},{"taxonomy":"post_tag","embeddable":true,"href":"http:\/\/hoycordobaweb.com\/index.php\/wp-json\/wp\/v2\/tags?post=97929"}],"curies":[{"name":"wp","href":"https:\/\/api.w.org\/{rel}","templated":true}]}}