{"id":97749,"date":"2025-02-23T03:01:08","date_gmt":"2025-02-23T03:01:08","guid":{"rendered":"http:\/\/hoycordobaweb.com\/index.php\/2025\/02\/23\/alarma-por-la-salud-del-papa-francisco-esta-en-estado-critico-y-con-pronostico-reservado\/"},"modified":"2025-02-23T03:01:08","modified_gmt":"2025-02-23T03:01:08","slug":"alarma-por-la-salud-del-papa-francisco-esta-en-estado-critico-y-con-pronostico-reservado","status":"publish","type":"post","link":"http:\/\/hoycordobaweb.com\/index.php\/2025\/02\/23\/alarma-por-la-salud-del-papa-francisco-esta-en-estado-critico-y-con-pronostico-reservado\/","title":{"rendered":"Alarma por la salud del papa Francisco: est\u00e1 en \u2018estado cr\u00edtico\u2019 y con \u2018pron\u00f3stico reservado\u2019"},"content":{"rendered":"<div class=\"media_block\"><\/div>\n<div><img src=\"http:\/\/hoycordobaweb.com\/wp-content\/uploads\/2025\/02\/alarma-por-la-salud-del-papa-francisco-esta-en-estado-critico-y-con-pronostico-reservado-1.jpg\" class=\"ff-og-image-inserted\"><\/div>\n<p>El papa Francisco sufri\u00f3 ayer por la ma\u00f1ana un ataque respiratorio prolongado, que requiri\u00f3 que se le suministrara \u201cox\u00edgeno de alto flujo\u201d y transfusiones de sangre porque present\u00f3 una anemia, revel\u00f3 la Sala de Prensa del Vaticano, que advirti\u00f3 que la condici\u00f3n de salud del Pont\u00edfice \u201csigue siendo cr\u00edtica\u201d y su pron\u00f3stico es reservado.<\/p>\n<p>Francisco se aprestaba a pasar su novena noche en el Hospital Gemelli de Roma, donde esta semana se le diagnostic\u00f3 una neumon\u00eda doble. <\/p>\n<p>\u201cLa condici\u00f3n del Santo Padre sigue siendo cr\u00edtica, por lo que, como se explic\u00f3 ayer, el Papa no est\u00e1 fuera de peligro\u201d, declar\u00f3 el Vaticano en su actualizaci\u00f3n habitual de primeras horas de la tarde.<\/p>\n<div class=\"subscription\" readability=\"6.683257918552\">\n<p> Esto no les gusta a los autoritarios <\/p>\n<div class=\"subscription__container\" readability=\"6.1467391304348\">\n<div class=\"subscription__text-wrapper\" readability=\"31.20652173913\">\n<p> El ejercicio del periodismo profesional y cr\u00edtico es un pilar fundamental de la democracia. Por eso molesta a quienes creen ser los due\u00f1os de la verdad. <\/p>\n<\/p><\/div><\/div><\/div>\n<p>\u201cEsta ma\u00f1ana, el papa Francisco present\u00f3 una prolongada crisis respiratoria asm\u00e1tica, que tambi\u00e9n requiri\u00f3 la aplicaci\u00f3n de ox\u00edgeno de alto flujo\u201d, a\u00f1adi\u00f3.<\/p>\n<p>Los an\u00e1lisis diarios de sangre \u201cmostraron trombocitopenia, asociada a anemia, lo que requiri\u00f3 la administraci\u00f3n de transfusiones\u201d, se agreg\u00f3.<\/p>\n<p>\u201cEl Santo Padre sigue estando alerta y pas\u00f3 el d\u00eda en una butaca, aunque sufri\u00f3 m\u00e1s que ayer\u201d, precis\u00f3 la informaci\u00f3n.<\/p>\n<p>La nueva aparici\u00f3n de asma y crisis respiratorias, as\u00ed como la aparici\u00f3n de trombocitopenia y anemia, con necesidad de transfusiones de sangre, exigen que los m\u00e9dicos interpreten sus or\u00edgenes y c\u00f3mo modular a\u00fan m\u00e1s la terapia en curso contra la neumon\u00eda bilateral.<\/p>\n<p>Tambi\u00e9n llama la atenci\u00f3n la forma expl\u00edcita en que se exponen las condiciones \u201ccr\u00edticas\u201d del Papa, se reitera que no est\u00e1 \u201cfuera de peligro\u201d, se subraya que \u201cest\u00e1 sufriendo m\u00e1s\u201d y, no menos importante, el hecho de que los m\u00e9dicos se reservan su pron\u00f3stico. En resumen, no se puede ocultar la preocupaci\u00f3n que ha surgido hoy.<\/p>\n<p>Adem\u00e1s de las nuevas evaluaciones m\u00e9dicas que se realizar\u00e1n, ahora habr\u00e1 que esperar varios d\u00edas para comprender el efecto y la eficacia de las terapias, en una infecci\u00f3n que es \u201cpolimicrobiana\u201d y en una persona de 88 a\u00f1os que tiene sus propias debilidades, aunque con un temperamento muy resistente.<\/p>\n<p>La estancia en el hospital, se dijo ayer, no podr\u00e1 durar m\u00e1s que al menos toda la pr\u00f3xima semana, pero a estas alturas tal vez incluso m\u00e1s. Y de cara al futuro habr\u00e1 que tener en cuenta muchos aspectos, incluido el hecho de que, incluso si se erradicara la neumon\u00eda, seguir\u00edan presentes las \u201csituaciones cr\u00f3nicas\u201d, es decir, las bronquiectasias con bronquitis asm\u00e1tica, aquella cuyo empeoramiento era terreno f\u00e9rtil para la infecci\u00f3n pulmonar.<\/p>\n<p>El anuncio de la crisis respiratoria se produjo luego de que el Vaticano informara que Francisco hab\u00eda pasado una noche tranquila. \u201cEl Papa ha descansado bien\u201d, dec\u00eda el bolet\u00edn de primera hora del s\u00e1bado y precisara que permanecer\u00e1 internado \u201cal menos toda la pr\u00f3xima semana.<\/p>\n<p>El Vaticano confirm\u00f3 previamente que el Pont\u00edfice argentino no ofrecer\u00eda su habitual \u00c1ngelus semanal. Como sucedi\u00f3 el domingo pasado, hoy se difundir\u00e1 el texto de las palabras del Papa para el \u00c1ngelus del mediod\u00eda. Por tanto, Francisco tampoco comparecer\u00e1 esta semana a trav\u00e9s de una videoconferencia desde su habitaci\u00f3n en el hospital.<\/p>\n<p>Oraciones por el Papa. Francisco ha sido jefe de la Iglesia Cat\u00f3lica desde 2013, pero en los \u00faltimos a\u00f1os sufri\u00f3 numerosos problemas de salud, habi\u00e9ndose sometido a una cirug\u00eda mayor en 2021 y otra en 2023.<\/p>\n<p>Esta \u00faltima hospitalizaci\u00f3n ha puesto en entredicho su capacidad para continuar al frente de los casi 1,4 mil millones de cat\u00f3licos en el mundo, alimentando especulaciones sobre una posible renuncia \u2013y sobre qui\u00e9n podr\u00eda asumir el cargo.<\/p>\n<p>El secretario de Estado del Vaticano, Pietro Parolin, declar\u00f3 al diario italiano Corriere della Sera que este tipo de discusiones era normal, aunque a\u00f1adi\u00f3 que no entrar\u00eda en \u201cespeculaciones in\u00fatiles\u201d.<\/p>\n<p>\u201cAhora estamos pensando en la salud del Santo Padre, en su recuperaci\u00f3n, en su regreso al Vaticano: esas son las \u00fanicas cosas que importan\u201d, afirm\u00f3 el cardenal.<\/p>\n<p>Un grupo de monjas y sacerdotes de todo el mundo se reuni\u00f3 ayer frente a la entrada del Hospital Gemelli, donde Francisco se hospeda en una suite papal especial en el d\u00e9cimo piso, para rezar por \u00e9l.<\/p>\n<p>\u201cHoy estamos rezando por el Santo Padre, papa Francisco, y esperamos que se recupere bien en la Gracia de Dios\u201d, declar\u00f3 el sacerdote brasile\u00f1o Don Wellison.<\/p>\n<p>El Vaticano se\u00f1ala que Francisco se ha estado moviendo entre su cama, una silla y una capilla adyacente donde reza, y que tambi\u00e9n ha realizado algunas labores.<\/p>\n<p>El profesor Sergio Alfieri, quien dirige el equipo m\u00e9dico del Papa en el Gemelli, indic\u00f3 el viernes que la condici\u00f3n del pont\u00edfice ha mejorado ligeramente, permitiendo a los m\u00e9dicos reducir progresivamente la cantidad de medicaci\u00f3n que recibe.<\/p>\n<p>Sin embargo, dej\u00f3 claro que la situaci\u00f3n es muy grave, subrayando la edad del Pont\u00edfice y su estado general de salud.<\/p>\n<p>\u201c\u00bfEst\u00e1 el Papa fuera de peligro? No, el Papa no est\u00e1 fuera de peligro\u201d, afirm\u00f3 Alfieri, pero a\u00f1adi\u00f3: \u201cSi se pregunta si est\u00e1 en peligro de morir en este momento, la respuesta sigue siendo no\u201d.<\/p>\n<p>Francisco declar\u00f3o que el papado es un cargo para toda la vida, pero tambi\u00e9n ha dejado abierta la posibilidad de renunciar, como lo hizo su predecesor Benedicto XVI.<\/p>\n<p>A menudo ha bromeado sobre las intrigas que sus problemas de salud inevitablemente generan, especialmente entre aquellos que se oponen a sus intentos de reforma.<\/p>\n<p>Despu\u00e9s de someterse a una cirug\u00eda de colon en 2021, brome\u00f3 diciendo que \u201cestaban preparando el c\u00f3nclave\u201d, la reuni\u00f3n de cardenales para elegir a un nuevo Papa tras una muerte o renuncia.<\/p>\n<p>\u201cMucho respeto\u201d. El cardenal italiano Gianfranco Ravasi dijo al Corriere el viernes que no descartaba la posibilidad de que Francisco renunciara. No obstante, el cardenal argentino V\u00edctor Manuel Fern\u00e1ndez, quien dirige el poderoso Dicasterio para la Doctrina de la Fe de la Santa Sede, afirm\u00f3 que no hab\u00eda escuchado maniobras particulares en esta ocasi\u00f3n.<\/p>\n<p>\u201cNo veo un ambiente pre-c\u00f3nclave, no veo m\u00e1s conversaciones sobre un posible sucesor que hace un a\u00f1o\u201d, dijo Fern\u00e1ndez, muy cercano a Francisco, a La Naci\u00f3n. \u201cHasta ahora percibo mucho respeto\u201d, agreg\u00f3. <\/p>\n<p>El Papa mantiene una agenda laboral extenuante y, en septiembre, realiz\u00f3 una gira de doce d\u00edas por la regi\u00f3n de Asia-Pac\u00edfico. Sin embargo, ha sufrido problemas de salud cada vez mayores, desde la cirug\u00eda de colon hasta una operaci\u00f3n de hernia en 2023.<\/p>\n<p>Adem\u00e1s, tiene sobrepeso y sufre constantes dolores en caderas y rodillas, lo que le obliga a usar silla de ruedas la mayor parte del tiempo.<\/p>\n","protected":false},"excerpt":{"rendered":"<p>El papa Francisco sufri\u00f3 ayer por la ma\u00f1ana un ataque respiratorio prolongado, que requiri\u00f3 que se le suministrara \u201cox\u00edgeno de alto flujo\u201d y transfusiones de sangre porque present\u00f3 una anemia, revel\u00f3 la Sala de Prensa del Vaticano, que advirti\u00f3 que la condici\u00f3n de salud del Pont\u00edfice \u201csigue siendo cr\u00edtica\u201d y su pron\u00f3stico es reservado. Francisco [&hellip;]<\/p>\n","protected":false},"author":1,"featured_media":97750,"comment_status":"closed","ping_status":"closed","sticky":false,"template":"","format":"standard","meta":[],"categories":[19],"tags":[],"_links":{"self":[{"href":"http:\/\/hoycordobaweb.com\/index.php\/wp-json\/wp\/v2\/posts\/97749"}],"collection":[{"href":"http:\/\/hoycordobaweb.com\/index.php\/wp-json\/wp\/v2\/posts"}],"about":[{"href":"http:\/\/hoycordobaweb.com\/index.php\/wp-json\/wp\/v2\/types\/post"}],"author":[{"embeddable":true,"href":"http:\/\/hoycordobaweb.com\/index.php\/wp-json\/wp\/v2\/users\/1"}],"replies":[{"embeddable":true,"href":"http:\/\/hoycordobaweb.com\/index.php\/wp-json\/wp\/v2\/comments?post=97749"}],"version-history":[{"count":0,"href":"http:\/\/hoycordobaweb.com\/index.php\/wp-json\/wp\/v2\/posts\/97749\/revisions"}],"wp:featuredmedia":[{"embeddable":true,"href":"http:\/\/hoycordobaweb.com\/index.php\/wp-json\/wp\/v2\/media\/97750"}],"wp:attachment":[{"href":"http:\/\/hoycordobaweb.com\/index.php\/wp-json\/wp\/v2\/media?parent=97749"}],"wp:term":[{"taxonomy":"category","embeddable":true,"href":"http:\/\/hoycordobaweb.com\/index.php\/wp-json\/wp\/v2\/categories?post=97749"},{"taxonomy":"post_tag","embeddable":true,"href":"http:\/\/hoycordobaweb.com\/index.php\/wp-json\/wp\/v2\/tags?post=97749"}],"curies":[{"name":"wp","href":"https:\/\/api.w.org\/{rel}","templated":true}]}}