{"id":97663,"date":"2025-02-22T10:01:56","date_gmt":"2025-02-22T10:01:56","guid":{"rendered":"https:\/\/www.espinof.com\/criticas\/sus-nominaciones-al-oscar-muy-merecidas-estoy-aqui-emocionante-pelicula-extraordinaria-fernanda-torres"},"modified":"2025-02-22T10:01:56","modified_gmt":"2025-02-22T10:01:56","slug":"sus-nominaciones-al-oscar-son-muy-merecidas-aun-estoy-aqui-es-una-emocionante-pelicula-con-una-extraordinaria-fernanda-torres","status":"publish","type":"post","link":"http:\/\/hoycordobaweb.com\/index.php\/2025\/02\/22\/sus-nominaciones-al-oscar-son-muy-merecidas-aun-estoy-aqui-es-una-emocionante-pelicula-con-una-extraordinaria-fernanda-torres\/","title":{"rendered":"Sus nominaciones al \u00d3scar son muy merecidas: &#8216;A\u00fan estoy aqu\u00ed&#8217; es una emocionante pel\u00edcula con una extraordinaria Fernanda Torres"},"content":{"rendered":"<p>Los \u00d3scar cada vez se van abriendo m\u00e1s a la posibilidad de que pel\u00edculas no hechas en Hollywood arrasen en los \u00d3scar. Hace unos a\u00f1os fue <a class=\"text-outboundlink\" href=\"https:\/\/www.espinof.com\/criticas\/parasitos-rotunda-obra-maestra\" data-vars-post-title=\"'Par\u00e1sitos': una rotunda obra maestra\" data-vars-post-url=\"https:\/\/www.espinof.com\/criticas\/parasitos-rotunda-obra-maestra\">&#8216;Par\u00e1sitos&#8217;<\/a> la que hizo historia, pero todo apunta a que no va a quedarse en una an\u00e9cdota. Por ejemplo, este a\u00f1o <a class=\"text-outboundlink\" href=\"https:\/\/www.espinof.com\/criticas\/emilia-perez-mejores-peliculas-ano-jacques-audiard-basa-su-musical-imprevisibilidad-triunfa-cine-algoritmico-festival-san-sebastian-2024\" data-vars-post-title=\"'Emilia P\u00e9rez' es una de las mejores pel\u00edculas del a\u00f1o: Jacques Audiard basa su musical en la imprevisibilidad y triunfa ante el cine algor\u00edtmico | Festival de San Sebasti\u00e1n 2024\" data-vars-post-url=\"https:\/\/www.espinof.com\/criticas\/emilia-perez-mejores-peliculas-ano-jacques-audiard-basa-su-musical-imprevisibilidad-triunfa-cine-algoritmico-festival-san-sebastian-2024\">&#8216;Emilia P\u00e9rez&#8217;<\/a> parec\u00eda la gran favorita hasta que estall\u00f3 toda la pol\u00e9mica con <strong>Karla Sof\u00eda Gasc\u00f3n<\/strong>, pero la que ahora nos interesa es <strong>&#8216;A\u00fan estoy aqu\u00ed&#8217;<\/strong>, largometraje brasile\u00f1o <a class=\"text-outboundlink\" href=\"https:\/\/www.espinof.com\/todo-lo-que-sabemos\/premios-oscar-2025-nominados-favoritos-fecha-gala-otros-detalles-gran-evento-cinematografico\" data-vars-post-title=\"Premios Oscar 2025: nominados, favoritos, fecha de la gala y otros detalles del gran evento cinematogr\u00e1fico\" data-vars-post-url=\"https:\/\/www.espinof.com\/todo-lo-que-sabemos\/premios-oscar-2025-nominados-favoritos-fecha-gala-otros-detalles-gran-evento-cinematografico\">nominado a tres premios<\/a> de la Academia de Hollywood, entre ellos el de mejor pel\u00edcula.<\/p>\n<p><!-- BREAK 1 --> <\/p>\n<p>El nuevo trabajo de <strong>Walter Salles<\/strong> se ha cansado de recibir alabanzas desde su presentaci\u00f3n en el Festival de Venecia del a\u00f1o pasado. Y las buenas noticias no se han quedado ah\u00ed, pues tambi\u00e9n ha arrasado en taquilla, convirti\u00e9ndose en la pel\u00edcula brasile\u00f1a m\u00e1s taquillera de los \u00faltimos a\u00f1os. A todo eso hay que sumarle que es <strong>un excelente drama<\/strong> que nunca cae en el error de caer en lo lacrim\u00f3geno pese a la innegable fuerza de la historia real que adapta.<\/p>\n<p><!-- BREAK 2 --><\/p>\n<div class=\"video-boost-container article-asset-normal\"> <span class=\"video-boost-title\">EJE\u0301RCITO DE LOS MUERTOS es PURO ZACK SNYDER | Cri\u0301tica SIN SPOILERS (Army of the Dead)<\/span>\n<\/div>\n<h2>Sin prisa<\/h2>\n<div class=\"article-asset-image article-asset-normal article-asset-center\">\n<div class=\"asset-content\"> <img class=\"centro_sinmarco\" height=\"729\" width=\"1296\" loading=\"lazy\" decoding=\"async\" sizes=\"100vw\" fetchpriority=\"high\" srcset=\"http:\/\/hoycordobaweb.com\/wp-content\/uploads\/2025\/02\/sus-nominaciones-al-oscar-son-muy-merecidas-aun-estoy-aqui-es-una-emocionante-pelicula-con-una-extraordinaria-fernanda-torres.jpg 450w, http:\/\/hoycordobaweb.com\/wp-content\/uploads\/2025\/02\/sus-nominaciones-al-oscar-son-muy-merecidas-aun-estoy-aqui-es-una-emocionante-pelicula-con-una-extraordinaria-fernanda-torres-5.jpg 681w, http:\/\/hoycordobaweb.com\/wp-content\/uploads\/2025\/02\/sus-nominaciones-al-oscar-son-muy-merecidas-aun-estoy-aqui-es-una-emocionante-pelicula-con-una-extraordinaria-fernanda-torres-6.jpg 1024w, http:\/\/hoycordobaweb.com\/wp-content\/uploads\/2025\/02\/sus-nominaciones-al-oscar-son-muy-merecidas-aun-estoy-aqui-es-una-emocionante-pelicula-con-una-extraordinaria-fernanda-torres-7.jpg 1366w\" src=\"http:\/\/hoycordobaweb.com\/wp-content\/uploads\/2025\/02\/sus-nominaciones-al-oscar-son-muy-merecidas-aun-estoy-aqui-es-una-emocionante-pelicula-con-una-extraordinaria-fernanda-torres.jpg\" alt=\"Aqui\"> <noscript><img alt=\"Aqui\" class=\"centro_sinmarco\" src=\"http:\/\/hoycordobaweb.com\/wp-content\/uploads\/2025\/02\/sus-nominaciones-al-oscar-son-muy-merecidas-aun-estoy-aqui-es-una-emocionante-pelicula-con-una-extraordinaria-fernanda-torres.jpg\"><\/noscript> <\/div>\n<\/div>\n<p>&#8216;A\u00fan estoy aqu\u00ed&#8217; nos lleva hasta 1971 para mostrarnos c\u00f3mo el antiguo diputado <strong>Rubens Paiva<\/strong> era secuestrado por la Dictadura militar de Brasil, lo cual pone en una situaci\u00f3n muy delicada a su familia, en especial a su esposa. Partiendo de las memorias de <strong>Marcelo Rubens Paiva<\/strong> sobre c\u00f3mo reaccion\u00f3 su madre, los guionistas <strong>Murilo Hauser y Heitor Lorega<\/strong> proponen un relato estructurado en cuatro partes diferentes que se retroalimentan entre s\u00ed y convierten lo que en una gran pel\u00edcula lo que podr\u00eda ser otra historia de secuestrados.<\/p>\n<p><!-- BREAK 3 --> <\/p>\n<p><strong>Salles se toma todo con calma<\/strong> en &#8216;A\u00fan estoy aqu\u00ed&#8217;, pero eso no quiere decir que estemos ante una pel\u00edcula con un ritmo moroso o que vaya dando vueltas sobre las mismas ideas de forma innecesaria. La realidad es que estamos ante una pel\u00edcula que se preocupa por sentar unos cimientos s\u00f3lidos y que huye del sensacionalismo, por lo que prefiere que todo va fluyendo con naturalidad para intentar conseguir ese esquivo realismo al que tantos aspiran y que pocos logran captar de forma satisfactoria.<\/p>\n<p><!-- BREAK 4 --><\/p>\n<div class=\"article-asset article-asset-normal article-asset-center\">\n<div class=\"desvio-container\">\n<div class=\"desvio\">\n<div class=\"desvio-figure js-desvio-figure\"> <a href=\"https:\/\/www.espinof.com\/listas\/mejores-peliculas-2025\" class=\"pivot-outboundlink\" data-vars-post-title=\"Las 8 mejores pel\u00edculas de 2025 (por ahora)\"> <img loading=\"lazy\" alt=\"Las 8 mejores pel\u00edculas de 2025 (por ahora)\" width=\"375\" height=\"142\" src=\"http:\/\/hoycordobaweb.com\/wp-content\/uploads\/2025\/02\/sus-nominaciones-al-oscar-son-muy-merecidas-aun-estoy-aqui-es-una-emocionante-pelicula-con-una-extraordinaria-fernanda-torres-1.jpg\"> <\/a> <\/div><\/div><\/div>\n<\/div>\n<p>Eso es algo que se percibe desde los primeros minutos, donde &#8216;A\u00fan estoy aqu\u00ed&#8217; es la historia de una familia que intenta mantener una vida normal y feliz, pero a sabiendas en todo momento de la terrible realidad pol\u00edtica que asola su pa\u00eds. Por ello, Salles no cae en ofrecer un mero retrato idealista de dicha familia, pero s\u00ed sienta muy bien las bases para que entendamos la buena relaci\u00f3n que hab\u00eda entre ellos. <strong>De esa forma, cuando llega al mazazo, el golpe resulta a\u00fan m\u00e1s duro<\/strong>.<\/p>\n<p><!-- BREAK 5 --><\/p>\n<div class=\"article-asset-image article-asset-normal article-asset-center\">\n<div class=\"asset-content\"> <img class=\"centro_sinmarco\" height=\"2832\" width=\"4240\" loading=\"lazy\" decoding=\"async\" sizes=\"100vw\" fetchpriority=\"high\" srcset=\"http:\/\/hoycordobaweb.com\/wp-content\/uploads\/2025\/02\/sus-nominaciones-al-oscar-son-muy-merecidas-aun-estoy-aqui-es-una-emocionante-pelicula-con-una-extraordinaria-fernanda-torres-2.jpg 450w, http:\/\/hoycordobaweb.com\/wp-content\/uploads\/2025\/02\/sus-nominaciones-al-oscar-son-muy-merecidas-aun-estoy-aqui-es-una-emocionante-pelicula-con-una-extraordinaria-fernanda-torres-8.jpg 681w, http:\/\/hoycordobaweb.com\/wp-content\/uploads\/2025\/02\/sus-nominaciones-al-oscar-son-muy-merecidas-aun-estoy-aqui-es-una-emocionante-pelicula-con-una-extraordinaria-fernanda-torres-9.jpg 1024w, http:\/\/hoycordobaweb.com\/wp-content\/uploads\/2025\/02\/sus-nominaciones-al-oscar-son-muy-merecidas-aun-estoy-aqui-es-una-emocionante-pelicula-con-una-extraordinaria-fernanda-torres-10.jpg 1366w\" src=\"http:\/\/hoycordobaweb.com\/wp-content\/uploads\/2025\/02\/sus-nominaciones-al-oscar-son-muy-merecidas-aun-estoy-aqui-es-una-emocionante-pelicula-con-una-extraordinaria-fernanda-torres-2.jpg\" alt=\"Aun Estoy Aqui\"> <noscript><img alt=\"Aun Estoy Aqui\" class=\"centro_sinmarco\" src=\"http:\/\/hoycordobaweb.com\/wp-content\/uploads\/2025\/02\/sus-nominaciones-al-oscar-son-muy-merecidas-aun-estoy-aqui-es-una-emocionante-pelicula-con-una-extraordinaria-fernanda-torres-2.jpg\"><\/noscript> <\/div>\n<\/div>\n<p>A partir de entonces, &#8216;A\u00fan estoy aqu\u00ed&#8217; podr\u00eda haberse convertido en una pel\u00edcula m\u00e1s de madre coraje para el mero lucimiento personal de una extraordinaria <strong>Fernanda Torres<\/strong>, e imagino que habr\u00e1 algunos que quieran despacharla as\u00ed. Ser\u00eda un error, ya que es cierto que hay una fase de la pel\u00edcula en la que se lleva al l\u00edmite el dolor tanto f\u00edsico como emocional de su protagonista, pero a la hora de la verdad se siente m\u00e1s como otra forma m\u00e1s de incidir en que tu destino en Brasil estaba totalmente fuera de tu control cuando el ej\u00e9rcito decid\u00eda que hab\u00eda llegado tu hora.<\/p>\n<p><!-- BREAK 6 --> <\/p>\n<p>No obstante, &#8216;A\u00fan estoy aqu\u00ed&#8217; se apoya al mismo tiempo en la ausencia y la presencia de alguien: la desaparici\u00f3n de un marido y c\u00f3mo su familia sobrelleva y asimila su nueva realidad como resultado de ello, pero tambi\u00e9n en un madre que hace todo lo posible para que salgan adelante mientras al mismo tiempo busca un reconocimiento de lo que ha sucedido. Ambos juegos se prestaban a grandes momentos dram\u00e1ticos, pero <strong>tanto Salles como Torres apuestan por una sencillez que algunos confundir\u00e1n con simpleza<\/strong>. Lo cierto es que hay multitud de matices en la forma que tienen ambos de mostrar las emociones que la pel\u00edcula quiere transmitir al p\u00fablico.<\/p>\n<p><!-- BREAK 7 --><\/p>\n<div class=\"article-asset article-asset-normal article-asset-center\">\n<div class=\"desvio-container\">\n<div class=\"desvio\">\n<div class=\"desvio-figure js-desvio-figure\"> <a href=\"https:\/\/www.espinof.com\/listas\/mejores-peliculas-basadas-hechos-reales-historia\" class=\"pivot-outboundlink\" data-vars-post-title=\"Las 27 mejores pel\u00edculas basadas en hechos reales de la historia\"> <img loading=\"lazy\" alt=\"Las 27 mejores pel\u00edculas basadas en hechos reales de la historia\" width=\"375\" height=\"142\" src=\"http:\/\/hoycordobaweb.com\/wp-content\/uploads\/2025\/02\/sus-nominaciones-al-oscar-son-muy-merecidas-aun-estoy-aqui-es-una-emocionante-pelicula-con-una-extraordinaria-fernanda-torres-3.jpg\"> <\/a> <\/div><\/div><\/div>\n<\/div>\n<p>De hecho, &#8216;A\u00fan estoy aqu\u00ed&#8217; es <strong>una pel\u00edcula que va creciendo en la memoria del espectador<\/strong>, resultado directo de que planta muy bien una semilla en nuestra cabeza pero quiz\u00e1 no somos plenamente conscientes de ello nada m\u00e1s acabamos de verla. Al final, la sociedad capitalista impone unos ritmos distintos en los que parece que estamos obligados a decidir todo contrarreloj. Aqu\u00ed eso se destierra por completo en beneficio de un retrato sensible de una historia que sucedi\u00f3 en Brasil en 1971 pero que perfectamente podr\u00eda haber tenido lugar hoy en d\u00eda en alg\u00fan otro pa\u00eds.<\/p>\n<p><!-- BREAK 8 --><\/p>\n<p>Y es que &#8216;A\u00fan estoy aqu\u00ed&#8217; es una pel\u00edcula con <strong>una fuerza atemporal<\/strong> con capacidad de sobra para conquistar tanto a los espectadores que vayan estos d\u00edas a verla a los cines como a aquellos que la recuperen o descubran dentro de varios a\u00f1os.<\/p>\n<p><!-- BREAK 9 --><\/p>\n<p>En Espinof | <a class=\"text-outboundlink\" href=\"https:\/\/www.espinof.com\/listas\/peliculas-esperadas-2025\" data-vars-post-title=\"Las 47 pel\u00edculas m\u00e1s esperadas de 2025 y los mejores estrenos del a\u00f1o: 'Avatar 3', el regreso de John Wick, 'Misi\u00f3n Imposible 8', 'Jurassic World 4' y muchas m\u00e1s\" data-vars-post-url=\"https:\/\/www.espinof.com\/listas\/peliculas-esperadas-2025\">Las 47 pel\u00edculas m\u00e1s esperadas de 2025 y los mejores estrenos del a\u00f1o: &#8216;Avatar 3&#8217;, el regreso de John Wick, &#8216;Misi\u00f3n Imposible 8&#8217;, &#8216;Jurassic World 4&#8217; y muchas m\u00e1s<\/a><\/p>\n<p><!-- BREAK 10 --> <\/p>\n<p>En Espinof | <a class=\"text-outboundlink\" href=\"https:\/\/www.espinof.com\/premios-oscar\/sorpresas-decepciones-imperdonables-olvidos-nominaciones-a-oscar-2025\" data-vars-post-title=\"Las sorpresas, las decepciones y los imperdonables olvidos de las nominaciones a los Premios \u00d3scar 2025\" data-vars-post-url=\"https:\/\/www.espinof.com\/premios-oscar\/sorpresas-decepciones-imperdonables-olvidos-nominaciones-a-oscar-2025\">Las sorpresas, las decepciones y los imperdonables olvidos de las nominaciones a los Premios \u00d3scar 2025<\/a><\/p>\n","protected":false},"excerpt":{"rendered":"<p>Los \u00d3scar cada vez se van abriendo m\u00e1s a la posibilidad de que pel\u00edculas no hechas en Hollywood arrasen en los \u00d3scar. Hace unos a\u00f1os fue &#8216;Par\u00e1sitos&#8217; la que hizo historia, pero todo apunta a que no va a quedarse en una an\u00e9cdota. Por ejemplo, este a\u00f1o &#8216;Emilia P\u00e9rez&#8217; parec\u00eda la gran favorita hasta que [&hellip;]<\/p>\n","protected":false},"author":1,"featured_media":97664,"comment_status":"open","ping_status":"closed","sticky":false,"template":"","format":"standard","meta":[],"categories":[10],"tags":[],"_links":{"self":[{"href":"http:\/\/hoycordobaweb.com\/index.php\/wp-json\/wp\/v2\/posts\/97663"}],"collection":[{"href":"http:\/\/hoycordobaweb.com\/index.php\/wp-json\/wp\/v2\/posts"}],"about":[{"href":"http:\/\/hoycordobaweb.com\/index.php\/wp-json\/wp\/v2\/types\/post"}],"author":[{"embeddable":true,"href":"http:\/\/hoycordobaweb.com\/index.php\/wp-json\/wp\/v2\/users\/1"}],"replies":[{"embeddable":true,"href":"http:\/\/hoycordobaweb.com\/index.php\/wp-json\/wp\/v2\/comments?post=97663"}],"version-history":[{"count":0,"href":"http:\/\/hoycordobaweb.com\/index.php\/wp-json\/wp\/v2\/posts\/97663\/revisions"}],"wp:featuredmedia":[{"embeddable":true,"href":"http:\/\/hoycordobaweb.com\/index.php\/wp-json\/wp\/v2\/media\/97664"}],"wp:attachment":[{"href":"http:\/\/hoycordobaweb.com\/index.php\/wp-json\/wp\/v2\/media?parent=97663"}],"wp:term":[{"taxonomy":"category","embeddable":true,"href":"http:\/\/hoycordobaweb.com\/index.php\/wp-json\/wp\/v2\/categories?post=97663"},{"taxonomy":"post_tag","embeddable":true,"href":"http:\/\/hoycordobaweb.com\/index.php\/wp-json\/wp\/v2\/tags?post=97663"}],"curies":[{"name":"wp","href":"https:\/\/api.w.org\/{rel}","templated":true}]}}