{"id":97281,"date":"2025-02-17T16:27:00","date_gmt":"2025-02-17T16:27:00","guid":{"rendered":"https:\/\/www.mujerhoy.com\/moda\/tendencias\/monos-vaqueros-basicos-diario-primavera-mango-sezane-20250217172341-nt.html"},"modified":"2025-02-17T16:27:00","modified_gmt":"2025-02-17T16:27:00","slug":"estos-monos-vaqueros-son-el-comodin-para-vestir-bien-durante-todo-el-entretiempo-y-primavera","status":"publish","type":"post","link":"http:\/\/hoycordobaweb.com\/index.php\/2025\/02\/17\/estos-monos-vaqueros-son-el-comodin-para-vestir-bien-durante-todo-el-entretiempo-y-primavera\/","title":{"rendered":"Estos monos vaqueros son el comod\u00edn para vestir bien durante todo el entretiempo y primavera"},"content":{"rendered":"<p><!-- AUTHOR --> <\/p>\n<div class=\"voc-author-timesocial \"> <!-- AUTHOR --> <\/p>\n<div class=\"voc-author-timesocial__signature \">\n<div class=\"voc-author-timesocial__img-c\"> <!-- IMAGE AUTHOR --> <picture class=\"voc-image-signature\"> <img class=\"voc-image-signature__img\" src=\"http:\/\/hoycordobaweb.com\/wp-content\/uploads\/2025\/02\/estos-monos-vaqueros-son-el-comodin-para-vestir-bien-durante-todo-el-entretiempo-y-primavera.jpg\" alt=\"Elena Olivero\"> <\/picture> <\/div>\n<p> <!-- INFO AUTHOR --> <\/div><\/div>\n<p> <!-- COMPONENTS --> <\/p>\n<p class=\"voc-paragraph\" data-mrf-recirculation=\"Link art\u00edculo\">La gran mayor\u00eda de mujeres no podemos dejar de llevar unos <a data-voc-vtm-id=\"in-text-traffic\" href=\"https:\/\/www.mujerhoy.com\/moda\/no-te-pierdas\/vaqueros-corte-medio-cualquier-edad-sientan-bien-20250203165552-nt.html\" target=\"_blank\" data-mrf-link=\"https:\/\/www.mujerhoy.com\/moda\/no-te-pierdas\/vaqueros-corte-medio-cualquier-edad-sientan-bien-20250203165552-nt.html\" rel=\"noopener noreferrer\">favorecedores vaqueros a diario<\/a><br \/>\n, porque son la <strong>forma f\u00e1cil de vestir bien<\/strong> y salir del paso sin complicarnos. Pero, este tejido tan pr\u00e1ctico y atemporal da para mucho m\u00e1s. De hecho, en su versi\u00f3n <a data-voc-vtm-id=\"in-text-traffic\" href=\"https:\/\/www.mujerhoy.com\/moda\/no-te-pierdas\/faldas-vaqueras-rebajas-basicos-corte-ingles-20250202130657-nt.html\" target=\"_blank\" data-mrf-link=\"https:\/\/www.mujerhoy.com\/moda\/no-te-pierdas\/faldas-vaqueras-rebajas-basicos-corte-ingles-20250202130657-nt.html\" rel=\"noopener noreferrer\">falda denim<\/a> puedes ir incluso m\u00e1s favorecida, sobre todo de cara al buen tiempo.\n<\/p>\n<p class=\"voc-paragraph\" data-mrf-recirculation=\"Link art\u00edculo\">Igualmente, los vestidos tambi\u00e9n son una alternativa super practica y femenina con la que llevar el <a data-voc-vtm-id=\"in-text-traffic\" href=\"https:\/\/www.mujerhoy.com\/moda\/tendencias\/camisas-vaqueras-originales-elegantes-elevar-looks-diario-tendencia-20250130104910-nt.html\" target=\"_blank\" data-mrf-link=\"https:\/\/www.mujerhoy.com\/moda\/tendencias\/camisas-vaqueras-originales-elegantes-elevar-looks-diario-tendencia-20250130104910-nt.html\" rel=\"noopener noreferrer\">textil tejano<\/a> imprescindible del armario. Pero, si de verdad buscas soluciones f\u00e1ciles con las que ir c\u00f3moda, chic y no pasar ni un segundo pensando en qu\u00e9 ponerte, necesitas estos <strong>monos vaqueros<\/strong> ponibles para primavera que son un must have seg\u00fan toda experta en moda.\n<\/p>\n<p><h3 class=\"voc-detail__title\"> Los mejores monos vaqueros para primavera<br \/>\n<\/h3>\n<\/p>\n<div class=\"voc-detail-photo-zoom\"> <picture data-toggle=\"modal\" data-target=\"#photoZoomModal-535\" target=\"modal\">\n<div class=\"voc-img-icon-link\"> <img loading=\"lazy\" src=\"http:\/\/hoycordobaweb.com\/wp-content\/uploads\/2025\/02\/estos-monos-vaqueros-son-el-comodin-para-vestir-bien-durante-todo-el-entretiempo-y-primavera-1.jpg\" width=\"650\" height=\"900\" alt=\"Mono vaquero largo oscuro\"> <noscript> <img src=\"http:\/\/hoycordobaweb.com\/wp-content\/uploads\/2025\/02\/estos-monos-vaqueros-son-el-comodin-para-vestir-bien-durante-todo-el-entretiempo-y-primavera-1.jpg\" alt=\"Mono vaquero largo oscuro\"> <\/noscript> <i class=\"voc-icons zoom voc-multimedia-box voc-ico-l\"><\/i> <\/div><figcaption class=\"figure-caption\">Mono vaquero largo oscuro<\/figcaption><\/picture>\n<\/div>\n<div id=\"photoZoomModal-535\" class=\"voc-lightbox modal fade voc-lightbox--photo-zoom\" role=\"dialog\" data-voc-photozoom-lightbox>\n<div class=\"voc-lightbox__dialog\" role=\"document\">\n<div class=\"voc-lightbox__content\"> <!-- Modal header --> <!-- Modal content --> <\/p>\n<div class=\"voc-lightbox__photo-container\"> <picture class> <img loading=\"lazy\" src=\"http:\/\/hoycordobaweb.com\/wp-content\/uploads\/2025\/02\/estos-monos-vaqueros-son-el-comodin-para-vestir-bien-durante-todo-el-entretiempo-y-primavera-1.jpg\" alt=\"Mono vaquero largo oscuro\"> <noscript> <img src=\"http:\/\/hoycordobaweb.com\/wp-content\/uploads\/2025\/02\/estos-monos-vaqueros-son-el-comodin-para-vestir-bien-durante-todo-el-entretiempo-y-primavera-1.jpg\" alt=\"Mono vaquero largo oscuro\"> <\/noscript> <\/picture> <\/div><\/div><\/div>\n<\/div>\n<p class=\"voc-paragraph\" data-mrf-recirculation=\"Link art\u00edculo\">Solo necesitas unos pendientes dorados, un bolso shopper y unos <a data-voc-vtm-id=\"in-text-traffic\" href=\"https:\/\/www.mujerhoy.com\/moda\/tendencias\/botines-punta-cuadrada-zapato-viral-tendencia-invierno-mango-hym-20241228134332-nt.html\" target=\"_blank\" data-mrf-link=\"https:\/\/www.mujerhoy.com\/moda\/tendencias\/botines-punta-cuadrada-zapato-viral-tendencia-invierno-mango-hym-20241228134332-nt.html\" rel=\"noopener noreferrer\">botines de tac\u00f3n<\/a> para vestir elegant\u00edsima a diario con este <strong>mono largo vaquero azul oscuro<\/strong>, de Mango. Queda entallado al cuerpo. Las perneras son rectas. Incorpora cintur\u00f3n ancho a juego. Tiene mangas largas. El cuello es de solapa camisero. Incluye bolsillos. Y, cuenta con cierre de botones frontal. C\u00f3mpralo a 49,99 euros.\n<\/p>\n<div class=\"voc-detail-photo-zoom\"> <picture data-toggle=\"modal\" data-target=\"#photoZoomModal-42\" target=\"modal\">\n<div class=\"voc-img-icon-link\"> <img loading=\"lazy\" src=\"http:\/\/hoycordobaweb.com\/wp-content\/uploads\/2025\/02\/estos-monos-vaqueros-son-el-comodin-para-vestir-bien-durante-todo-el-entretiempo-y-primavera-2.jpg\" width=\"650\" height=\"900\" alt=\"Mono vaquero culotte de manga corta\"> <noscript> <img src=\"http:\/\/hoycordobaweb.com\/wp-content\/uploads\/2025\/02\/estos-monos-vaqueros-son-el-comodin-para-vestir-bien-durante-todo-el-entretiempo-y-primavera-2.jpg\" alt=\"Mono vaquero culotte de manga corta\"> <\/noscript> <i class=\"voc-icons zoom voc-multimedia-box voc-ico-l\"><\/i> <\/div><figcaption class=\"figure-caption\">Mono vaquero culotte de manga corta<\/figcaption><\/picture>\n<\/div>\n<div id=\"photoZoomModal-42\" class=\"voc-lightbox modal fade voc-lightbox--photo-zoom\" role=\"dialog\" data-voc-photozoom-lightbox>\n<div class=\"voc-lightbox__dialog\" role=\"document\">\n<div class=\"voc-lightbox__content\"> <!-- Modal header --> <!-- Modal content --> <\/p>\n<div class=\"voc-lightbox__photo-container\"> <picture class> <img loading=\"lazy\" src=\"http:\/\/hoycordobaweb.com\/wp-content\/uploads\/2025\/02\/estos-monos-vaqueros-son-el-comodin-para-vestir-bien-durante-todo-el-entretiempo-y-primavera-2.jpg\" alt=\"Mono vaquero culotte de manga corta\"> <noscript> <img src=\"http:\/\/hoycordobaweb.com\/wp-content\/uploads\/2025\/02\/estos-monos-vaqueros-son-el-comodin-para-vestir-bien-durante-todo-el-entretiempo-y-primavera-2.jpg\" alt=\"Mono vaquero culotte de manga corta\"> <\/noscript> <\/picture> <\/div><\/div><\/div>\n<\/div>\n<p class=\"voc-paragraph\" data-mrf-recirculation=\"Link art\u00edculo\">Durante la primavera, apuesta por ir igual de favorecida que las francesas con un <a data-voc-vtm-id=\"in-text-traffic\" href=\"https:\/\/www.mujerhoy.com\/moda\/no-te-pierdas\/rebecas-punto-favoritas-francesas-sezane-20250205131436-nt.html\" target=\"_blank\" data-mrf-link=\"https:\/\/www.mujerhoy.com\/moda\/no-te-pierdas\/rebecas-punto-favoritas-francesas-sezane-20250205131436-nt.html\" rel=\"noopener noreferrer\">c\u00e1rdigan rom\u00e1ntico<\/a> o gabardina cl\u00e1sica, unos zapatos mary jane rojos y este <strong>mono vaquero estilo culotte<\/strong> en azul medio, tambi\u00e9n de Mango. Cuenta con cuello solapa con muesca y escote de pico. Las mangas son cortas. Se ci\u00f1e ligeramente a la cintura. Incorpora bolsillos. Se adorna con pinzas en el delantero. Y, las perneras son anchas y fluidas, por encima del tobillo. Cuesta 39,99 euros.\n<\/p>\n<div class=\"voc-detail-photo-zoom\"> <picture data-toggle=\"modal\" data-target=\"#photoZoomModal-30\" target=\"modal\">\n<div class=\"voc-img-icon-link\"> <img loading=\"lazy\" src=\"http:\/\/hoycordobaweb.com\/wp-content\/uploads\/2025\/02\/estos-monos-vaqueros-son-el-comodin-para-vestir-bien-durante-todo-el-entretiempo-y-primavera-3.jpg\" width=\"650\" height=\"900\" alt=\"Mono vaquero largo setentero\"> <noscript> <img src=\"http:\/\/hoycordobaweb.com\/wp-content\/uploads\/2025\/02\/estos-monos-vaqueros-son-el-comodin-para-vestir-bien-durante-todo-el-entretiempo-y-primavera-3.jpg\" alt=\"Mono vaquero largo setentero\"> <\/noscript> <i class=\"voc-icons zoom voc-multimedia-box voc-ico-l\"><\/i> <\/div><figcaption class=\"figure-caption\">Mono vaquero largo setentero<\/figcaption><\/picture>\n<\/div>\n<div id=\"photoZoomModal-30\" class=\"voc-lightbox modal fade voc-lightbox--photo-zoom\" role=\"dialog\" data-voc-photozoom-lightbox>\n<div class=\"voc-lightbox__dialog\" role=\"document\">\n<div class=\"voc-lightbox__content\"> <!-- Modal header --> <!-- Modal content --> <\/p>\n<div class=\"voc-lightbox__photo-container\"> <picture class> <img loading=\"lazy\" src=\"http:\/\/hoycordobaweb.com\/wp-content\/uploads\/2025\/02\/estos-monos-vaqueros-son-el-comodin-para-vestir-bien-durante-todo-el-entretiempo-y-primavera-3.jpg\" alt=\"Mono vaquero largo setentero\"> <noscript> <img src=\"http:\/\/hoycordobaweb.com\/wp-content\/uploads\/2025\/02\/estos-monos-vaqueros-son-el-comodin-para-vestir-bien-durante-todo-el-entretiempo-y-primavera-3.jpg\" alt=\"Mono vaquero largo setentero\"> <\/noscript> <\/picture> <\/div><\/div><\/div>\n<\/div>\n<p class=\"voc-paragraph\" data-mrf-recirculation=\"Link art\u00edculo\">Otra opci\u00f3n es la de llevar un look de oficina super chic con mocasines de tac\u00f3n, <a data-voc-vtm-id=\"in-text-traffic\" href=\"https:\/\/www.mujerhoy.com\/moda\/tendencias\/especial-bolso-marron-ante-viral-cos-tendencia-20240918125729-nt.html\" target=\"_blank\" data-mrf-link=\"https:\/\/www.mujerhoy.com\/moda\/tendencias\/especial-bolso-marron-ante-viral-cos-tendencia-20240918125729-nt.html\" rel=\"noopener noreferrer\">bolsos de ante<\/a> y este <strong>mono largo en tejido denim azul<\/strong>, de S\u00e9zane. Queda ajustado aunque es el\u00e1stico. Las mangas son largas con pu\u00f1os abotonados. Tiene cuello solapa. Incluye cintur\u00f3n ancho con hebilla. Las perneras son rectas. Y, cuenta con cierre de botones. Su precio es de 150 euros.\n<\/p>\n<div class=\"voc-detail-photo-zoom\"> <picture data-toggle=\"modal\" data-target=\"#photoZoomModal-269\" target=\"modal\">\n<div class=\"voc-img-icon-link\"> <img loading=\"lazy\" src=\"http:\/\/hoycordobaweb.com\/wp-content\/uploads\/2025\/02\/estos-monos-vaqueros-son-el-comodin-para-vestir-bien-durante-todo-el-entretiempo-y-primavera-4.jpg\" width=\"650\" height=\"900\" alt=\"Mono vaquero estilo peto\"> <noscript> <img src=\"http:\/\/hoycordobaweb.com\/wp-content\/uploads\/2025\/02\/estos-monos-vaqueros-son-el-comodin-para-vestir-bien-durante-todo-el-entretiempo-y-primavera-4.jpg\" alt=\"Mono vaquero estilo peto\"> <\/noscript> <i class=\"voc-icons zoom voc-multimedia-box voc-ico-l\"><\/i> <\/div><figcaption class=\"figure-caption\">Mono vaquero estilo peto<\/figcaption><\/picture>\n<\/div>\n<div id=\"photoZoomModal-269\" class=\"voc-lightbox modal fade voc-lightbox--photo-zoom\" role=\"dialog\" data-voc-photozoom-lightbox>\n<div class=\"voc-lightbox__dialog\" role=\"document\">\n<div class=\"voc-lightbox__content\"> <!-- Modal header --> <!-- Modal content --> <\/p>\n<div class=\"voc-lightbox__photo-container\"> <picture class> <img loading=\"lazy\" src=\"http:\/\/hoycordobaweb.com\/wp-content\/uploads\/2025\/02\/estos-monos-vaqueros-son-el-comodin-para-vestir-bien-durante-todo-el-entretiempo-y-primavera-4.jpg\" alt=\"Mono vaquero estilo peto\"> <noscript> <img src=\"http:\/\/hoycordobaweb.com\/wp-content\/uploads\/2025\/02\/estos-monos-vaqueros-son-el-comodin-para-vestir-bien-durante-todo-el-entretiempo-y-primavera-4.jpg\" alt=\"Mono vaquero estilo peto\"> <\/noscript> <\/picture> <\/div><\/div><\/div>\n<\/div>\n<p class=\"voc-paragraph\" data-mrf-recirculation=\"Link art\u00edculo\">Las parisinas tienen una prenda predilecta para combinar bailarinas bonitas y <a data-voc-vtm-id=\"in-text-traffic\" href=\"https:\/\/www.mujerhoy.com\/moda\/no-te-pierdas\/camisas-romanticas-favorecedoras-novedades-sfera-20250203130202-nt.html\" target=\"_blank\" data-mrf-link=\"https:\/\/www.mujerhoy.com\/moda\/no-te-pierdas\/camisas-romanticas-favorecedoras-novedades-sfera-20250203130202-nt.html\" rel=\"noopener noreferrer\">blusas rom\u00e1nticas<\/a> o camisetas b\u00e1sicas blancas, durante la primavera. Es este <strong>mono tipo peto en tejido vaquero<\/strong>, de S\u00e9zane. Cuenta con tirantes anchos regulables con cierre de gancho. Incorpora bolsillo central en el pecho. Las perneras son rectas y cropped. Y, tiene cierre de botones a los lados de las caderas. Hazte con \u00e9l a 150 euros.\n<\/p>\n<div class=\"voc-detail-photo-zoom\"> <picture data-toggle=\"modal\" data-target=\"#photoZoomModal-267\" target=\"modal\">\n<div class=\"voc-img-icon-link\"> <img loading=\"lazy\" src=\"http:\/\/hoycordobaweb.com\/wp-content\/uploads\/2025\/02\/estos-monos-vaqueros-son-el-comodin-para-vestir-bien-durante-todo-el-entretiempo-y-primavera-5.jpg\" width=\"650\" height=\"900\" alt=\"Mono vaquero con cintur\u00f3n de lazo\"> <noscript> <img src=\"http:\/\/hoycordobaweb.com\/wp-content\/uploads\/2025\/02\/estos-monos-vaqueros-son-el-comodin-para-vestir-bien-durante-todo-el-entretiempo-y-primavera-5.jpg\" alt=\"Mono vaquero con cintur\u00f3n de lazo\"> <\/noscript> <i class=\"voc-icons zoom voc-multimedia-box voc-ico-l\"><\/i> <\/div><figcaption class=\"figure-caption\">Mono vaquero con cintur\u00f3n de lazo<\/figcaption><\/picture>\n<\/div>\n<div id=\"photoZoomModal-267\" class=\"voc-lightbox modal fade voc-lightbox--photo-zoom\" role=\"dialog\" data-voc-photozoom-lightbox>\n<div class=\"voc-lightbox__dialog\" role=\"document\">\n<div class=\"voc-lightbox__content\"> <!-- Modal header --> <!-- Modal content --> <\/p>\n<div class=\"voc-lightbox__photo-container\"> <picture class> <img loading=\"lazy\" src=\"http:\/\/hoycordobaweb.com\/wp-content\/uploads\/2025\/02\/estos-monos-vaqueros-son-el-comodin-para-vestir-bien-durante-todo-el-entretiempo-y-primavera-5.jpg\" alt=\"Mono vaquero con cintur\u00f3n de lazo\"> <noscript> <img src=\"http:\/\/hoycordobaweb.com\/wp-content\/uploads\/2025\/02\/estos-monos-vaqueros-son-el-comodin-para-vestir-bien-durante-todo-el-entretiempo-y-primavera-5.jpg\" alt=\"Mono vaquero con cintur\u00f3n de lazo\"> <\/noscript> <\/picture> <\/div><\/div><\/div>\n<\/div>\n<p class=\"voc-paragraph\" data-mrf-recirculation=\"Link art\u00edculo\">Puedes ir muy elegante y bien vestida con unos <a data-voc-vtm-id=\"in-text-traffic\" href=\"https:\/\/www.mujerhoy.com\/moda\/no-te-pierdas\/zapatos-tacon-bajo-elegantes-comodos-calzado-expertas-moda-zara-mango-20250102174514-nt.html\" target=\"_blank\" data-mrf-link=\"https:\/\/www.mujerhoy.com\/moda\/no-te-pierdas\/zapatos-tacon-bajo-elegantes-comodos-calzado-expertas-moda-zara-mango-20250102174514-nt.html\" rel=\"noopener noreferrer\">zapatos kitten heel<\/a><br \/>\n, un bolso de piel y una blazer b\u00e1sica, m\u00e1s este <strong>mono denim oscuro<\/strong> de Asos. Tiene perneras anchas y rectas. Incorpora cintur\u00f3n de lazo. Las mangas son cortas. Cuenta con bolsillos a los lados. El cuello es camisero. Y, el cierre es de cremallera frontal. Lo conseguir\u00e1s por 59,99 euros.\n<\/p>\n<div class=\"voc-detail-photo-zoom\"> <picture data-toggle=\"modal\" data-target=\"#photoZoomModal-456\" target=\"modal\">\n<div class=\"voc-img-icon-link\"> <img loading=\"lazy\" src=\"http:\/\/hoycordobaweb.com\/wp-content\/uploads\/2025\/02\/estos-monos-vaqueros-son-el-comodin-para-vestir-bien-durante-todo-el-entretiempo-y-primavera-6.jpg\" width=\"650\" height=\"900\" alt=\"Mono vaquero slim fit\"> <noscript> <img src=\"http:\/\/hoycordobaweb.com\/wp-content\/uploads\/2025\/02\/estos-monos-vaqueros-son-el-comodin-para-vestir-bien-durante-todo-el-entretiempo-y-primavera-6.jpg\" alt=\"Mono vaquero slim fit\"> <\/noscript> <i class=\"voc-icons zoom voc-multimedia-box voc-ico-l\"><\/i> <\/div><figcaption class=\"figure-caption\">Mono vaquero slim fit<\/figcaption><\/picture>\n<\/div>\n<div id=\"photoZoomModal-456\" class=\"voc-lightbox modal fade voc-lightbox--photo-zoom\" role=\"dialog\" data-voc-photozoom-lightbox>\n<div class=\"voc-lightbox__dialog\" role=\"document\">\n<div class=\"voc-lightbox__content\"> <!-- Modal header --> <!-- Modal content --> <\/p>\n<div class=\"voc-lightbox__photo-container\"> <picture class> <img loading=\"lazy\" src=\"http:\/\/hoycordobaweb.com\/wp-content\/uploads\/2025\/02\/estos-monos-vaqueros-son-el-comodin-para-vestir-bien-durante-todo-el-entretiempo-y-primavera-6.jpg\" alt=\"Mono vaquero slim fit\"> <noscript> <img src=\"http:\/\/hoycordobaweb.com\/wp-content\/uploads\/2025\/02\/estos-monos-vaqueros-son-el-comodin-para-vestir-bien-durante-todo-el-entretiempo-y-primavera-6.jpg\" alt=\"Mono vaquero slim fit\"> <\/noscript> <\/picture> <\/div><\/div><\/div>\n<\/div>\n<p class=\"voc-paragraph\" data-mrf-recirculation=\"Link art\u00edculo\">Tanto <a data-voc-vtm-id=\"in-text-traffic\" href=\"https:\/\/www.mujerhoy.com\/moda\/tendencias\/botines-cowboy-zapatos-tendencia-otono-stradivarius-corte-ingles-20241011125134-nt.html\" target=\"_blank\" data-mrf-link=\"https:\/\/www.mujerhoy.com\/moda\/tendencias\/botines-cowboy-zapatos-tendencia-otono-stradivarius-corte-ingles-20241011125134-nt.html\" rel=\"noopener noreferrer\">botines cowboy<\/a> como unos botines chelsea y un bolso de flecos, ser\u00e1n las parejas perfectas de este <strong>mono largo de corte slim en denim azul<\/strong>, de Asos. Las perneras son rectas y holgadas. Queda ce\u00f1ido a la cintura. Cuenta con cuatro bolsillos. Las mangas son largas con pu\u00f1os abotonados. El cuello es camisero. Y, tiene cierre de botones. Est\u00e1 disponible a 84,99 euros.\n<\/p>\n<div class=\"voc-detail-photo-zoom\"> <picture data-toggle=\"modal\" data-target=\"#photoZoomModal-694\" target=\"modal\">\n<div class=\"voc-img-icon-link\"> <img loading=\"lazy\" src=\"http:\/\/hoycordobaweb.com\/wp-content\/uploads\/2025\/02\/estos-monos-vaqueros-son-el-comodin-para-vestir-bien-durante-todo-el-entretiempo-y-primavera-7.jpg\" width=\"650\" height=\"900\" alt=\"Mono vaquero con mangas largas abullonadas\"> <noscript> <img src=\"http:\/\/hoycordobaweb.com\/wp-content\/uploads\/2025\/02\/estos-monos-vaqueros-son-el-comodin-para-vestir-bien-durante-todo-el-entretiempo-y-primavera-7.jpg\" alt=\"Mono vaquero con mangas largas abullonadas\"> <\/noscript> <i class=\"voc-icons zoom voc-multimedia-box voc-ico-l\"><\/i> <\/div><figcaption class=\"figure-caption\">Mono vaquero con mangas largas abullonadas<\/figcaption><\/picture>\n<\/div>\n<div id=\"photoZoomModal-694\" class=\"voc-lightbox modal fade voc-lightbox--photo-zoom\" role=\"dialog\" data-voc-photozoom-lightbox>\n<div class=\"voc-lightbox__dialog\" role=\"document\">\n<div class=\"voc-lightbox__content\"> <!-- Modal header --> <!-- Modal content --> <\/p>\n<div class=\"voc-lightbox__photo-container\"> <picture class> <img loading=\"lazy\" src=\"http:\/\/hoycordobaweb.com\/wp-content\/uploads\/2025\/02\/estos-monos-vaqueros-son-el-comodin-para-vestir-bien-durante-todo-el-entretiempo-y-primavera-7.jpg\" alt=\"Mono vaquero con mangas largas abullonadas\"> <noscript> <img src=\"http:\/\/hoycordobaweb.com\/wp-content\/uploads\/2025\/02\/estos-monos-vaqueros-son-el-comodin-para-vestir-bien-durante-todo-el-entretiempo-y-primavera-7.jpg\" alt=\"Mono vaquero con mangas largas abullonadas\"> <\/noscript> <\/picture> <\/div><\/div><\/div>\n<\/div>\n<p class=\"voc-paragraph\" data-mrf-recirculation=\"Link art\u00edculo\">Cualquier zapato plano, sean bailarinas de colores, mocasines elegantes, <a data-voc-vtm-id=\"in-text-traffic\" href=\"https:\/\/www.mujerhoy.com\/moda\/no-te-pierdas\/merceditas-terciopelo-zapato-plano-comodo-favorito-pijas-invierno-corte-ingles-20250103092422-nt.html\" target=\"_blank\" data-mrf-link=\"https:\/\/www.mujerhoy.com\/moda\/no-te-pierdas\/merceditas-terciopelo-zapato-plano-comodo-favorito-pijas-invierno-corte-ingles-20250103092422-nt.html\" rel=\"noopener noreferrer\">merceditas de terciopelo<\/a> o zuecos, te quedar\u00e1n perfectos con este bonito mono <strong>vaquero largo en azul \u00edndigo<\/strong>, de Marks &amp; Spencer. Las perneras son tobilleras y entalladas. Tiene tiro alto para crear un efecto piernas largas. Queda ajustado. Cuenta con mangas largas abullonadas. El cierre es de cremallera. Incluye bolsillos. Y, el cuello es de solapa. Puedes encontrarlo por 77,50 euros en Zalando.\n<\/p>\n<p> <!-- TOPICS --> <\/p>\n","protected":false},"excerpt":{"rendered":"<p>La gran mayor\u00eda de mujeres no podemos dejar de llevar unos favorecedores vaqueros a diario , porque son la forma f\u00e1cil de vestir bien y salir del paso sin complicarnos. Pero, este tejido tan pr\u00e1ctico y atemporal da para mucho m\u00e1s. De hecho, en su versi\u00f3n falda denim puedes ir incluso m\u00e1s favorecida, sobre todo [&hellip;]<\/p>\n","protected":false},"author":1,"featured_media":97282,"comment_status":"closed","ping_status":"closed","sticky":false,"template":"","format":"standard","meta":[],"categories":[],"tags":[],"_links":{"self":[{"href":"http:\/\/hoycordobaweb.com\/index.php\/wp-json\/wp\/v2\/posts\/97281"}],"collection":[{"href":"http:\/\/hoycordobaweb.com\/index.php\/wp-json\/wp\/v2\/posts"}],"about":[{"href":"http:\/\/hoycordobaweb.com\/index.php\/wp-json\/wp\/v2\/types\/post"}],"author":[{"embeddable":true,"href":"http:\/\/hoycordobaweb.com\/index.php\/wp-json\/wp\/v2\/users\/1"}],"replies":[{"embeddable":true,"href":"http:\/\/hoycordobaweb.com\/index.php\/wp-json\/wp\/v2\/comments?post=97281"}],"version-history":[{"count":0,"href":"http:\/\/hoycordobaweb.com\/index.php\/wp-json\/wp\/v2\/posts\/97281\/revisions"}],"wp:featuredmedia":[{"embeddable":true,"href":"http:\/\/hoycordobaweb.com\/index.php\/wp-json\/wp\/v2\/media\/97282"}],"wp:attachment":[{"href":"http:\/\/hoycordobaweb.com\/index.php\/wp-json\/wp\/v2\/media?parent=97281"}],"wp:term":[{"taxonomy":"category","embeddable":true,"href":"http:\/\/hoycordobaweb.com\/index.php\/wp-json\/wp\/v2\/categories?post=97281"},{"taxonomy":"post_tag","embeddable":true,"href":"http:\/\/hoycordobaweb.com\/index.php\/wp-json\/wp\/v2\/tags?post=97281"}],"curies":[{"name":"wp","href":"https:\/\/api.w.org\/{rel}","templated":true}]}}