{"id":97275,"date":"2025-02-16T21:10:04","date_gmt":"2025-02-16T21:10:04","guid":{"rendered":"https:\/\/www.ole.com.ar\/boca-juniors\/varias-sorpresas-lista-buena-fe-boca-copa-libertadores_0_lG3CU7D4dw.html"},"modified":"2025-02-16T21:10:04","modified_gmt":"2025-02-16T21:10:04","slug":"con-varias-sorpresas-la-lista-de-buena-fe-de-boca-para-la-copa-libertadores","status":"publish","type":"post","link":"http:\/\/hoycordobaweb.com\/index.php\/2025\/02\/16\/con-varias-sorpresas-la-lista-de-buena-fe-de-boca-para-la-copa-libertadores\/","title":{"rendered":"Con varias sorpresas, la lista de buena fe de Boca para la Copa Libertadores"},"content":{"rendered":"<p><img src=\"http:\/\/hoycordobaweb.com\/wp-content\/uploads\/2025\/02\/con-varias-sorpresas-la-lista-de-buena-fe-de-boca-para-la-copa-libertadores.jpg\"><\/p>\n<p><span class=\"createDate\">16\/02\/2025 18:10hs.<\/span><time class=\"modificatedDate\" datetime=\"2025-02-16T18:47:02-03:00\"> Actualizado al 16\/02\/2025 18:47hs.<\/time><\/p>\n<div id=\"storyBody\">\n<div class=\"custom-text \" readability=\"35.707792207792\">\n<p><a href=\"https:\/\/www.ole.com.ar\/tema\/boca-juniors.html\" title=\"Boca Juniors\" alt=\"Boca Juniors\" class=\"slug\">Boca<\/a> har\u00e1 su debut por la Fase 2 de la <a href=\"https:\/\/www.ole.com.ar\/tema\/copa-libertadores.html\" title=\"Copa Libertadores\" alt=\"Copa Libertadores\" class=\"slug\">Copa Libertadores 2025<\/a> ante Alianza Lima, equipo dirigido por N\u00e9stor Gorosito, al que visitar\u00e1 en Per\u00fa el pr\u00f3ximo martes (21:30). Y el Xeneize ya tiene confeccionada su lista buena fe, <strong>donde anot\u00f3 un total de 45 nombres, que incluyen varias sorpresas. \u00bfQui\u00e9nes?<\/strong><\/p>\n<\/div>\n<div class=\"custom-text \" readability=\"28.010075566751\">\n<p>En primer lugar, <strong>hay que destacar que en la lista aparece inscripto <a href=\"https:\/\/www.ole.com.ar\/tema\/sergio-romero.html\" title=\"Sergio Romero\" alt=\"Sergio Romero\" class=\"slug\">Sergio Chiquito Romero<\/a>, <\/strong>a pesar de que volvi\u00f3 a ser operado de su rodilla derecha el 13 de enero y que no tiene fecha de regreso a\u00fan. <a href=\"https:\/\/www.ole.com.ar\/boca-juniors\/chiquito-romero-parte-medico-oficial-operacion-rodilla-derecha_0_VWwGvrW6we.html\" target=\"_blank\" title=\"Se cree que su recuperaci\u00f3n tiene un tiempo de entre tres y cuatro meses desde su intervenci\u00f3n, \" alt=\"Se cree que su recuperaci\u00f3n tiene un tiempo de entre tres y cuatro meses desde su intervenci\u00f3n, \" rel=\"noopener noreferrer\">Se cree que su recuperaci\u00f3n tiene un tiempo de entre tres y cuatro meses desde su intervenci\u00f3n, <\/a>es decir que podr\u00eda ser en abril o mayo, <strong>aunque todo depender\u00e1 de su evoluci\u00f3n, claro est\u00e1. <\/strong><\/p>\n<\/div>\n<div class=\"custom-text \" readability=\"44\">\n<p>En la lista tambi\u00e9n est\u00e1n los siete refuerzos de Boca en este mercado de pases: Agust\u00edn Marches\u00edn, Ayrton Costa, Rodrigo Battaglia, Ander Herrera, Williams Alarc\u00f3n, Carlos Palacios y Alan Velasco. Y cinco caras nuevas: <strong>los pibes Facundo Herrera (18 a\u00f1os), Santiago Zampieri (17), Dante Gonz\u00e1lez (18), Leonel Flores (18) y Tom\u00e1s Aranda (17), <\/strong>quienes aparecen por primera vez en una lista copera y que todav\u00eda no hicieron su debut en el Xeneize.<\/p>\n<\/div>\n<div class=\"custom-text \" readability=\"37\">\n<p>Los otros que figuran en esta lista y que tampoco debutaron en Boca, pero que s\u00ed hab\u00edan estado ya anteriormente en otro listado copero, son el arquero Sebasti\u00e1n D\u00edaz (21) y el volante Juan Cruz Payal (19). <strong>Abajo, todos los nombres de la lista de buena fe.<\/strong><\/p>\n<\/div>\n<div class=\"sc-e7b891c4-0 ifHnQL image-embed\"><img alt=\"Miguel Merentiel en el avi\u00f3n rumbo a Per\u00fa. (Foto: Prensa Boca)\" loading=\"lazy\" width=\"720\" height=\"100\" decoding=\"async\" data-nimg=\"1\" src=\"http:\/\/hoycordobaweb.com\/wp-content\/uploads\/2025\/02\/con-varias-sorpresas-la-lista-de-buena-fe-de-boca-para-la-copa-libertadores-2.jpg\"><span class=\"epigraphe\">Miguel Merentiel en el avi\u00f3n rumbo a Per\u00fa. (Foto: Prensa Boca)<\/span><\/div>\n<p><h2><strong>La lista de buena fe de Boca para la Copa Libertadores 2025<\/strong><\/h2>\n<\/p>\n<div class=\"custom-text \">\n<p><em>Dorsal y nombre<\/em><\/p>\n<\/div>\n<div class=\"custom-text \">\n<p>1. Sergio Romero<\/p>\n<\/div>\n<div class=\"custom-text \">\n<p>2. Cristian Lema<\/p>\n<\/div>\n<div class=\"custom-text \">\n<p>3. Marcelo Saracchi<\/p>\n<\/div>\n<div class=\"custom-text \">\n<p>4. Jorge Figal<\/p>\n<\/div>\n<div class=\"custom-text \">\n<p>5. Rodrigo Battaglia<\/p>\n<\/div>\n<div class=\"custom-text \">\n<p>6. Marcos Rojo<\/p>\n<\/div>\n<div class=\"custom-text \">\n<p>7. Exequiel Zeballos<\/p>\n<\/div>\n<div class=\"custom-text \">\n<p>8. Carlos Palacios<\/p>\n<\/div>\n<div class=\"custom-text \">\n<p>9. Milton Gim\u00e9nez<\/p>\n<\/div>\n<div class=\"custom-text \">\n<p>10. Edinson Cavani<\/p>\n<\/div>\n<div class=\"custom-text \">\n<p>11. Lucas Janson<\/p>\n<\/div>\n<div class=\"custom-text \">\n<p>12. Leandro Brey<\/p>\n<\/div>\n<div class=\"custom-text \">\n<p>13. Javier Garc\u00eda<\/p>\n<\/div>\n<div class=\"custom-text \">\n<p>14. Ignacio Miram\u00f3n<\/p>\n<\/div>\n<div class=\"custom-text \">\n<p>15. Williams Alarc\u00f3n<\/p>\n<\/div>\n<div class=\"custom-text \">\n<p>16. Miguel Merentiel<\/p>\n<\/div>\n<div class=\"custom-text \">\n<p>17. Luis Adv\u00edncula<\/p>\n<\/div>\n<div class=\"custom-text \">\n<p>18. Frank Fabra<\/p>\n<\/div>\n<div class=\"custom-text \">\n<p>19. Agust\u00edn Martegani<\/p>\n<\/div>\n<div class=\"custom-text \">\n<p>20. Alan Velasco.<\/p>\n<\/div>\n<div class=\"custom-text \">\n<p>21. Ander Herrera<\/p>\n<\/div>\n<div class=\"custom-text \">\n<p>22. Kevin Zen\u00f3n<\/p>\n<\/div>\n<div class=\"custom-text \">\n<p>23. Lautaro Blanco<\/p>\n<\/div>\n<div class=\"custom-text \">\n<p>24. Juan Barinaga<\/p>\n<\/div>\n<div class=\"custom-text \">\n<p>25. Agust\u00edn Marches\u00edn<\/p>\n<\/div>\n<div class=\"custom-text \">\n<p>30. Tom\u00e1s Belmonte<\/p>\n<\/div>\n<div class=\"custom-text \">\n<p>32. Ayrton Costa<\/p>\n<\/div>\n<div class=\"custom-text \">\n<p>33. Brian Aguirre<\/p>\n<\/div>\n<div class=\"custom-text \">\n<p>34. Mateo Mend\u00eda<\/p>\n<\/div>\n<div class=\"custom-text \">\n<p>35. Valentino Simoni<\/p>\n<\/div>\n<div class=\"custom-text \">\n<p>36. Tom\u00e1s Aranda<\/p>\n<\/div>\n<div class=\"custom-text \">\n<p>37. Sebasti\u00e1n D\u00edaz<\/p>\n<\/div>\n<div class=\"custom-text \">\n<p>38. Camilo Rey Domenech<\/p>\n<\/div>\n<div class=\"custom-text \">\n<p>39. Dante Gonz\u00e1lez<\/p>\n<\/div>\n<div class=\"custom-text \">\n<p>40. Lautaro Di Lollo<\/p>\n<\/div>\n<div class=\"custom-text \">\n<p>41. Iker Zufiaurre<\/p>\n<\/div>\n<div class=\"custom-text \">\n<p>42. Lucas Blondel<\/p>\n<\/div>\n<div class=\"custom-text \">\n<p>43. Milton Delgado<\/p>\n<\/div>\n<div class=\"custom-text \">\n<p>44. Leonel Flores<\/p>\n<\/div>\n<div class=\"custom-text \">\n<p>45. Santiago Zampieri<\/p>\n<\/div>\n<div class=\"custom-text \">\n<p>46. Juan Cruz Payal<\/p>\n<\/div>\n<div class=\"custom-text \">\n<p>47. Facundo Herrera<\/p>\n<\/div>\n<div class=\"custom-text \">\n<p>48. Dylan Gorosito<\/p>\n<\/div>\n<div class=\"custom-text \">\n<p>51. Santiago Dalmasso<\/p>\n<\/div>\n<div class=\"custom-text \">\n<p>53. Joaqu\u00edn Ruiz<\/p>\n<\/div>\n<p><h2><strong>Los concentrados de Boca para la ida ante Alianza Lima, por la Fase 2<\/strong><\/h2>\n<\/p>\n<div class=\"custom-text \" readability=\"41\">\n<p>Adem\u00e1s de la lista de buena fe, Boca ya present\u00f3 a sus concentrados para la ida ante Alianza Lima, que ser\u00e1 el martes 18 de febrero a las 21:30 en el Estadio Alejandro Villanueva. La vuelta, vale recordar, ser\u00e1 una semana despu\u00e9s, el martes 25\/2, a la misma hora y en la Bombonera. Los dos duelos ser\u00e1n transmitidos por las pantallas de Telef\u00e9 y ESPN.<\/p>\n<\/div>\n<div class=\"sc-e7b891c4-0 ifHnQL image-embed\"><img alt=\"Los concentrados de Boca para jugar la ida de la Fase 2 de la Libertadores (Prensa Boca).\" loading=\"lazy\" width=\"720\" height=\"100\" decoding=\"async\" data-nimg=\"1\" src=\"http:\/\/hoycordobaweb.com\/wp-content\/uploads\/2025\/02\/con-varias-sorpresas-la-lista-de-buena-fe-de-boca-para-la-copa-libertadores-3.jpg\"><span class=\"epigraphe\">Los concentrados de Boca para jugar la ida de la Fase 2 de la Libertadores (Prensa Boca).<\/span><\/div>\n<div class=\"sc-a7166897-0 eoLsBE\" readability=\"6.5\">\n<section readability=\"3\"><picture><img alt=\"Con Riquelme a la cabeza, Boca emprendi\u00f3 el viaje a Per\u00fa\" loading=\"lazy\" width=\"290\" height=\"290\" decoding=\"async\" data-nimg=\"1\" src=\"http:\/\/hoycordobaweb.com\/wp-content\/uploads\/2025\/02\/con-varias-sorpresas-la-lista-de-buena-fe-de-boca-para-la-copa-libertadores-4.jpg\"><\/picture>\n<p><span>Mir\u00e1 tambi\u00e9n<\/span><\/p>\n<hr>\n<h3>Con Riquelme a la cabeza, Boca emprendi\u00f3 el viaje a Per\u00fa<\/h3>\n<\/p>\n<\/section>\n<\/div>\n<div class=\"sc-a7166897-0 eoLsBE\" readability=\"6\">\n<section readability=\"2\"><picture><img alt=\"La baja de \u00faltimo momento en Boca que no pudo viajar a Lima\" loading=\"lazy\" width=\"290\" height=\"290\" decoding=\"async\" data-nimg=\"1\" src=\"http:\/\/hoycordobaweb.com\/wp-content\/uploads\/2025\/02\/con-varias-sorpresas-la-lista-de-buena-fe-de-boca-para-la-copa-libertadores-5.jpg\"><\/picture>\n<p><span>Mir\u00e1 tambi\u00e9n<\/span><\/p>\n<hr>\n<h3>La baja de \u00faltimo momento en Boca que no pudo viajar a Lima<\/h3>\n<\/p>\n<\/section>\n<\/div>\n<div class=\"sc-a7166897-0 eoLsBE\" readability=\"6.5\">\n<section readability=\"3\"><picture><img alt=\"La Copa Libertadores ya le dio la bienvenida a Boca: &quot;\u00bfSer\u00e1 el a\u00f1o de la S\u00e9ptima?&quot;\" loading=\"lazy\" width=\"290\" height=\"290\" decoding=\"async\" data-nimg=\"1\" src=\"http:\/\/hoycordobaweb.com\/wp-content\/uploads\/2025\/02\/con-varias-sorpresas-la-lista-de-buena-fe-de-boca-para-la-copa-libertadores-6.jpg\"><\/picture>\n<p><span>Mir\u00e1 tambi\u00e9n<\/span><\/p>\n<hr>\n<h3>La Copa Libertadores ya le dio la bienvenida a Boca: \u00ab\u00bfSer\u00e1 el a\u00f1o de la S\u00e9ptima?\u00bb<\/h3>\n<\/p>\n<\/section>\n<\/div>\n<\/div>\n","protected":false},"excerpt":{"rendered":"<p>16\/02\/2025 18:10hs. Actualizado al 16\/02\/2025 18:47hs. Boca har\u00e1 su debut por la Fase 2 de la Copa Libertadores 2025 ante Alianza Lima, equipo dirigido por N\u00e9stor Gorosito, al que visitar\u00e1 en Per\u00fa el pr\u00f3ximo martes (21:30). Y el Xeneize ya tiene confeccionada su lista buena fe, donde anot\u00f3 un total de 45 nombres, que incluyen [&hellip;]<\/p>\n","protected":false},"author":1,"featured_media":97276,"comment_status":"open","ping_status":"closed","sticky":false,"template":"","format":"standard","meta":[],"categories":[16],"tags":[],"_links":{"self":[{"href":"http:\/\/hoycordobaweb.com\/index.php\/wp-json\/wp\/v2\/posts\/97275"}],"collection":[{"href":"http:\/\/hoycordobaweb.com\/index.php\/wp-json\/wp\/v2\/posts"}],"about":[{"href":"http:\/\/hoycordobaweb.com\/index.php\/wp-json\/wp\/v2\/types\/post"}],"author":[{"embeddable":true,"href":"http:\/\/hoycordobaweb.com\/index.php\/wp-json\/wp\/v2\/users\/1"}],"replies":[{"embeddable":true,"href":"http:\/\/hoycordobaweb.com\/index.php\/wp-json\/wp\/v2\/comments?post=97275"}],"version-history":[{"count":0,"href":"http:\/\/hoycordobaweb.com\/index.php\/wp-json\/wp\/v2\/posts\/97275\/revisions"}],"wp:featuredmedia":[{"embeddable":true,"href":"http:\/\/hoycordobaweb.com\/index.php\/wp-json\/wp\/v2\/media\/97276"}],"wp:attachment":[{"href":"http:\/\/hoycordobaweb.com\/index.php\/wp-json\/wp\/v2\/media?parent=97275"}],"wp:term":[{"taxonomy":"category","embeddable":true,"href":"http:\/\/hoycordobaweb.com\/index.php\/wp-json\/wp\/v2\/categories?post=97275"},{"taxonomy":"post_tag","embeddable":true,"href":"http:\/\/hoycordobaweb.com\/index.php\/wp-json\/wp\/v2\/tags?post=97275"}],"curies":[{"name":"wp","href":"https:\/\/api.w.org\/{rel}","templated":true}]}}