{"id":97273,"date":"2025-02-17T00:58:57","date_gmt":"2025-02-17T00:58:57","guid":{"rendered":"https:\/\/www.ole.com.ar\/futbol-internacional\/neymar-gol-penal-santos_0_6MZLDm3jRv.html"},"modified":"2025-02-17T00:58:57","modified_gmt":"2025-02-17T00:58:57","slug":"video-el-primer-gol-de-neymar-tras-su-vuelta-a-santos","status":"publish","type":"post","link":"http:\/\/hoycordobaweb.com\/index.php\/2025\/02\/17\/video-el-primer-gol-de-neymar-tras-su-vuelta-a-santos\/","title":{"rendered":"Video: el primer gol de Neymar tras su vuelta a Santos"},"content":{"rendered":"<p><img src=\"http:\/\/hoycordobaweb.com\/wp-content\/uploads\/2025\/02\/video-el-primer-gol-de-neymar-tras-su-vuelta-a-santos.jpg\"><\/p>\n<p><span class=\"createDate\">16\/02\/2025 21:58hs.<\/span><time class=\"modificatedDate\" datetime=\"2025-02-16T23:09:26-03:00\"> Actualizado al 16\/02\/2025 23:09hs.<\/time><\/p>\n<div id=\"storyBody\">\n<div class=\"custom-text \" readability=\"37.821158690176\">\n<p>Y un d\u00eda volvi\u00f3 a pasar: <strong><a href=\"https:\/\/www.ole.com.ar\/tema\/neymar.html\" title=\"Neymar\" alt=\"Neymar\" class=\"slug\">Neymar<\/a><\/strong> anot\u00f3 un gol con la camiseta de <a href=\"https:\/\/www.ole.com.ar\/tema\/santos-brasil.html\" title=\"Santos Brasil\" alt=\"Santos Brasil\" class=\"slug\">Santos<\/a>. El primero tras su regreso. Y el que abri\u00f3 la cuenta para la victoria 3-1 ante Agua Santa este domingo, por la d\u00e9cima fecha del Campeonato Paulista. En el estadio de Vila Belmiro, el 10, en su cuarto encuentro desde su vuelta estelar al futbol brasile\u00f1o, marc\u00f3 un penal que el mismo gener\u00f3 en el arranque del partido.<\/p>\n<\/div>\n<div class=\"custom-text \" readability=\"40\">\n<p>Cuando se jugaban 12 minutos de la primera mitad, Ney agarr\u00f3 la pelota en la mitad de la cancha, y encarando desde la izquierda hacia el centro al igual que lo hac\u00eda en sus primeros a\u00f1os con la camiseta del Santos, tir\u00f3 una pared y dej\u00f3 a los rivales pintados. Recibiendo la pelota nuevamente entrando al \u00e1rea, se <strong>gambete\u00f3 al defensor y como quedaba de frente al arco lo bajaron, <\/strong>por lo que el \u00e1rbitro cobr\u00f3 penal.<\/p>\n<\/div>\n<div class=\"custom-text \" readability=\"35.452887537994\">\n<p>Con su caracter\u00edstica carrera y repiqueteo mediante antes de llegar a la pelota, <strong>Ney le hizo un pase a la red y puso el 1 a 0 <\/strong>para los dirigidos por Pedro Caixinha. Delirio en Vila Belmiro por volver a gritar un tanto de su m\u00e1ximo \u00eddolo despu\u00e9s de <a href=\"https:\/\/www.ole.com.ar\/tema\/pele.html\" title=\"Pel\u00e9\" alt=\"Pel\u00e9\" class=\"slug\">Pel\u00e9<\/a>. Los otros dos goles fueron de Thaciano y de Guilherme respectivamente.<\/p>\n<\/div>\n<div class=\"custom-text \" readability=\"40\">\n<p>Para Ney, este gol fue el primero tras 16 meses de sequ\u00eda, porque el \u00faltimo que hab\u00eda hecho fue en <strong>octubre del 2023<\/strong>, cuando por ese entonces jugaba para el Al Hilal de Arabia. En aquella ocasi\u00f3n hab\u00eda puesto el 2-0 parcial, que luego se aumentar\u00eda a un 3-0 final para vencer al Nassaji Mazandaran de Ir\u00e1n, por la segunda fecha de la Champions de Asia.<\/p>\n<\/div>\n<p><h2><strong>El video<\/strong><\/h2>\n<\/p>\n<div class=\"sc-734b4696-1 kFfZtB\" readability=\"6\">\n<div class=\"sc-d00d9e74-0 hnHYbk\" type=\"embed\">\n<div class=\"sc-d00d9e74-1 iKVbz videoText\" id=\"contentTitleembediA1RsjnT\" type=\"embed\"><svg fill=\"#ffffff\"><symbol id=\"play\" viewBox=\"0 0 512 512\"><path d=\"M512 256C512 397.4 397.4 512 256 512C114.6 512 0 397.4 0 256C0 114.6 114.6 0 256 0C397.4 0 512 114.6 512 256zM176 168V344C176 352.7 180.7 360.7 188.3 364.9C195.8 369.2 205.1 369 212.5 364.5L356.5 276.5C363.6 272.1 368 264.4 368 256C368 247.6 363.6 239.9 356.5 235.5L212.5 147.5C205.1 142.1 195.8 142.8 188.3 147.1C180.7 151.3 176 159.3 176 168V168z\" \/><\/symbol><use xlink:href=\"#play\" \/><\/svg><\/p>\n<div class=\"right\">\n<p>Neymar<!-- --> &#8211; <span>&nbsp;<\/span><\/p>\n<h2 class=\"title-vid\">El primer gol de Neymar en su vuelta a Santos<\/h2>\n<\/div>\n<\/div>\n<p><span class=\"back\" id=\"spanBackembediA1RsjnT\"><\/span><\/div>\n<div class=\"JWvideoNota_title\" readability=\"7\">\n<p>Cr\u00e9dito: TNT Sports Brasil.<\/p>\n<\/div>\n<\/div>\n<div class=\"sc-e7b891c4-0 ifHnQL image-embed\"><img alt=\" Neymar festeja ante \u00c1gua Santa (EFE).\" loading=\"lazy\" width=\"720\" height=\"100\" decoding=\"async\" data-nimg=\"1\" src=\"http:\/\/hoycordobaweb.com\/wp-content\/uploads\/2025\/02\/video-el-primer-gol-de-neymar-tras-su-vuelta-a-santos-2.jpg\"><span class=\"epigraphe\"> Neymar festeja ante \u00c1gua Santa (EFE).<\/span><\/div>\n<div class=\"sc-e7b891c4-0 ifHnQL image-embed\"><img alt=\"El posteo de Neymar tras su primer gol en Santos. El argentino Gonzalo Escobar en la foto.\" loading=\"lazy\" width=\"720\" height=\"100\" decoding=\"async\" data-nimg=\"1\" src=\"http:\/\/hoycordobaweb.com\/wp-content\/uploads\/2025\/02\/video-el-primer-gol-de-neymar-tras-su-vuelta-a-santos-3.jpg\"><span class=\"epigraphe\">El posteo de Neymar tras su primer gol en Santos. El argentino Gonzalo Escobar en la foto.<\/span><\/div>\n<p><h2><strong>Cu\u00e1ndo hab\u00eda sido el \u00faltimo gol de Neymar en Santos<\/strong><\/h2>\n<\/p>\n<div class=\"custom-text \" readability=\"40\">\n<p>Para registrar un tanto de Neymar con la camiseta del Santos por \u00faltima vez antes de poner el 1 a 0 con Agua Santa, hay que remontarse al a\u00f1o <strong>2013<\/strong>, m\u00e1s precisamente al 17 de abril, cuando el Peixe venci\u00f3 al Flamengo por la vuelta de la primera ronda de la Copa de Brasil. Para ese partido, <strong>Ney puso el 2 a 0 <\/strong>definitivo faltando cinco minutos para que finalice el encuentro. Pasaron casi 12 a\u00f1os de aquel momento, que fue la \u00faltima temporada para el brasile\u00f1o antes de sumarse al Barcelona.<\/p>\n<\/div>\n<div class=\"sc-e7b891c4-0 ifHnQL image-embed\"><img alt=\"Cuando Ney le hizo el gol a Flamengo todav\u00eda ten\u00eda la cresta.\" loading=\"lazy\" width=\"720\" height=\"100\" decoding=\"async\" data-nimg=\"1\" src=\"http:\/\/hoycordobaweb.com\/wp-content\/uploads\/2025\/02\/video-el-primer-gol-de-neymar-tras-su-vuelta-a-santos-4.jpg\"><span class=\"epigraphe\">Cuando Ney le hizo el gol a Flamengo todav\u00eda ten\u00eda la cresta.<\/span><\/div>\n<div class=\"sc-a7166897-0 eoLsBE\" readability=\"6.5\">\n<section readability=\"3\"><picture><img alt=\"El ex DT de Neymar llev\u00f3 una tablet a la conferencia para criticar decisiones arbitrales\" loading=\"lazy\" width=\"290\" height=\"290\" decoding=\"async\" data-nimg=\"1\" src=\"http:\/\/hoycordobaweb.com\/wp-content\/uploads\/2025\/02\/video-el-primer-gol-de-neymar-tras-su-vuelta-a-santos-5.jpg\"><\/picture>\n<p><span>Mir\u00e1 tambi\u00e9n<\/span><\/p>\n<hr>\n<h3>El ex DT de Neymar llev\u00f3 una tablet a la conferencia para criticar decisiones arbitrales<\/h3>\n<\/p>\n<\/section>\n<\/div>\n<div class=\"sc-a7166897-0 eoLsBE\" readability=\"6\">\n<section readability=\"2\"><picture><img alt=\"Santos tuvo que parar la inscripci\u00f3n de socios por el boom Neymar\" loading=\"lazy\" width=\"290\" height=\"290\" decoding=\"async\" data-nimg=\"1\" src=\"http:\/\/hoycordobaweb.com\/wp-content\/uploads\/2025\/02\/video-el-primer-gol-de-neymar-tras-su-vuelta-a-santos-6.jpg\"><\/picture>\n<p><span>Mir\u00e1 tambi\u00e9n<\/span><\/p>\n<hr>\n<h3>Santos tuvo que parar la inscripci\u00f3n de socios por el boom Neymar<\/h3>\n<\/p>\n<\/section>\n<\/div>\n<div class=\"sc-a7166897-0 eoLsBE\" readability=\"6\">\n<section readability=\"2\"><picture><img alt=\"Ronaldo se lament\u00f3 por el presente de Brasil: &quot;Hemos sido superados&quot;\" loading=\"lazy\" width=\"290\" height=\"290\" decoding=\"async\" data-nimg=\"1\" src=\"http:\/\/hoycordobaweb.com\/wp-content\/uploads\/2025\/02\/video-el-primer-gol-de-neymar-tras-su-vuelta-a-santos-7.jpg\"><\/picture>\n<p><span>Mir\u00e1 tambi\u00e9n<\/span><\/p>\n<hr>\n<h3>Ronaldo se lament\u00f3 por el presente de Brasil: \u00abHemos sido superados\u00bb<\/h3>\n<\/p>\n<\/section>\n<\/div>\n<div class=\"sc-a7166897-0 eoLsBE\" readability=\"6\">\n<section readability=\"2\"><picture><img alt=\"Barreal en Santos: arranc\u00f3 con Messi y &quot;los argentinos queremos mucho a Neymar&quot;\" loading=\"lazy\" width=\"290\" height=\"290\" decoding=\"async\" data-nimg=\"1\" src=\"http:\/\/hoycordobaweb.com\/wp-content\/uploads\/2025\/02\/video-el-primer-gol-de-neymar-tras-su-vuelta-a-santos-8.jpg\"><\/picture>\n<p><span>Mir\u00e1 tambi\u00e9n<\/span><\/p>\n<hr>\n<h3>Barreal en Santos: arranc\u00f3 con Messi y \u00ablos argentinos queremos mucho a Neymar\u00bb<\/h3>\n<\/p>\n<\/section>\n<\/div>\n<\/div>\n","protected":false},"excerpt":{"rendered":"<p>16\/02\/2025 21:58hs. Actualizado al 16\/02\/2025 23:09hs. Y un d\u00eda volvi\u00f3 a pasar: Neymar anot\u00f3 un gol con la camiseta de Santos. El primero tras su regreso. Y el que abri\u00f3 la cuenta para la victoria 3-1 ante Agua Santa este domingo, por la d\u00e9cima fecha del Campeonato Paulista. En el estadio de Vila Belmiro, el [&hellip;]<\/p>\n","protected":false},"author":1,"featured_media":97274,"comment_status":"open","ping_status":"closed","sticky":false,"template":"","format":"standard","meta":[],"categories":[16],"tags":[],"_links":{"self":[{"href":"http:\/\/hoycordobaweb.com\/index.php\/wp-json\/wp\/v2\/posts\/97273"}],"collection":[{"href":"http:\/\/hoycordobaweb.com\/index.php\/wp-json\/wp\/v2\/posts"}],"about":[{"href":"http:\/\/hoycordobaweb.com\/index.php\/wp-json\/wp\/v2\/types\/post"}],"author":[{"embeddable":true,"href":"http:\/\/hoycordobaweb.com\/index.php\/wp-json\/wp\/v2\/users\/1"}],"replies":[{"embeddable":true,"href":"http:\/\/hoycordobaweb.com\/index.php\/wp-json\/wp\/v2\/comments?post=97273"}],"version-history":[{"count":0,"href":"http:\/\/hoycordobaweb.com\/index.php\/wp-json\/wp\/v2\/posts\/97273\/revisions"}],"wp:featuredmedia":[{"embeddable":true,"href":"http:\/\/hoycordobaweb.com\/index.php\/wp-json\/wp\/v2\/media\/97274"}],"wp:attachment":[{"href":"http:\/\/hoycordobaweb.com\/index.php\/wp-json\/wp\/v2\/media?parent=97273"}],"wp:term":[{"taxonomy":"category","embeddable":true,"href":"http:\/\/hoycordobaweb.com\/index.php\/wp-json\/wp\/v2\/categories?post=97273"},{"taxonomy":"post_tag","embeddable":true,"href":"http:\/\/hoycordobaweb.com\/index.php\/wp-json\/wp\/v2\/tags?post=97273"}],"curies":[{"name":"wp","href":"https:\/\/api.w.org\/{rel}","templated":true}]}}