{"id":97179,"date":"2025-02-16T00:03:40","date_gmt":"2025-02-16T00:03:40","guid":{"rendered":"https:\/\/www.ole.com.ar\/futbol-internacional\/america\/video-juanfer-quintero-debuto-asistencia-america-cali_0_4uY6Hv6A9m.html"},"modified":"2025-02-16T00:03:40","modified_gmt":"2025-02-16T00:03:40","slug":"video-juanfer-quintero-debuto-con-una-asistencia-en-america-de-cali","status":"publish","type":"post","link":"http:\/\/hoycordobaweb.com\/index.php\/2025\/02\/16\/video-juanfer-quintero-debuto-con-una-asistencia-en-america-de-cali\/","title":{"rendered":"Video: Juanfer Quintero debut\u00f3 con una asistencia en Am\u00e9rica de Cali"},"content":{"rendered":"<p><img src=\"http:\/\/hoycordobaweb.com\/wp-content\/uploads\/2025\/02\/video-juanfer-quintero-debuto-con-una-asistencia-en-america-de-cali.jpg\"><\/p>\n<p><time class=\"createDate\" datetime=\"2025-02-15T21:03:40-03:00\">15\/02\/2025 21:03hs.<\/time><\/p>\n<div id=\"storyBody\">\n<div class=\"custom-text \" readability=\"23.79797979798\">\n<p><a href=\"https:\/\/www.ole.com.ar\/futbol-internacional\/america\/juanfer-quintero-presentado-america-cali-racing-dio-despedida_0_OGClJ2KKRS.html\" title=\"Tras haber dejado Racing y llegar a Colombia como el flamante refuerzo del Am\u00e9rica de Cali, \" alt=\"Tras haber dejado Racing y llegar a Colombia como el flamante refuerzo del Am\u00e9rica de Cali, \">Tras haber dejado Racing para llegar a Colombia como el flamante refuerzo del Am\u00e9rica de Cali, <\/a><strong><a href=\"https:\/\/www.ole.com.ar\/tema\/juan-fernando-quintero.html\" target=\"_blank\" title=\"Juan Fernando Quintero\" alt=\"Juan Fernando Quintero\" class=\"slug\" rel=\"noopener noreferrer\">Juanfer Quintero<\/a> hizo finalmente su debut all\u00ed: <\/strong>fue este s\u00e1bado, en la victoria 2-0 de su equipo ante Independiente Santa Fe, por la quinta fecha de la liga colombiana,<strong> y con una asistencia incluida. <\/strong><\/p>\n<\/div>\n<div class=\"custom-text \" readability=\"39\">\n<p>Es que Juanfer, quien fue de arranque en el partido y hasta complet\u00f3 los 90 minutos, fue uno de los protagonistas del triunfo al intervenir a los 47&#8242; de la segunda mitad con la asistencia que abri\u00f3 el marcador: <strong>un corner que ejecut\u00f3 con destino a la cabeza de Rodrigo Holgado, quien marc\u00f3 el 1-0. Minutos despu\u00e9s, Jean Carlos Pesta\u00f1a sell\u00f3 el 2-0 final.<\/strong><\/p>\n<\/div>\n<div class=\"custom-text \" readability=\"36\">\n<p>Tras el triunfo, Am\u00e9rica se ubica como l\u00edder de la liga con 10 puntos y un partido menos, junto a Atl\u00e9tico Nacional, que tambi\u00e9n tiene un encuentro menos.<\/p>\n<\/div>\n<p><h2><strong>Video: la asistencia de Juanfer en su debut en Colombia<\/strong><\/h2>\n<\/p>\n<div class=\"sc-734b4696-1 kFfZtB\" readability=\"6.5\">\n<div class=\"sc-d00d9e74-0 hnHYbk\" type=\"embed\">\n<div class=\"sc-d00d9e74-1 iKVbz videoText\" id=\"contentTitleembed28KY1QZI\" type=\"embed\" readability=\"56\"><svg fill=\"#ffffff\"><symbol id=\"play\" viewBox=\"0 0 512 512\"><path d=\"M512 256C512 397.4 397.4 512 256 512C114.6 512 0 397.4 0 256C0 114.6 114.6 0 256 0C397.4 0 512 114.6 512 256zM176 168V344C176 352.7 180.7 360.7 188.3 364.9C195.8 369.2 205.1 369 212.5 364.5L356.5 276.5C363.6 272.1 368 264.4 368 256C368 247.6 363.6 239.9 356.5 235.5L212.5 147.5C205.1 142.1 195.8 142.8 188.3 147.1C180.7 151.3 176 159.3 176 168V168z\" \/><\/symbol><use xlink:href=\"#play\" \/><\/svg><\/p>\n<div class=\"right\" readability=\"7\">\n<p>Juan Fernando Quintero<!-- --> &#8211; <span>&nbsp;<\/span><\/p>\n<h2 class=\"title-vid\">Juanfer Quintero debut\u00f3 con una asistencia en Am\u00e9rica de Cali<\/h2>\n<\/div>\n<\/div>\n<p><span class=\"back\" id=\"spanBackembed28KY1QZI\"><\/span><\/div>\n<div class=\"JWvideoNota_title\" readability=\"8\">\n<p>El colombiano jug\u00f3 los 90 minutos de la victoria 2-0 de la Mechita ante Independiente Santa Fe. (Cr\u00e9ditos: Win Sports TV)<\/p>\n<\/div>\n<\/div>\n<p><h2><strong>Un debut sin la presencia de los hinchas<\/strong><\/h2>\n<\/p>\n<div class=\"custom-text \" readability=\"37\">\n<p>La mala para Juanfer fue que no pudo festejar el triunfo con los hinchas, porque si bien jugaron como locales en el Estadio Ol\u00edmpico Pascual Guerrero, <strong>Am\u00e9rica de Cali tiene prohibido jugar con su p\u00fablico en su cancha por cinco fechas, de las cuales ya tiene cumplidas tres. <\/strong><\/p>\n<\/div>\n<div class=\"custom-text \" readability=\"38\">\n<p>Esta sanci\u00f3n le cay\u00f3 en diciembre del a\u00f1o pasado, tras los incidentes provocados por sus hinchas en una de las tribunas en la vuelta de la final 0-0 de la Copa Colombia ante Atl\u00e9tico Nacional,<strong> que oblig\u00f3 al \u00e1rbitro a suspender el partido a los 85&#8242;. <\/strong>La victoria se le otorg\u00f3 al Verdolaga, <strong>que hab\u00eda ganado la ida por 3-1. <\/strong><\/p>\n<\/div>\n<div class=\"custom-text \" readability=\"39\">\n<p>Como se ven\u00eda el debut de Juanfer, igualmente desde Am\u00e9rica de Cali intentaron que les levanten la sanci\u00f3n y hasta propusieron disputar su encuentro en el estadio Francisco Rivera Escobar de Palmira, para el que incluso ya estaban vendiendo entradas. Sin embargo, <strong>aclararon despu\u00e9s en un comunicado que el pedido fue rechazado por la polic\u00eda colombiana, que indic\u00f3 que no pod\u00eda garantizar la seguridad necesaria para que el partido pudiera desarrollarse en normales condiciones.<\/strong><\/p>\n<\/div>\n<div class=\"sc-e7b891c4-0 ifHnQL image-embed\"><img alt=\"Juanfer Quintero ante Independiente Santa Fe. (Foto: EFE\/ Ernesto Guzm\u00e1n)\" loading=\"lazy\" width=\"720\" height=\"100\" decoding=\"async\" data-nimg=\"1\" src=\"http:\/\/hoycordobaweb.com\/wp-content\/uploads\/2025\/02\/video-juanfer-quintero-debuto-con-una-asistencia-en-america-de-cali-2.jpg\"><span class=\"epigraphe\">Juanfer Quintero ante Independiente Santa Fe. (Foto: EFE\/ Ernesto Guzm\u00e1n)<\/span><\/div>\n<div class=\"custom-text \" readability=\"43\">\n<p><strong>\u00ab<\/strong>\u201cComo Polic\u00eda, recibimos la convocatoria a la Comisi\u00f3n Local de F\u00fatbol y encontramos que la solicitud era para jugar Am\u00e9rica vs. Santa Fe en Palmira. Pero 48 horas antes es complicado; es algo no programado, no planificado. <strong>Necesito mil polic\u00edas para un partido tan importante, en el que hay que darles garant\u00edas a los jugadores, \u00e1rbitros, directivos&#8230; <\/strong>La polic\u00eda no tiene personal para prestar un servicio adecuado\u201d, fue la palabra del general Giovanni Cristancho Zambrano, de la polic\u00eda del Valle de Cauca, en el programa Blog Deportivo.<\/p>\n<\/div>\n<div class=\"custom-text \" readability=\"34\">\n<p>Tras esta resoluci\u00f3n, desde Am\u00e9rica de Cali le devolvieron el dinero a los hinchas que hab\u00edan comprado las entradas para el encuentro.<\/p>\n<\/div>\n<div class=\"sc-a7166897-0 eoLsBE\" readability=\"6\">\n<section readability=\"2\"><picture><img alt=\"Gabriel \u00c1valos revel\u00f3 la clave de su levantada en Independiente\" loading=\"lazy\" width=\"290\" height=\"290\" decoding=\"async\" data-nimg=\"1\" src=\"http:\/\/hoycordobaweb.com\/wp-content\/uploads\/2025\/02\/video-juanfer-quintero-debuto-con-una-asistencia-en-america-de-cali-3.jpg\"><\/picture>\n<p><span>Mir\u00e1 tambi\u00e9n<\/span><\/p>\n<hr>\n<h3>Gabriel \u00c1valos revel\u00f3 la clave de su levantada en Independiente<\/h3>\n<\/p>\n<\/section>\n<\/div>\n<div class=\"sc-a7166897-0 eoLsBE\" readability=\"7\">\n<section readability=\"4\"><picture><img alt=\"La sorpresa de Gallardo en la lista de River: tiene 18 a\u00f1os, es brasile\u00f1o e idolatra a S\u00edvori\" loading=\"lazy\" width=\"290\" height=\"290\" decoding=\"async\" data-nimg=\"1\" src=\"http:\/\/hoycordobaweb.com\/wp-content\/uploads\/2025\/02\/video-juanfer-quintero-debuto-con-una-asistencia-en-america-de-cali-4.jpg\"><\/picture>\n<p><span>Mir\u00e1 tambi\u00e9n<\/span><\/p>\n<hr>\n<h3>La sorpresa de Gallardo en la lista de River: tiene 18 a\u00f1os, es brasile\u00f1o e idolatra a S\u00edvori<\/h3>\n<\/p>\n<\/section>\n<\/div>\n<div class=\"sc-a7166897-0 eoLsBE\" readability=\"6.5\">\n<section readability=\"3\"><picture><img alt=\"Video: el penal sobre la hora de Barracas ante Defensa y la discusi\u00f3n entre los bancos\" loading=\"lazy\" width=\"290\" height=\"290\" decoding=\"async\" data-nimg=\"1\" src=\"http:\/\/hoycordobaweb.com\/wp-content\/uploads\/2025\/02\/video-juanfer-quintero-debuto-con-una-asistencia-en-america-de-cali-5.jpg\"><\/picture>\n<p><span>Mir\u00e1 tambi\u00e9n<\/span><\/p>\n<hr>\n<h3>Video: el penal sobre la hora de Barracas ante Defensa y la discusi\u00f3n entre los bancos<\/h3>\n<\/p>\n<\/section>\n<\/div>\n<\/div>\n","protected":false},"excerpt":{"rendered":"<p>15\/02\/2025 21:03hs. Tras haber dejado Racing para llegar a Colombia como el flamante refuerzo del Am\u00e9rica de Cali, Juanfer Quintero hizo finalmente su debut all\u00ed: fue este s\u00e1bado, en la victoria 2-0 de su equipo ante Independiente Santa Fe, por la quinta fecha de la liga colombiana, y con una asistencia incluida. Es que Juanfer, [&hellip;]<\/p>\n","protected":false},"author":1,"featured_media":97180,"comment_status":"open","ping_status":"closed","sticky":false,"template":"","format":"standard","meta":[],"categories":[16],"tags":[],"_links":{"self":[{"href":"http:\/\/hoycordobaweb.com\/index.php\/wp-json\/wp\/v2\/posts\/97179"}],"collection":[{"href":"http:\/\/hoycordobaweb.com\/index.php\/wp-json\/wp\/v2\/posts"}],"about":[{"href":"http:\/\/hoycordobaweb.com\/index.php\/wp-json\/wp\/v2\/types\/post"}],"author":[{"embeddable":true,"href":"http:\/\/hoycordobaweb.com\/index.php\/wp-json\/wp\/v2\/users\/1"}],"replies":[{"embeddable":true,"href":"http:\/\/hoycordobaweb.com\/index.php\/wp-json\/wp\/v2\/comments?post=97179"}],"version-history":[{"count":0,"href":"http:\/\/hoycordobaweb.com\/index.php\/wp-json\/wp\/v2\/posts\/97179\/revisions"}],"wp:featuredmedia":[{"embeddable":true,"href":"http:\/\/hoycordobaweb.com\/index.php\/wp-json\/wp\/v2\/media\/97180"}],"wp:attachment":[{"href":"http:\/\/hoycordobaweb.com\/index.php\/wp-json\/wp\/v2\/media?parent=97179"}],"wp:term":[{"taxonomy":"category","embeddable":true,"href":"http:\/\/hoycordobaweb.com\/index.php\/wp-json\/wp\/v2\/categories?post=97179"},{"taxonomy":"post_tag","embeddable":true,"href":"http:\/\/hoycordobaweb.com\/index.php\/wp-json\/wp\/v2\/tags?post=97179"}],"curies":[{"name":"wp","href":"https:\/\/api.w.org\/{rel}","templated":true}]}}