{"id":97175,"date":"2025-02-16T03:13:40","date_gmt":"2025-02-16T03:13:40","guid":{"rendered":"https:\/\/www.ole.com.ar\/racing\/racing-argentinos-derrota-gustavo-costas_0_gwIOUFcyMI.html"},"modified":"2025-02-16T03:13:40","modified_gmt":"2025-02-16T03:13:40","slug":"costas-tras-el-3-2-ante-argentinos-tenemos-que-dar-vuelta-la-pagina-y-poner-la-cabeza-en-la-final","status":"publish","type":"post","link":"http:\/\/hoycordobaweb.com\/index.php\/2025\/02\/16\/costas-tras-el-3-2-ante-argentinos-tenemos-que-dar-vuelta-la-pagina-y-poner-la-cabeza-en-la-final\/","title":{"rendered":"Costas tras el 3-2 ante Argentinos: \u00abTenemos que dar vuelta la p\u00e1gina y poner la cabeza en la final\u00bb"},"content":{"rendered":"<p><img src=\"http:\/\/hoycordobaweb.com\/wp-content\/uploads\/2025\/02\/costas-tras-el-3-2-ante-argentinos-tenemos-que-dar-vuelta-la-pagina-y-poner-la-cabeza-en-la-final.jpg\"><\/p>\n<p><span class=\"createDate\">16\/02\/2025 00:13hs.<\/span><time class=\"modificatedDate\" datetime=\"2025-02-16T00:39:55-03:00\"> Actualizado al 16\/02\/2025 00:39hs.<\/time><\/p>\n<div id=\"storyBody\">\n<div class=\"custom-text \" readability=\"38\">\n<p>A pocos d\u00edas de jugar la final de la Recopa Sudamericana, Racing cay\u00f3 ante Argentinos en un duelo que podr\u00eda haber terminado en goleada, pero en el que dos tantos sobre el final terminaron maquillando el resultado poco antes del encuentro con Botafogo. \u201cEs dif\u00edcil tener la cabeza en dos competencias al mismo tiempo. Nadie quer\u00eda perder este partido.<strong> No hay que poner de excusa la final. Ahora tenemos que dar vuelta la p\u00e1gina y estar juntos de nuevo\u201d, <\/strong>comenz\u00f3 diciendo Gustavo Costas en la conferencia de prensa posterior al partido.<\/p>\n<\/div>\n<div class=\"custom-text \" readability=\"44\">\n<p>Y claro, Racing no dej\u00f3 una buena imagen ante Argentinos, y el t\u00e9cnico lo reconoci\u00f3: \u201cNo tuvimos un buen partido. Jugamos mal. <strong>Pongo mi cuerpo en el fuego, no las manos nada m\u00e1s, por este grupo. Tengo mucha fe en los jugadores.<\/strong> Fuimos el equipo m\u00e1s ganador del a\u00f1o, el que m\u00e1s goles hizo, y es l\u00f3gico tener bajones, aunque uno no lo quiera aceptar\u201d. Adem\u00e1s, continu\u00f3 desenvolvi\u00e9ndose en elogios hacia sus dirigidos: \u201cEl equipo tiene una entrega y un amor propio incre\u00edbles. Salas jug\u00f3 infiltrado. <strong>Los jugadores dejan todo. Que conf\u00eden, este grupo ya demostr\u00f3 muchas veces\u201d.<\/strong><\/p>\n<\/div>\n<div class=\"custom-text \" readability=\"40\">\n<p>Pero si hay algo que busc\u00f3 destacar el DT en toda la conferencia fue que, en lugar de lamentarse, la Academia debe cambiar r\u00e1pidamente el chip y poner la cabeza en la final, con una autocr\u00edtica:<strong> \u201cLo que sucedi\u00f3 es culpa de nosotros, los t\u00e9cnicos. Tenemos que estar en las dos cosas, meternos en las dos competencias como sea\u201d.<\/strong><\/p>\n<\/div>\n<div class=\"custom-text \" readability=\"36\">\n<p>Si hay algo que preocupa en el mundo Racing es la cantidad de bajas que tiene en el plantel. Sobre los lesionados de cara a la Recopa.<strong> \u201cMaravilla va a estar en la final. Zucu hoy entr\u00f3 muy bien y tenemos todav\u00eda pendiente saber qu\u00e9 va a suceder con Santi Sosa y Garc\u00eda Basso. Esta semana veremos si est\u00e1n o no est\u00e1n\u201d,<\/strong> dijo el t\u00e9cnico.<\/p>\n<\/div>\n<div class=\"custom-text \" readability=\"37\">\n<p>Finalmente, Costas cerr\u00f3 con un mensaje contundente para la gente de Racing: \u201cHoy los hinchas alentaron todo el partido, en otro tiempo hubieran aparecido murmullos.<strong> Quiero pedirles disculpas y decirles que viene algo muy hermoso para Racing. Es la primera vez que jugamos esta Copa Internacional y esperamos lograrla juntos\u201d.<\/strong><\/p>\n<\/div>\n<div class=\"sc-a7166897-0 eoLsBE\" readability=\"6\">\n<section readability=\"2\"><picture><img alt=\"Llega tocado: Racing perdi\u00f3 frente a Argentinos antes de la Recopa\" loading=\"lazy\" width=\"290\" height=\"290\" decoding=\"async\" data-nimg=\"1\" src=\"http:\/\/hoycordobaweb.com\/wp-content\/uploads\/2025\/02\/costas-tras-el-3-2-ante-argentinos-tenemos-que-dar-vuelta-la-pagina-y-poner-la-cabeza-en-la-final-2.jpg\"><\/picture>\n<p><span>Mir\u00e1 tambi\u00e9n<\/span><\/p>\n<hr>\n<h3>Llega tocado: Racing perdi\u00f3 frente a Argentinos antes de la Recopa<\/h3>\n<\/p>\n<\/section>\n<\/div>\n<div class=\"sc-a7166897-0 eoLsBE\" readability=\"6\">\n<section readability=\"2\"><picture><img alt=\"Vietto encendi\u00f3 la alarma en Racing: as\u00ed est\u00e1n los averiados de cara a la Recopa\" loading=\"lazy\" width=\"290\" height=\"290\" decoding=\"async\" data-nimg=\"1\" src=\"http:\/\/hoycordobaweb.com\/wp-content\/uploads\/2025\/02\/costas-tras-el-3-2-ante-argentinos-tenemos-que-dar-vuelta-la-pagina-y-poner-la-cabeza-en-la-final-3.jpg\"><\/picture>\n<p><span>Mir\u00e1 tambi\u00e9n<\/span><\/p>\n<hr>\n<h3>Vietto encendi\u00f3 la alarma en Racing: as\u00ed est\u00e1n los averiados de cara a la Recopa<\/h3>\n<\/p>\n<\/section>\n<\/div>\n<div class=\"sc-a7166897-0 eoLsBE\" readability=\"6.5\">\n<section readability=\"3\"><picture><img alt=\"Antes de jugar con Racing la Recopa, Botafogo empat\u00f3 en el Carioca\" loading=\"lazy\" width=\"290\" height=\"290\" decoding=\"async\" data-nimg=\"1\" src=\"http:\/\/hoycordobaweb.com\/wp-content\/uploads\/2025\/02\/costas-tras-el-3-2-ante-argentinos-tenemos-que-dar-vuelta-la-pagina-y-poner-la-cabeza-en-la-final-4.jpg\"><\/picture>\n<p><span>Mir\u00e1 tambi\u00e9n<\/span><\/p>\n<hr>\n<h3>Antes de jugar con Racing la Recopa, Botafogo empat\u00f3 en el Carioca<\/h3>\n<\/p>\n<\/section>\n<\/div>\n<\/div>\n","protected":false},"excerpt":{"rendered":"<p>16\/02\/2025 00:13hs. Actualizado al 16\/02\/2025 00:39hs. A pocos d\u00edas de jugar la final de la Recopa Sudamericana, Racing cay\u00f3 ante Argentinos en un duelo que podr\u00eda haber terminado en goleada, pero en el que dos tantos sobre el final terminaron maquillando el resultado poco antes del encuentro con Botafogo. \u201cEs dif\u00edcil tener la cabeza en [&hellip;]<\/p>\n","protected":false},"author":1,"featured_media":97176,"comment_status":"open","ping_status":"closed","sticky":false,"template":"","format":"standard","meta":[],"categories":[16],"tags":[],"_links":{"self":[{"href":"http:\/\/hoycordobaweb.com\/index.php\/wp-json\/wp\/v2\/posts\/97175"}],"collection":[{"href":"http:\/\/hoycordobaweb.com\/index.php\/wp-json\/wp\/v2\/posts"}],"about":[{"href":"http:\/\/hoycordobaweb.com\/index.php\/wp-json\/wp\/v2\/types\/post"}],"author":[{"embeddable":true,"href":"http:\/\/hoycordobaweb.com\/index.php\/wp-json\/wp\/v2\/users\/1"}],"replies":[{"embeddable":true,"href":"http:\/\/hoycordobaweb.com\/index.php\/wp-json\/wp\/v2\/comments?post=97175"}],"version-history":[{"count":0,"href":"http:\/\/hoycordobaweb.com\/index.php\/wp-json\/wp\/v2\/posts\/97175\/revisions"}],"wp:featuredmedia":[{"embeddable":true,"href":"http:\/\/hoycordobaweb.com\/index.php\/wp-json\/wp\/v2\/media\/97176"}],"wp:attachment":[{"href":"http:\/\/hoycordobaweb.com\/index.php\/wp-json\/wp\/v2\/media?parent=97175"}],"wp:term":[{"taxonomy":"category","embeddable":true,"href":"http:\/\/hoycordobaweb.com\/index.php\/wp-json\/wp\/v2\/categories?post=97175"},{"taxonomy":"post_tag","embeddable":true,"href":"http:\/\/hoycordobaweb.com\/index.php\/wp-json\/wp\/v2\/tags?post=97175"}],"curies":[{"name":"wp","href":"https:\/\/api.w.org\/{rel}","templated":true}]}}