{"id":97173,"date":"2025-02-16T10:00:37","date_gmt":"2025-02-16T10:00:37","guid":{"rendered":"https:\/\/www.ole.com.ar\/futbol-internacional\/espana\/club-argentino-futbol-madrid-espana-historia_0_DnZQcUmMqk.html"},"modified":"2025-02-16T10:00:37","modified_gmt":"2025-02-16T10:00:37","slug":"club-argentino-de-futbol-compiten-en-espana-les-dicen-gauchos-y-su-camiseta-rinde-tributo-a-los-granaderos","status":"publish","type":"post","link":"http:\/\/hoycordobaweb.com\/index.php\/2025\/02\/16\/club-argentino-de-futbol-compiten-en-espana-les-dicen-gauchos-y-su-camiseta-rinde-tributo-a-los-granaderos\/","title":{"rendered":"Club Argentino de F\u00fatbol: compiten en Espa\u00f1a, les dicen gauchos y su camiseta rinde tributo a los granaderos"},"content":{"rendered":"<p><img src=\"http:\/\/hoycordobaweb.com\/wp-content\/uploads\/2025\/02\/club-argentino-de-futbol-compiten-en-espana-les-dicen-gauchos-y-su-camiseta-rinde-tributo-a-los-granaderos.jpg\"><\/p>\n<p><time class=\"createDate\" datetime=\"2025-02-16T07:00:37-03:00\">16\/02\/2025 07:00hs.<\/time><\/p>\n<div id=\"storyBody\">\n<div class=\"custom-text \" readability=\"42.218181818182\">\n<p>\u00abEl tipo puede cambiar de todo. De cara, de casa, de familia, de novia, de religi\u00f3n, de dios. Pero hay una cosa que no puede cambiar Benjam\u00edn, <strong>no puede cambiar de pasi\u00f3n<\/strong>\u00ab. La reconocida cita de Guillermo Francella en \u00abEl secreto de sus ojos\u00bb bien puede representar aquello por lo cual un grupo de compatriotas, radicados en <a href=\"https:\/\/www.ole.com.ar\/futbol-internacional\/espana\" target=\"_self\" title=\"Espa\u00f1a\" alt=\"Espa\u00f1a\" rel=\"noopener noreferrer\">Espa\u00f1a<\/a>, han decidido erigir el <strong>Club Argentino de F\u00fatbol<\/strong>.<\/p>\n<\/div>\n<div class=\"custom-text \" readability=\"41\">\n<p>Y es que ser argentino tambi\u00e9n es una pasi\u00f3n. Al menos as\u00ed lo vive <strong>Adri\u00e1n Varela<\/strong>, directivo de River durante las dos presidencias de Rodolfo D\u2019onofrio, que junto a Gustavo Nomdedeu le dieron vida al elenco, con ADN celeste y blanco, en 2023. Actualmente la instituci\u00f3n cuenta con un plantel superior, el cual milita en el <strong>Grupo 4 de la 2\u00b0 Regional de Madrid (octava divisi\u00f3n)<\/strong>, as\u00ed como uno Sub 19.<\/p>\n<\/div>\n<div class=\"custom-text \" readability=\"36.965217391304\">\n<p>En los \u00faltimos d\u00edas, cobraron suma notoriedad tras una campa\u00f1a en las redes sociales efectuada por el influencer <a href=\"https:\/\/www.ole.com.ar\/fuera-de-juego\/scarso-ole-balzers-liechtenstein-tatuaje-historia_0_815O9uPc2S.html\" target=\"_self\" title=\"Valent\u00edn Scarsini\" alt=\"Valent\u00edn Scarsini\" rel=\"noopener noreferrer\">Valent\u00edn Scarsini<\/a> (conocido como El Scarso), por la cual <strong>pasaron de 3.500 seguidores a m\u00e1s de 120.000<\/strong> en menos de 72 horas. El amor que le profesan a su tierra, al menos en el plano virtual, ha sido retribuido por coterr\u00e1neos.<\/p>\n<\/div>\n<div class=\"custom-text \" readability=\"39\">\n<p>Con la mitad de la temporada ya disputada, est\u00e1n segundos y tienen serias posibilidades de escalar en el sistema de divisiones del pa\u00eds ib\u00e9rico, as\u00ed como de disputar instancias preliminares de la Copa del Rey. Es en el marco de este auspicioso presente; su incipiente popularidad y esa historia tan ligada a la Argentina, que el mencionado Adri\u00e1n Varela (pope del equipo), <strong>atendi\u00f3 el llamado de Ol\u00e9<\/strong>.<\/p>\n<\/div>\n<div class=\"sc-e7b891c4-0 ifHnQL image-embed\"><img alt=\"Beltr\u00e1n y Mart\u00ednez Quarta, con la camiseta suplente y titular respectivamente del Club Argentino.\" loading=\"lazy\" width=\"1290\" height=\"760\" decoding=\"async\" data-nimg=\"1\" src=\"http:\/\/hoycordobaweb.com\/wp-content\/uploads\/2025\/02\/club-argentino-de-futbol-compiten-en-espana-les-dicen-gauchos-y-su-camiseta-rinde-tributo-a-los-granaderos-2.jpg\"><span class=\"epigraphe\">Beltr\u00e1n y Mart\u00ednez Quarta, con la camiseta suplente y titular respectivamente del Club Argentino.<\/span><\/div>\n<div class=\"custom-text \" readability=\"32\">\n<p><strong>-\u00bfC\u00f3mo surge el Club Argentino de F\u00fatbol en Espa\u00f1a? <\/strong><\/p>\n<\/div>\n<div class=\"custom-text \" readability=\"33\">\n<p>-Surge de la necesidad de unir a la comunidad inmigrante argentina en Espa\u00f1a a partir de un sentimiento de amor profundo por nuestra pasi\u00f3n: el f\u00fatbol.<\/p>\n<\/div>\n<div class=\"custom-text \" readability=\"33\">\n<p><strong>-Not\u00e9 que tiene como apodo \u00abGranadero\u00bb y \u00abGauchos\u00bb, \u00bfes as\u00ed? <\/strong><\/p>\n<\/div>\n<div class=\"custom-text \" readability=\"34\">\n<p>-S\u00ed, somos el Granadero porque ellos fueron un s\u00edmbolo de lucha por los ideales argentinos en los inicios de nuestra patria. Y los Gauchos porque claramente as\u00ed nos identifican en el mundo.<\/p>\n<\/div>\n<div class=\"custom-text \" readability=\"34\">\n<p><strong>Su camiseta tambi\u00e9n recuerda mucho al uniforme de los granaderos, \u00bffue esa efectivamente la inspiraci\u00f3n?<\/strong><\/p>\n<\/div>\n<div class=\"custom-text \" readability=\"37\">\n<p>-Adem\u00e1s del apodo, quer\u00edamos que uno de nuestros uniformes fuera un homenaje a ellos y al General San Mart\u00edn, padre de la Patria y creador del regimiento. La camiseta titular lleva nuestros colores, como tiene que ser.<\/p>\n<\/div>\n<div class=\"sc-e7b891c4-0 ifHnQL image-embed\"><img alt=\"La formaci\u00f3n del Club Argentino, con las camisetas que hacen alusi\u00f3n tanto a los Granaderos como a los colores patrios (FOTO: Gentileza Club Argentino).\" loading=\"lazy\" width=\"1290\" height=\"760\" decoding=\"async\" data-nimg=\"1\" src=\"http:\/\/hoycordobaweb.com\/wp-content\/uploads\/2025\/02\/club-argentino-de-futbol-compiten-en-espana-les-dicen-gauchos-y-su-camiseta-rinde-tributo-a-los-granaderos-3.jpg\"><span class=\"epigraphe\">La formaci\u00f3n del Club Argentino, con las camisetas que hacen alusi\u00f3n tanto a los Granaderos como a los colores patrios (FOTO: Gentileza Club Argentino).<\/span><\/div>\n<div class=\"custom-text \" readability=\"32\">\n<p><strong>-\u00bfQu\u00e9 crees que tiene de argentino el equipo? \u00bfTienen muchos futbolistas de nuestro pa\u00eds? <\/strong><\/p>\n<\/div>\n<div class=\"custom-text \" readability=\"37\">\n<p>-El \u00abArgentino\u00bb no solo cuenta con casi la mitad del plantel compuesto por jugadores argentinos sino que, sobre todo, todos los jugadores tienen ese esp\u00edritu de lucha y la garra para disputar los partidos que nos caracteriza. Hemos encontrado muchos jugadores espa\u00f1oles y de otras nacionalidades que se identifican con esa forma de jugar y sentir el f\u00fatbol y se acoplan de una manera fant\u00e1stica.<\/p>\n<\/div>\n<div class=\"custom-text \" readability=\"35\">\n<p><strong>-Me imagino que, como buen club que se honra de ser argentino, tienen algunas costumbres en la cancha.<\/strong><\/p>\n<\/div>\n<div class=\"custom-text \" readability=\"40\">\n<p>-\u00a1Tenemos muchas! Desde tomar mate antes de los partidos, hasta jugar alg\u00fan partido de truco para alentarnos desde muy temprano el d\u00eda del partido. Por supuesto, contamos con el cancionero cl\u00e1sico argentino que se canta en cada victoria: \u00ab\u00a1Soooy granaderooo, es un sentimientoooo, no puedo paraaar!\u00bb, entre otros ejemplos.<\/p>\n<\/div>\n<div class=\"custom-text \" readability=\"32\">\n<p><strong>-\u00bfSe vende ah\u00ed tambi\u00e9n chori de cancha y dem\u00e1s comidas t\u00edpicas? <\/strong><\/p>\n<\/div>\n<div class=\"custom-text \" readability=\"36\">\n<p>-No, porque a\u00fan es una cuenta pendiente encontrar un espacio f\u00edsico donde podamos desarrollar y construir esa esencia de club social y deportivo como lo conocemos en Argentina. Hoy todav\u00eda estamos en espacios prestados y por ese motivo tenemos algunas limitaciones para promover m\u00e1s costumbres argentinas.<\/p>\n<\/div>\n<div class=\"sc-e7b891c4-0 ifHnQL image-embed\"><img alt=\"Campo de Futbol C.D. La Garena, el lugar donde juega sus partidos de local el Club Argentino.\" loading=\"lazy\" width=\"1290\" height=\"760\" decoding=\"async\" data-nimg=\"1\" src=\"http:\/\/hoycordobaweb.com\/wp-content\/uploads\/2025\/02\/club-argentino-de-futbol-compiten-en-espana-les-dicen-gauchos-y-su-camiseta-rinde-tributo-a-los-granaderos-4.jpg\"><span class=\"epigraphe\">Campo de Futbol C.D. La Garena, el lugar donde juega sus partidos de local el Club Argentino.<\/span><\/div>\n<div class=\"custom-text \" readability=\"32\">\n<p><strong>-\u00bfC\u00f3mo es el sustento del club? <\/strong><\/p>\n<\/div>\n<div class=\"custom-text \" readability=\"38\">\n<p>-Hoy lo financiamos todos los que formamos el club, con mucho esfuerzo y con la ayuda de las empresas argentinas que patrocinan la camiseta y algunas otras iniciativas en redes sociales. Cada uno aporta su grano de arena para sostener el club e ir dando pasos hacia adelante. Cada vez se va acercando m\u00e1s gente a colaborar, y entre todos vamos cumpliendo las metas que nos hemos propuesto, que son grandes y a largo plazo. Te cuento que tambi\u00e9n estamos impulsando un proyecto solidario que une a los campeones del mundo con potreros argentinos. El mes de diciembre entregamos 100 botines a un potrero de Jos\u00e9 C. Paz.<\/p>\n<\/div>\n<div class=\"custom-text \" readability=\"32\">\n<p><strong>-\u00bfC\u00f3mo es eso del proyecto solidario?<\/strong><\/p>\n<\/div>\n<div class=\"custom-text \" readability=\"38.333333333333\">\n<p>-Surgi\u00f3 la idea de recolectar las firmas de ellos y, a trav\u00e9s de la de <a href=\"https:\/\/www.ole.com.ar\/tema\/julian-alvarez.html\" target=\"_self\" title=\"Juli\u00e1n \u00c1lvarez\" alt=\"Juli\u00e1n \u00c1lvarez\" rel=\"noopener noreferrer\">Juli\u00e1n \u00c1lvarez<\/a>, logramos conseguir esa donaci\u00f3n que te coment\u00e9. Hemos obtenido las de Di Mar\u00eda, de Lautaro Mart\u00ednez, del Papu G\u00f3mez, de Montiel que incluso nos recibi\u00f3 en el predio de Sevilla. Es algo que el club va a seguir haciendo. Hay una acci\u00f3n social que tenemos con los potreros de Buenos Aires.<\/p>\n<\/div>\n<div class=\"sc-e7b891c4-0 ifHnQL image-embed\"><img alt=\"Club Argentino cuenta tambi\u00e9n con un plantel Sub 19, que en esta foto est\u00e1 disputando un compromiso.\" loading=\"lazy\" width=\"1290\" height=\"760\" decoding=\"async\" data-nimg=\"1\" src=\"http:\/\/hoycordobaweb.com\/wp-content\/uploads\/2025\/02\/club-argentino-de-futbol-compiten-en-espana-les-dicen-gauchos-y-su-camiseta-rinde-tributo-a-los-granaderos-5.jpg\"><span class=\"epigraphe\">Club Argentino cuenta tambi\u00e9n con un plantel Sub 19, que en esta foto est\u00e1 disputando un compromiso.<\/span><\/div>\n<div class=\"custom-text \" readability=\"32\">\n<p><strong>-\u00bfC\u00f3mo es la percepci\u00f3n de los espa\u00f1oles respecto del club? <\/strong><\/p>\n<\/div>\n<div class=\"custom-text \" readability=\"40\">\n<p>-En general, los espa\u00f1oles nos miran con sorpresa. En Espa\u00f1a pr\u00e1cticamente no existen clubes de inmigrantes como nosotros, que en Argentina tenemos una larga tradici\u00f3n desde el siglo XIX, por lo que no est\u00e1n acostumbrados. Por supuesto, conocen nuestra pasi\u00f3n por el f\u00fatbol, pero no sab\u00edan que pod\u00edamos llevarla a este extremo.<\/p>\n<\/div>\n<div class=\"custom-text \" readability=\"35\">\n<p><strong>-\u00bfSe suman y les gusta? \u00bfLes pas\u00f3 alguna vez de sufrir alg\u00fan tipo de acto xen\u00f3fobo o, por lo pronto, eso jam\u00e1s pas\u00f3? <\/strong><\/p>\n<\/div>\n<div class=\"custom-text \" readability=\"40\">\n<p>-Se van sumando muchos espa\u00f1oles, rumanos, marroqu\u00edes y sudamericanos que sienten el f\u00fatbol como nosotros y se sienten atra\u00eddos por el Club Argentino. Otros, como en todos lados, miran con recelo y ya hemos tenido alguna manifestaci\u00f3n desagradable, pero los argentinos estamos preparados para enfrentar las adversidades y asumimos que ning\u00fan camino es f\u00e1cil. Seguiremos adelante hasta alcanzar la cima de nuestras posibilidades.<\/p>\n<\/div>\n<div class=\"sc-a7166897-0 eoLsBE\" readability=\"7\">\n<section readability=\"4\"><picture><img alt=\"El Scarso con Ol\u00e9: el fen\u00f3meno Balzers, su aventura por Liechtenstein y el tatuaje que fue un gui\u00f1o del destino\" loading=\"lazy\" width=\"290\" height=\"290\" decoding=\"async\" data-nimg=\"1\" src=\"http:\/\/hoycordobaweb.com\/wp-content\/uploads\/2025\/02\/club-argentino-de-futbol-compiten-en-espana-les-dicen-gauchos-y-su-camiseta-rinde-tributo-a-los-granaderos-6.jpg\"><\/picture>\n<p><span>Mir\u00e1 tambi\u00e9n<\/span><\/p>\n<hr>\n<h3>El Scarso con Ol\u00e9: el fen\u00f3meno Balzers, su aventura por Liechtenstein y el tatuaje que fue un gui\u00f1o del destino<\/h3>\n<\/p>\n<\/section>\n<\/div>\n<div class=\"sc-a7166897-0 eoLsBE\" readability=\"7\">\n<section readability=\"4\"><picture><img alt=\"Sportivo Pocitos: juegan el Regional Amateur, un puente los separa de Bolivia y figuras como Abbondanzieri u Ortega vistieron su camiseta\" loading=\"lazy\" width=\"290\" height=\"290\" decoding=\"async\" data-nimg=\"1\" src=\"http:\/\/hoycordobaweb.com\/wp-content\/uploads\/2025\/02\/club-argentino-de-futbol-compiten-en-espana-les-dicen-gauchos-y-su-camiseta-rinde-tributo-a-los-granaderos-7.jpg\"><\/picture>\n<p><span>Mir\u00e1 tambi\u00e9n<\/span><\/p>\n<hr>\n<h3>Sportivo Pocitos: juegan el Regional Amateur, un puente los separa de Bolivia y figuras como Abbondanzieri u Ortega vistieron su camiseta<\/h3>\n<\/p>\n<\/section>\n<\/div>\n<div class=\"sc-a7166897-0 eoLsBE\" readability=\"7\">\n<section readability=\"4\"><picture><img alt=\"Club 8 de Diciembre: naci\u00f3 en fiestas patronales, fue campe\u00f3n en 2024 y quiere hacer historia en el Regional Amateur\" loading=\"lazy\" width=\"290\" height=\"290\" decoding=\"async\" data-nimg=\"1\" src=\"http:\/\/hoycordobaweb.com\/wp-content\/uploads\/2025\/02\/club-argentino-de-futbol-compiten-en-espana-les-dicen-gauchos-y-su-camiseta-rinde-tributo-a-los-granaderos-8.jpg\"><\/picture>\n<p><span>Mir\u00e1 tambi\u00e9n<\/span><\/p>\n<hr>\n<h3>Club 8 de Diciembre: naci\u00f3 en fiestas patronales, fue campe\u00f3n en 2024 y quiere hacer historia en el Regional Amateur<\/h3>\n<\/p>\n<\/section>\n<\/div>\n<\/div>\n","protected":false},"excerpt":{"rendered":"<p>16\/02\/2025 07:00hs. \u00abEl tipo puede cambiar de todo. De cara, de casa, de familia, de novia, de religi\u00f3n, de dios. Pero hay una cosa que no puede cambiar Benjam\u00edn, no puede cambiar de pasi\u00f3n\u00ab. La reconocida cita de Guillermo Francella en \u00abEl secreto de sus ojos\u00bb bien puede representar aquello por lo cual un grupo [&hellip;]<\/p>\n","protected":false},"author":1,"featured_media":97174,"comment_status":"open","ping_status":"closed","sticky":false,"template":"","format":"standard","meta":[],"categories":[16],"tags":[],"_links":{"self":[{"href":"http:\/\/hoycordobaweb.com\/index.php\/wp-json\/wp\/v2\/posts\/97173"}],"collection":[{"href":"http:\/\/hoycordobaweb.com\/index.php\/wp-json\/wp\/v2\/posts"}],"about":[{"href":"http:\/\/hoycordobaweb.com\/index.php\/wp-json\/wp\/v2\/types\/post"}],"author":[{"embeddable":true,"href":"http:\/\/hoycordobaweb.com\/index.php\/wp-json\/wp\/v2\/users\/1"}],"replies":[{"embeddable":true,"href":"http:\/\/hoycordobaweb.com\/index.php\/wp-json\/wp\/v2\/comments?post=97173"}],"version-history":[{"count":0,"href":"http:\/\/hoycordobaweb.com\/index.php\/wp-json\/wp\/v2\/posts\/97173\/revisions"}],"wp:featuredmedia":[{"embeddable":true,"href":"http:\/\/hoycordobaweb.com\/index.php\/wp-json\/wp\/v2\/media\/97174"}],"wp:attachment":[{"href":"http:\/\/hoycordobaweb.com\/index.php\/wp-json\/wp\/v2\/media?parent=97173"}],"wp:term":[{"taxonomy":"category","embeddable":true,"href":"http:\/\/hoycordobaweb.com\/index.php\/wp-json\/wp\/v2\/categories?post=97173"},{"taxonomy":"post_tag","embeddable":true,"href":"http:\/\/hoycordobaweb.com\/index.php\/wp-json\/wp\/v2\/tags?post=97173"}],"curies":[{"name":"wp","href":"https:\/\/api.w.org\/{rel}","templated":true}]}}