{"id":97099,"date":"2025-02-15T14:00:29","date_gmt":"2025-02-15T14:00:29","guid":{"rendered":"https:\/\/www.trendencias.com\/zapatos-mujer\/gioseppo-nos-sorprende-su-nueva-coleccion-primavera-estas-bailarinas-rompedoras"},"modified":"2025-02-15T14:00:29","modified_gmt":"2025-02-15T14:00:29","slug":"gioseppo-nos-sorprende-en-su-nueva-coleccion-de-primavera-con-estas-bailarinas-tan-rompedoras","status":"publish","type":"post","link":"http:\/\/hoycordobaweb.com\/index.php\/2025\/02\/15\/gioseppo-nos-sorprende-en-su-nueva-coleccion-de-primavera-con-estas-bailarinas-tan-rompedoras\/","title":{"rendered":"Gioseppo nos sorprende en su nueva colecci\u00f3n de primavera con estas bailarinas tan rompedoras"},"content":{"rendered":"<p>Comienza la cuenta atr\u00e1s para la llegada de la primavera y el buen tiempo. Es cierto que todav\u00eda nos quedan d\u00edas de invierno y fr\u00edo, pero ya comenzamos a divisar momento de sol y temperaturas suaves. Un ejemplo lo tenemos en las tiendas, que nos conquistas con sus nuevas colecciones cargadas de colores llamativos, tonos rom\u00e1nticos y calzado de entretiempo.<\/p>\n<p><!-- BREAK 1 --> <\/p>\n<p><strong>Gioseppo<\/strong> ya ha estrenado su nueva colecci\u00f3n, cargada de zapatos ideales para cada momentos. Mi primer fichaje son unas bailarinas, perfectas para todas las detractoras del tac\u00f3n y os van a encantar.<\/p>\n<p><!-- BREAK 2 --><\/p>\n<div class=\"article-asset-image article-asset-normal article-asset-center\">\n<div class=\"asset-content\"> <img class=\"centro_sinmarco\" height=\"1200\" width=\"843\" loading=\"lazy\" decoding=\"async\" sizes=\"100vw\" fetchpriority=\"high\" srcset=\"http:\/\/hoycordobaweb.com\/wp-content\/uploads\/2025\/02\/gioseppo-nos-sorprende-en-su-nueva-coleccion-de-primavera-con-estas-bailarinas-tan-rompedoras.jpg 450w, http:\/\/hoycordobaweb.com\/wp-content\/uploads\/2025\/02\/gioseppo-nos-sorprende-en-su-nueva-coleccion-de-primavera-con-estas-bailarinas-tan-rompedoras-3.jpg 681w, http:\/\/hoycordobaweb.com\/wp-content\/uploads\/2025\/02\/gioseppo-nos-sorprende-en-su-nueva-coleccion-de-primavera-con-estas-bailarinas-tan-rompedoras-4.jpg 1024w, http:\/\/hoycordobaweb.com\/wp-content\/uploads\/2025\/02\/gioseppo-nos-sorprende-en-su-nueva-coleccion-de-primavera-con-estas-bailarinas-tan-rompedoras-5.jpg 1366w\" src=\"http:\/\/hoycordobaweb.com\/wp-content\/uploads\/2025\/02\/gioseppo-nos-sorprende-en-su-nueva-coleccion-de-primavera-con-estas-bailarinas-tan-rompedoras.jpg\" alt=\"bailarinas de Gioseppo\"> <noscript><img alt=\"bailarinas de Gioseppo\" class=\"centro_sinmarco\" src=\"http:\/\/hoycordobaweb.com\/wp-content\/uploads\/2025\/02\/gioseppo-nos-sorprende-en-su-nueva-coleccion-de-primavera-con-estas-bailarinas-tan-rompedoras.jpg\"><\/noscript> <\/div>\n<\/div>\n<p>Y no son unas bailarinas cualquiera porque este dise\u00f1o llama mucho la atenci\u00f3n, con un estilo muy particular, que se va a convertir en el preferido de las mujeres con m\u00e1s estilo, especialmente de las parisinas.<\/p>\n<p><!-- BREAK 3 --> <\/p>\n<p>Un modelo troquelado destalonado, cargado de tachuelas doradas, planta acolchada de piel para que resulten m\u00e1s c\u00f3modas y cierre ajustable en el tobillo. Est\u00e1 disponible en color crema y en negro, dos tonos cl\u00e1sicos f\u00e1ciles de combinar con todo nuestro armario de primavera porque quedan muy bien con falda y pantal\u00f3n.<\/p>\n<p><!-- BREAK 4 --><\/p>\n<div class=\"article-asset-image article-asset-normal article-asset-center\">\n<div class=\"asset-content\"> <img class=\"centro_sinmarco\" height=\"1200\" width=\"843\" loading=\"lazy\" decoding=\"async\" sizes=\"100vw\" fetchpriority=\"high\" srcset=\"http:\/\/hoycordobaweb.com\/wp-content\/uploads\/2025\/02\/gioseppo-nos-sorprende-en-su-nueva-coleccion-de-primavera-con-estas-bailarinas-tan-rompedoras-1.jpg 450w, http:\/\/hoycordobaweb.com\/wp-content\/uploads\/2025\/02\/gioseppo-nos-sorprende-en-su-nueva-coleccion-de-primavera-con-estas-bailarinas-tan-rompedoras-6.jpg 681w, http:\/\/hoycordobaweb.com\/wp-content\/uploads\/2025\/02\/gioseppo-nos-sorprende-en-su-nueva-coleccion-de-primavera-con-estas-bailarinas-tan-rompedoras-7.jpg 1024w, http:\/\/hoycordobaweb.com\/wp-content\/uploads\/2025\/02\/gioseppo-nos-sorprende-en-su-nueva-coleccion-de-primavera-con-estas-bailarinas-tan-rompedoras-8.jpg 1366w\" src=\"http:\/\/hoycordobaweb.com\/wp-content\/uploads\/2025\/02\/gioseppo-nos-sorprende-en-su-nueva-coleccion-de-primavera-con-estas-bailarinas-tan-rompedoras-1.jpg\" alt=\"bailarinas de Gioseppo\"> <noscript><img alt=\"bailarinas de Gioseppo\" class=\"centro_sinmarco\" src=\"http:\/\/hoycordobaweb.com\/wp-content\/uploads\/2025\/02\/gioseppo-nos-sorprende-en-su-nueva-coleccion-de-primavera-con-estas-bailarinas-tan-rompedoras-1.jpg\"><\/noscript> <\/div>\n<\/div>\n<p>Un dise\u00f1o <em>preppy<\/em> a la vez que rompedor y muy llamativo que viene dispuesto a arrasar, ideal para elevar un look sencillo y austero. Su precio es de <a rel=\"noopener, noreferrer\" href=\"https:\/\/gioseppo.com\/es-es\/mules-tachas-piel-calamus-p-off\">79,95 euros<\/a>, disponible desde el n\u00famero 36 hasta el 41.<\/p>\n<p><!-- BREAK 5 --><\/p>\n<p>Fotos | <a rel=\"noopener, noreferrer\" href=\"https:\/\/gioseppo.com\/es-es\/mules-tachas-piel-calamus-p-off\">Gioseppo<\/a>, <a rel=\"noopener, noreferrer\" href=\"https:\/\/www.zara.com\/es\/es\/vestido-plisado-cinturon-p04387021.html?v1=412353891\">Zara<\/a><\/p>\n<p>En Trendencias | <a class=\"text-outboundlink\" href=\"https:\/\/www.trendencias.com\/belleza\/estos-perfumes-mercadona-que-se-inspiran-firma-lujo-que-todo-mundo-habla\" data-vars-post-title=\"Estos son los perfumes de Mercadona que se inspiran en los de una firma de lujo (y de los que todo el mundo habla)\" data-vars-post-url=\"https:\/\/www.trendencias.com\/belleza\/estos-perfumes-mercadona-que-se-inspiran-firma-lujo-que-todo-mundo-habla\"><u>Estos son los perfumes de Mercadona que se inspiran en los de una firma de lujo (y de los que todo el mundo habla)<\/u><\/a><\/p>\n<p>En Trendencias | <a class=\"text-outboundlink\" href=\"https:\/\/www.trendencias.com\/propuestas-y-consejos\/gafas-graduadas-que-seran-tendencia-2023-modelos-retro-marcaran-pauta\" data-vars-post-title=\"Gafas graduadas que son tendencia en 2025: los modelos retro marcan la pauta\" data-vars-post-url=\"https:\/\/www.trendencias.com\/propuestas-y-consejos\/gafas-graduadas-que-seran-tendencia-2023-modelos-retro-marcaran-pauta\">Gafas graduadas que son tendencia en 2025: los modelos retro marcan la pauta<\/a>.<\/p>\n<p>En Trendencias | <a class=\"text-outboundlink\" href=\"https:\/\/www.trendencias.com\/belleza\/25-mejores-cremas-antiarrugas-recomendadas-su-precio\" data-vars-post-title=\"Las 29 mejores cremas antiarrugas recomendadas seg\u00fan su precio\" data-vars-post-url=\"https:\/\/www.trendencias.com\/belleza\/25-mejores-cremas-antiarrugas-recomendadas-su-precio\">Las 29 mejores cremas antiarrugas recomendadas seg\u00fan su precio<\/a>.<\/p>\n","protected":false},"excerpt":{"rendered":"<p>Comienza la cuenta atr\u00e1s para la llegada de la primavera y el buen tiempo. Es cierto que todav\u00eda nos quedan d\u00edas de invierno y fr\u00edo, pero ya comenzamos a divisar momento de sol y temperaturas suaves. Un ejemplo lo tenemos en las tiendas, que nos conquistas con sus nuevas colecciones cargadas de colores llamativos, tonos [&hellip;]<\/p>\n","protected":false},"author":1,"featured_media":97100,"comment_status":"closed","ping_status":"closed","sticky":false,"template":"","format":"standard","meta":[],"categories":[],"tags":[],"_links":{"self":[{"href":"http:\/\/hoycordobaweb.com\/index.php\/wp-json\/wp\/v2\/posts\/97099"}],"collection":[{"href":"http:\/\/hoycordobaweb.com\/index.php\/wp-json\/wp\/v2\/posts"}],"about":[{"href":"http:\/\/hoycordobaweb.com\/index.php\/wp-json\/wp\/v2\/types\/post"}],"author":[{"embeddable":true,"href":"http:\/\/hoycordobaweb.com\/index.php\/wp-json\/wp\/v2\/users\/1"}],"replies":[{"embeddable":true,"href":"http:\/\/hoycordobaweb.com\/index.php\/wp-json\/wp\/v2\/comments?post=97099"}],"version-history":[{"count":0,"href":"http:\/\/hoycordobaweb.com\/index.php\/wp-json\/wp\/v2\/posts\/97099\/revisions"}],"wp:featuredmedia":[{"embeddable":true,"href":"http:\/\/hoycordobaweb.com\/index.php\/wp-json\/wp\/v2\/media\/97100"}],"wp:attachment":[{"href":"http:\/\/hoycordobaweb.com\/index.php\/wp-json\/wp\/v2\/media?parent=97099"}],"wp:term":[{"taxonomy":"category","embeddable":true,"href":"http:\/\/hoycordobaweb.com\/index.php\/wp-json\/wp\/v2\/categories?post=97099"},{"taxonomy":"post_tag","embeddable":true,"href":"http:\/\/hoycordobaweb.com\/index.php\/wp-json\/wp\/v2\/tags?post=97099"}],"curies":[{"name":"wp","href":"https:\/\/api.w.org\/{rel}","templated":true}]}}